{"id":60120,"date":"2025-10-09T11:58:42","date_gmt":"2025-10-09T14:58:42","guid":{"rendered":"https:\/\/radiorevelacionfm.cl\/?p=60120"},"modified":"2025-10-09T11:58:42","modified_gmt":"2025-10-09T14:58:42","slug":"cambio-de-mando-prefecta-inspectora-katherin-rivillo-molina-asume-jefatura-de-la-pdi-aysen","status":"publish","type":"post","link":"https:\/\/radiorevelacionfm.cl\/?p=60120","title":{"rendered":"Cambio de mando: prefecta inspectora Katherin Rivillo Molina asume jefatura de la PDI Ays\u00e9n"},"content":{"rendered":"<div class=\"flex_column av_one_full  flex_column_div av-zero-column-padding first  avia-builder-el-0  el_before_av_one_full  avia-builder-el-first  \" style='border-radius:0px; '><div  class='avia-image-container  av-styling-    avia-builder-el-1  avia-builder-el-no-sibling  avia-align-center '  itemprop=\"image\" itemscope=\"itemscope\" itemtype=\"https:\/\/schema.org\/ImageObject\"  ><div class='avia-image-container-inner'><div class='avia-image-overlay-wrap'><img decoding=\"async\" class='wp-image-60126 avia-img-lazy-loading-not-60126 avia_image' src=\"https:\/\/radiorevelacionfm.cl\/wp-content\/uploads\/2025\/10\/img_4078-1_optimized.jpg\" alt='' title='img_4078-(1)_optimized' height=\"600\" width=\"1067\"  itemprop=\"thumbnailUrl\" srcset=\"https:\/\/radiorevelacionfm.cl\/wp-content\/uploads\/2025\/10\/img_4078-1_optimized.jpg 1067w, https:\/\/radiorevelacionfm.cl\/wp-content\/uploads\/2025\/10\/img_4078-1_optimized-300x169.jpg 300w, https:\/\/radiorevelacionfm.cl\/wp-content\/uploads\/2025\/10\/img_4078-1_optimized-1030x579.jpg 1030w, https:\/\/radiorevelacionfm.cl\/wp-content\/uploads\/2025\/10\/img_4078-1_optimized-768x432.jpg 768w, https:\/\/radiorevelacionfm.cl\/wp-content\/uploads\/2025\/10\/img_4078-1_optimized-705x396.jpg 705w, https:\/\/radiorevelacionfm.cl\/wp-content\/uploads\/2025\/10\/img_4078-1_optimized-450x253.jpg 450w, https:\/\/radiorevelacionfm.cl\/wp-content\/uploads\/2025\/10\/img_4078-1_optimized-600x337.jpg 600w\" sizes=\"(max-width: 1067px) 100vw, 1067px\" \/><\/div><\/div><\/div><\/div><div class=\"flex_column av_one_full  flex_column_div av-zero-column-padding first  avia-builder-el-2  el_after_av_one_full  el_before_av_one_full  column-top-margin\" style='border-radius:0px; '><section class=\"av_textblock_section \"  itemscope=\"itemscope\" itemtype=\"https:\/\/schema.org\/BlogPosting\" itemprop=\"blogPost\" ><div class='avia_textblock  '   itemprop=\"text\" ><p style=\"text-align: center;\"><strong><span style=\"font-size: 18pt;\">Cambio de mando: prefecta inspectora Katherin Rivillo Molina asume jefatura de la PDI Ays\u00e9n<\/span><\/strong><\/p>\n<div id=\"gtx-trans\" style=\"position: absolute; left: -50px; top: 4.31534px;\">\n<div class=\"gtx-trans-icon\"><\/div>\n<\/div>\n<\/div><\/section><\/div><\/p>\n<div class=\"flex_column av_one_full  flex_column_div av-zero-column-padding first  avia-builder-el-4  el_after_av_one_full  el_before_av_hr  column-top-margin\" style='border-radius:0px; '><section class=\"av_textblock_section \"  itemscope=\"itemscope\" itemtype=\"https:\/\/schema.org\/BlogPosting\" itemprop=\"blogPost\" ><div class='avia_textblock  '   itemprop=\"text\" ><p style=\"text-align: justify;\">Este mi\u00e9rcoles 8 de octubre, en el Complejo Policial Coyhaique, ante autoridades regionales, jefes de unidades y personal institucional, se llev\u00f3 a cabo la ceremonia de \u201cEntrega y Recepci\u00f3n de la Regi\u00f3n Policial de Ays\u00e9n\u201d, instancia donde asumi\u00f3 como jefa regional la prefecta inspectora Katherin Rivillo Molina, oficial general con m\u00e1s de 31 a\u00f1os de servicio en distintas \u00e1reas de competencia de la Polic\u00eda de Investigaciones de Chile, siendo la Jefatura Nacional de Bienestar y Calidad de Vida su anterior unidad a cargo.<\/p>\n<p style=\"text-align: justify;\">Sobre este nuevo desaf\u00edo en su carrera policial, la prefecta inspectora Rivillo se\u00f1al\u00f3 que \u201casumo con mucha humildad, con mucho compromiso y con todas las ganas de aportar a la Regi\u00f3n de Ays\u00e9n con un trabajo colaborativo y conjunto con todas las autoridades para entregar a la ciudadan\u00eda la tranquilidad y la seguridad que todos necesitamos\u201d.<\/p>\n<p style=\"text-align: justify;\">Sobre el trabajo investigativo, la oficial general resalt\u00f3 que \u201clos detectives estamos llamados a dar garant\u00edas de seguridad para el pa\u00eds y esa es nuestra tarea, nuestra misi\u00f3n. La ciudadan\u00eda tambi\u00e9n nos ha respondido con la confianza y con la valorizaci\u00f3n que tenemos y qu\u00e9 mejor que eso para continuar con nuestro trabajo\u201d.<\/p>\n<p style=\"text-align: justify;\">Por su parte, el prefecto inspector Javier Valenzuela Riquelme asumir\u00e1 un nuevo desaf\u00edo dentro de su vasta trayectoria profesional, tomando el liderazgo de la Jefatura Nacional de Gesti\u00f3n Estrat\u00e9gica. En el cambio de mando, el jefe policial manifest\u00f3 que \u201ctengo una serie de sentimientos encontrados, por una parte, la satisfacci\u00f3n del deber cumplido, porque creo que la gesti\u00f3n fue bastante eficiente y eficaz, cumplimos el objetivo que nos trazamos cuando llegamos a la regi\u00f3n hace casi un a\u00f1o, que fue mantener a la Regi\u00f3n de Ays\u00e9n libre de algunos fen\u00f3menos criminales emergentes en otras partes de Chile. Eso fue a merced de un trabajo en equipo de la PDI, de las autoridades de Gobierno, de Carabineros, del Ministerio P\u00fablico, de todos los organismos p\u00fablicos\u201d.<\/p>\n<p style=\"text-align: justify;\">Sobre su nueva destinaci\u00f3n, el prefecto inspector Valenzuela indic\u00f3 que \u201cme voy a un puesto con un nivel de importancia considerable y que, seguramente, me va a permitir trascender en algunas cosas a nivel nacional, en todos los aspectos de la instituci\u00f3n, as\u00ed que cr\u00e9anme que voy a tener siempre un ojo puesto en la Regi\u00f3n de Ays\u00e9n\u201d.<\/p>\n<p style=\"text-align: justify;\">El delegado presidencial Regional de Ays\u00e9n, Jorge D\u00edaz Guzm\u00e1n, resalt\u00f3 que \u201chemos vivido una ceremonia muy emotiva en la PDI, donde hemos despedido al prefecto inspector Javier Valenzuela, a quien agradecemos p\u00fablicamente su dedicaci\u00f3n durante el tiempo que estuvo al mando de la PDI Ays\u00e9n. Hicimos, creo, un gran trabajo, muy coordinado y, por lo tanto, lo vamos a echar de menos. Pero al mismo tiempo, tenemos muy buenas relaciones y muy buena informaci\u00f3n respecto de la nueva jefa regional, la prefecta inspectora Catherine Rivillo, quien se integra a este equipo de trabajo de la regi\u00f3n\u201d.<\/p>\n<p style=\"text-align: justify;\">Adem\u00e1s, la autoridad regional agreg\u00f3 que \u201cpara nosotros como gobierno, al igual que en todo el pa\u00eds, la seguridad es un activo que debemos defender en esta regi\u00f3n, sobre todo que tenemos los m\u00e1s bajos indicadores delictuales, pero la tarea es mantenerlos, bajarlos y proteger a nuestra ciudadan\u00eda y, por lo tanto, el trabajo que hacemos con la PDI Ays\u00e9n es fundamental\u201d.<\/p>\n<p style=\"text-align: justify;\">Asimismo, la seremi de Seguridad P\u00fablica, Ruth Vallejos Cuiti\u00f1o valor\u00f3 el trabajo desarrollado por el prefecto inspector Valenzuela, recalcando que \u201cen esta tarea de promover el orden p\u00fablico, de bajar la percepci\u00f3n de peligro sobre el delito y de combatirlo, don Javier ha sido una pieza importante, sus consejos, la forma en que enfrent\u00f3 su cometido en esta regi\u00f3n. En ese sentido agradecerle encarecidamente toda la ayuda que le prest\u00f3 a esta Serem\u00eda, y lo felicitamos, porque entiendo que este es un muy merecido ascenso\u201d.<\/p>\n<p style=\"text-align: justify;\">La seremi Vallejos dio la bienvenida a la prefecta inspectora Rivillo, puntualizando que \u201ceste trabajo contin\u00faa, estoy muy esperanzada y s\u00e9 que con do\u00f1a Kather\u00edn vamos a tener un muy buen trabajo, ya estamos en conversaciones para establecer qu\u00e9 delitos nos preocupan, c\u00f3mo podemos enfrentar la sensaci\u00f3n de seguridad de la gente, c\u00f3mo podemos destacar los triunfos que ha tenido y va a seguir teniendo la Polic\u00eda de Investigaciones. En ese sentido, mi bienvenida y mi confianza de que vamos a desarrollar un muy buen trabajo\u201d.<\/p>\n<p style=\"text-align: justify;\">Finalmente, en representaci\u00f3n de la Municipalidad de Coyhaique, el concejal Ricardo Cant\u00edn Beyer valor\u00f3 el trabajo realizado por Valenzuela y dese\u00f3 el mayor de los \u00e9xitos a la gesti\u00f3n de la nueva regional de la PDI Ays\u00e9n, resaltando que siempre estar\u00e1n a disposici\u00f3n de la Polic\u00eda de Investigaciones de Chile.<\/p>\n<\/div><\/section><\/div>\n<div  style='height:50px' class='hr hr-invisible   avia-builder-el-6  el_after_av_one_full  el_before_av_social_share '><span class='hr-inner ' ><span class='hr-inner-style'><\/span><\/span><\/div>\n<div  class='av-social-sharing-box  avia-builder-el-7  el_after_av_hr  el_before_av_hr  '><div class='av-share-box'><h5 class='av-share-link-description av-no-toc '>Compartir esta noticia<\/h5><ul class='av-share-box-list noLightbox'><li class='av-share-link av-social-link-facebook' ><a target=\"_blank\" aria-label=\"Compartir en Facebook\" href='https:\/\/www.facebook.com\/sharer.php?u=https:\/\/radiorevelacionfm.cl\/?p=60120&#038;t=Cambio%20de%20mando%3A%20prefecta%20inspectora%20Katherin%20Rivillo%20Molina%20asume%20jefatura%20de%20la%20PDI%20Ays%C3%A9n' aria-hidden='false' data-av_icon='\ue8f3' data-av_iconfont='entypo-fontello' title='' data-avia-related-tooltip='Compartir en Facebook' rel=\"noopener\"><span class='avia_hidden_link_text'>Compartir en Facebook<\/span><\/a><\/li><li class='av-share-link av-social-link-twitter' ><a target=\"_blank\" aria-label=\"Compartir en Twitter\" href='https:\/\/twitter.com\/share?text=Cambio%20de%20mando%3A%20prefecta%20inspectora%20Katherin%20Rivillo%20Molina%20asume%20jefatura%20de%20la%20PDI%20Ays%C3%A9n&#038;url=https:\/\/radiorevelacionfm.cl\/?p=60120' aria-hidden='false' data-av_icon='\ue8f1' data-av_iconfont='entypo-fontello' title='' data-avia-related-tooltip='Compartir en Twitter' rel=\"noopener\"><span class='avia_hidden_link_text'>Compartir en Twitter<\/span><\/a><\/li><li class='av-share-link av-social-link-whatsapp' ><a target=\"_blank\" aria-label=\"Compartir en Whatsapp\" href='https:\/\/api.whatsapp.com\/send?text=https:\/\/radiorevelacionfm.cl\/?p=60120' aria-hidden='false' data-av_icon='\uf232' data-av_iconfont='entypo-fontello' title='' data-avia-related-tooltip='Compartir en Whatsapp' rel=\"noopener\"><span class='avia_hidden_link_text'>Compartir en Whatsapp<\/span><\/a><\/li><li class='av-share-link av-social-link-linkedin' ><a target=\"_blank\" aria-label=\"Compartir en LinkedIn\" href='https:\/\/linkedin.com\/shareArticle?mini=true&#038;title=Cambio%20de%20mando%3A%20prefecta%20inspectora%20Katherin%20Rivillo%20Molina%20asume%20jefatura%20de%20la%20PDI%20Ays%C3%A9n&#038;url=https:\/\/radiorevelacionfm.cl\/?p=60120' aria-hidden='false' data-av_icon='\ue8fc' data-av_iconfont='entypo-fontello' title='' data-avia-related-tooltip='Compartir en LinkedIn' rel=\"noopener\"><span class='avia_hidden_link_text'>Compartir en LinkedIn<\/span><\/a><\/li><li class='av-share-link av-social-link-mail' ><a  aria-label=\"Compartir por correo\" href='mailto:?subject=Cambio%20de%20mando%3A%20prefecta%20inspectora%20Katherin%20Rivillo%20Molina%20asume%20jefatura%20de%20la%20PDI%20Ays%C3%A9n&#038;body=https:\/\/radiorevelacionfm.cl\/?p=60120' aria-hidden='false' data-av_icon='\ue805' data-av_iconfont='entypo-fontello' title='' data-avia-related-tooltip='Compartir por correo'><span class='avia_hidden_link_text'>Compartir por correo<\/span><\/a><\/li><\/ul><\/div><\/div>\n<div  style='height:50px' class='hr hr-invisible   avia-builder-el-8  el_after_av_social_share  el_before_av_comments_list '><span class='hr-inner ' ><span class='hr-inner-style'><\/span><\/span><\/div>\n<div  class='av-buildercomment  av-blog-meta-html-info-disabled av-blog-meta-tag-disabled  '><\/div>\n","protected":false},"excerpt":{"rendered":"","protected":false},"author":1,"featured_media":60126,"comment_status":"closed","ping_status":"closed","sticky":false,"template":"","format":"standard","meta":{"footnotes":""},"categories":[36],"tags":[],"class_list":["post-60120","post","type-post","status-publish","format-standard","has-post-thumbnail","hentry","category-policial"],"jetpack_featured_media_url":"https:\/\/radiorevelacionfm.cl\/wp-content\/uploads\/2025\/10\/img_4078-1_optimized.jpg","_links":{"self":[{"href":"https:\/\/radiorevelacionfm.cl\/index.php?rest_route=\/wp\/v2\/posts\/60120","targetHints":{"allow":["GET"]}}],"collection":[{"href":"https:\/\/radiorevelacionfm.cl\/index.php?rest_route=\/wp\/v2\/posts"}],"about":[{"href":"https:\/\/radiorevelacionfm.cl\/index.php?rest_route=\/wp\/v2\/types\/post"}],"author":[{"embeddable":true,"href":"https:\/\/radiorevelacionfm.cl\/index.php?rest_route=\/wp\/v2\/users\/1"}],"replies":[{"embeddable":true,"href":"https:\/\/radiorevelacionfm.cl\/index.php?rest_route=%2Fwp%2Fv2%2Fcomments&post=60120"}],"version-history":[{"count":3,"href":"https:\/\/radiorevelacionfm.cl\/index.php?rest_route=\/wp\/v2\/posts\/60120\/revisions"}],"predecessor-version":[{"id":60136,"href":"https:\/\/radiorevelacionfm.cl\/index.php?rest_route=\/wp\/v2\/posts\/60120\/revisions\/60136"}],"wp:featuredmedia":[{"embeddable":true,"href":"https:\/\/radiorevelacionfm.cl\/index.php?rest_route=\/wp\/v2\/media\/60126"}],"wp:attachment":[{"href":"https:\/\/radiorevelacionfm.cl\/index.php?rest_route=%2Fwp%2Fv2%2Fmedia&parent=60120"}],"wp:term":[{"taxonomy":"category","embeddable":true,"href":"https:\/\/radiorevelacionfm.cl\/index.php?rest_route=%2Fwp%2Fv2%2Fcategories&post=60120"},{"taxonomy":"post_tag","embeddable":true,"href":"https:\/\/radiorevelacionfm.cl\/index.php?rest_route=%2Fwp%2Fv2%2Ftags&post=60120"}],"curies":[{"name":"wp","href":"https:\/\/api.w.org\/{rel}","templated":true}]}}