{"id":6012,"date":"2021-07-06T21:27:25","date_gmt":"2021-07-07T00:27:25","guid":{"rendered":"https:\/\/radiorevelacionfm.cl\/?p=6012"},"modified":"2021-07-06T21:27:25","modified_gmt":"2021-07-07T00:27:25","slug":"detienen-y-formalizan-a-sujeto-por-lesiones-graves-cometidas-contra-joven-de-21-anos-durante-el-pasado-fin-de-semana","status":"publish","type":"post","link":"https:\/\/radiorevelacionfm.cl\/?p=6012","title":{"rendered":"Detienen y formalizan a sujeto por lesiones graves cometidas contra joven de 21 a\u00f1os durante el pasado fin de semana"},"content":{"rendered":"<div class=\"flex_column av_one_full  flex_column_div av-zero-column-padding first  avia-builder-el-0  el_before_av_one_full  avia-builder-el-first  \" style='border-radius:0px; '><div  class='avia-image-container  av-styling-    avia-builder-el-1  avia-builder-el-no-sibling  avia-align-center '  itemprop=\"image\" itemscope=\"itemscope\" itemtype=\"https:\/\/schema.org\/ImageObject\"  ><div class='avia-image-container-inner'><div class='avia-image-overlay-wrap'><img decoding=\"async\" class='wp-image-2523 avia-img-lazy-loading-not-2523 avia_image' src=\"https:\/\/radiorevelacionfm.cl\/wp-content\/uploads\/2021\/02\/PDI_20180317175640-1.jpg\" alt='' title='PDI_20180317175640 (1)' height=\"620\" width=\"820\"  itemprop=\"thumbnailUrl\" srcset=\"https:\/\/radiorevelacionfm.cl\/wp-content\/uploads\/2021\/02\/PDI_20180317175640-1.jpg 820w, https:\/\/radiorevelacionfm.cl\/wp-content\/uploads\/2021\/02\/PDI_20180317175640-1-300x227.jpg 300w, https:\/\/radiorevelacionfm.cl\/wp-content\/uploads\/2021\/02\/PDI_20180317175640-1-768x581.jpg 768w, https:\/\/radiorevelacionfm.cl\/wp-content\/uploads\/2021\/02\/PDI_20180317175640-1-705x533.jpg 705w, https:\/\/radiorevelacionfm.cl\/wp-content\/uploads\/2021\/02\/PDI_20180317175640-1-600x454.jpg 600w\" sizes=\"(max-width: 820px) 100vw, 820px\" \/><\/div><\/div><\/div><\/div><div class=\"flex_column av_one_full  flex_column_div av-zero-column-padding first  avia-builder-el-2  el_after_av_one_full  el_before_av_one_full  column-top-margin\" style='border-radius:0px; '><section class=\"av_textblock_section \"  itemscope=\"itemscope\" itemtype=\"https:\/\/schema.org\/BlogPosting\" itemprop=\"blogPost\" ><div class='avia_textblock  '   itemprop=\"text\" ><p style=\"text-align: center;\"><strong><span style=\"font-size: 18pt;\">Detienen y formalizan a sujeto por lesiones graves cometidas contra joven de 21 a\u00f1os durante el pasado fin de semana<\/span><\/strong><\/p>\n<div id=\"gtx-trans\" style=\"position: absolute; left: -50px; top: 4.31534px;\">\n<div class=\"gtx-trans-icon\"><\/div>\n<\/div>\n<\/div><\/section><\/div><div class=\"flex_column av_one_full  flex_column_div av-zero-column-padding first  avia-builder-el-4  el_after_av_one_full  el_before_av_hr  column-top-margin\" style='border-radius:0px; '><section class=\"av_textblock_section \"  itemscope=\"itemscope\" itemtype=\"https:\/\/schema.org\/BlogPosting\" itemprop=\"blogPost\" ><div class='avia_textblock  '   itemprop=\"text\" ><p style=\"text-align: justify;\">Durante la ma\u00f1ana de este martes 6 de julio y tras una orden de detenci\u00f3n solicitada por la Fiscal\u00eda Local de Coyhaique al Juzgado de Garant\u00eda, detectives de la Brigada de Homicidios Coyhaique detuvieron a un sujeto de 25 a\u00f1os por su responsabilidad en el delito de lesiones graves con arma cortante en contra de un hombre de 21 a\u00f1os. Los hechos ocurrieron durante la madrugada del s\u00e1bado 3 de julio en la v\u00eda p\u00fablica, espec\u00edficamente en la poblaci\u00f3n Ampliaci\u00f3n Pablo Neruda de la capital regional.<\/p>\n<p style=\"text-align: justify;\">Al respecto, el subcomisario Danilo Sep\u00falveda, subjefe de la Brigada de Homicidios Coyhaique, se\u00f1al\u00f3 que el d\u00eda s\u00e1bado 3 de julio, a solicitud del fiscal de turno de la Fiscal\u00eda Local de Coyhaique, a ra\u00edz del ingreso de un paciente de 21 a\u00f1os de edad con m\u00faltiples heridas tor\u00e1cicas y en una de sus extremidades inferiores, \u201cse solicit\u00f3 la concurrencia de un equipo de la Brigada de Homicidios al citado centro asistencial, en donde se estableci\u00f3 que esta persona hab\u00eda sido v\u00edctima de una agresi\u00f3n por terceros con un arma blanca\u201d.<\/p>\n<p style=\"text-align: justify;\">El caso fue informado al fiscal de turno, Patricio Jory Echeverr\u00eda, quien solicit\u00f3 las primeras diligencias y la orden de detenci\u00f3n del imputado. Ahora la investigaci\u00f3n ser\u00e1 dirigida por el fiscal jefe de Coyhaique, Jos\u00e9 Moris Ferrando, quien solicit\u00f3 al Tribunal un plazo de 90 d\u00edas para concluir con las diligencias investigativas.<\/p>\n<p style=\"text-align: justify;\"><strong>AN\u00c1LISIS CRIMINAL <\/strong><\/p>\n<p style=\"text-align: justify;\">En virtud a los antecedentes recabados, \u201cse constituy\u00f3 la Brigada de Homicidios en la poblaci\u00f3n Ampliaci\u00f3n Pablo Neruda, lugar donde mediante un empadronamiento realizado en el sector se pudo establecer el sitio de suceso para efectuar el trabajo criminal\u00edstico policial\u201d, detall\u00f3 el subcomisario Sep\u00falveda, agregando que, por medio de diversas diligencias y empadronamientos efectuados por el personal especializado de la PDI, \u201cse pudo determinar la participaci\u00f3n de una persona de sexo masculino, mayor de edad, en las lesiones de la v\u00edctima que ingres\u00f3 al Hospital Regional de Coyhaique\u201d.<\/p>\n<p style=\"text-align: justify;\">Gracias al trabajo de an\u00e1lisis criminal, empadronamiento de testigos, registros visuales y reconocimiento fotogr\u00e1fico, \u201cse pudo posicionar al imputado en el sitio de suceso y a la v\u00edctima en una pelea en la v\u00eda p\u00fablica, donde la v\u00edctima result\u00f3 con las lesiones antes se\u00f1aladas\u201d, puntualiz\u00f3 el subjefe de la unidad especializada.<\/p>\n<p style=\"text-align: justify;\">Cabe destacar que, gracias a las diligencias efectuadas por la Brigada de Homicidios Coyhaique, \u201cfue posible encontrar el arma utilizada y entregar los antecedentes que permitieron la obtenci\u00f3n de una orden de detenci\u00f3n en contra del \u00fanico imputado en este hecho, la cual se concret\u00f3 el d\u00eda de hoy en horas de la ma\u00f1ana en su domicilio, siendo puesto a disposici\u00f3n del Juzgado de Garant\u00eda\u201d, finaliz\u00f3 el subcomisario Danilo Sep\u00falveda.<\/p>\n<p style=\"text-align: justify;\"><strong>MEDIDAS CAUTELARES <\/strong><\/p>\n<p style=\"text-align: justify;\">El sujeto fue puesto a disposici\u00f3n del Juzgado de Garant\u00eda de Coyhaique para su control de detenci\u00f3n y formalizaci\u00f3n por parte de la Fiscal\u00eda Local de Coyhaique.<\/p>\n<p style=\"text-align: justify;\">En la instancia, el fiscal jefe Jos\u00e9 Moris Ferrando, expuso los principales antecedentes del caso al juez Mario Devaud Ojeda, quien accedi\u00f3 a la solicitud de arresto domiciliario nocturno y prohibici\u00f3n de acercarse a la v\u00edctima, medidas cautelares que ser\u00e1n verificadas por Carabineros de la Primera Comisar\u00eda.<\/p>\n<\/div><\/section><\/div><div  style='height:50px' class='hr hr-invisible   avia-builder-el-6  el_after_av_one_full  el_before_av_social_share '><span class='hr-inner ' ><span class='hr-inner-style'><\/span><\/span><\/div><\/p>\n<div  class='av-social-sharing-box  avia-builder-el-7  el_after_av_hr  el_before_av_hr  '><div class='av-share-box'><h5 class='av-share-link-description av-no-toc '>Compartir esta noticia<\/h5><ul class='av-share-box-list noLightbox'><li class='av-share-link av-social-link-facebook' ><a target=\"_blank\" aria-label=\"Compartir en Facebook\" href='https:\/\/www.facebook.com\/sharer.php?u=https:\/\/radiorevelacionfm.cl\/?p=6012&#038;t=Detienen%20y%20formalizan%20a%20sujeto%20por%20lesiones%20graves%20cometidas%20contra%20joven%20de%2021%20a%C3%B1os%20durante%20el%20pasado%20fin%20de%20semana' aria-hidden='false' data-av_icon='\ue8f3' data-av_iconfont='entypo-fontello' title='' data-avia-related-tooltip='Compartir en Facebook' rel=\"noopener\"><span class='avia_hidden_link_text'>Compartir en Facebook<\/span><\/a><\/li><li class='av-share-link av-social-link-twitter' ><a target=\"_blank\" aria-label=\"Compartir en Twitter\" href='https:\/\/twitter.com\/share?text=Detienen%20y%20formalizan%20a%20sujeto%20por%20lesiones%20graves%20cometidas%20contra%20joven%20de%2021%20a%C3%B1os%20durante%20el%20pasado%20fin%20de%20semana&#038;url=https:\/\/radiorevelacionfm.cl\/?p=6012' aria-hidden='false' data-av_icon='\ue8f1' data-av_iconfont='entypo-fontello' title='' data-avia-related-tooltip='Compartir en Twitter' rel=\"noopener\"><span class='avia_hidden_link_text'>Compartir en Twitter<\/span><\/a><\/li><li class='av-share-link av-social-link-whatsapp' ><a target=\"_blank\" aria-label=\"Compartir en Whatsapp\" href='https:\/\/api.whatsapp.com\/send?text=https:\/\/radiorevelacionfm.cl\/?p=6012' aria-hidden='false' data-av_icon='\uf232' data-av_iconfont='entypo-fontello' title='' data-avia-related-tooltip='Compartir en Whatsapp' rel=\"noopener\"><span class='avia_hidden_link_text'>Compartir en Whatsapp<\/span><\/a><\/li><li class='av-share-link av-social-link-linkedin' ><a target=\"_blank\" aria-label=\"Compartir en LinkedIn\" href='https:\/\/linkedin.com\/shareArticle?mini=true&#038;title=Detienen%20y%20formalizan%20a%20sujeto%20por%20lesiones%20graves%20cometidas%20contra%20joven%20de%2021%20a%C3%B1os%20durante%20el%20pasado%20fin%20de%20semana&#038;url=https:\/\/radiorevelacionfm.cl\/?p=6012' aria-hidden='false' data-av_icon='\ue8fc' data-av_iconfont='entypo-fontello' title='' data-avia-related-tooltip='Compartir en LinkedIn' rel=\"noopener\"><span class='avia_hidden_link_text'>Compartir en LinkedIn<\/span><\/a><\/li><li class='av-share-link av-social-link-mail' ><a  aria-label=\"Compartir por correo\" href='mailto:?subject=Detienen%20y%20formalizan%20a%20sujeto%20por%20lesiones%20graves%20cometidas%20contra%20joven%20de%2021%20a%C3%B1os%20durante%20el%20pasado%20fin%20de%20semana&#038;body=https:\/\/radiorevelacionfm.cl\/?p=6012' aria-hidden='false' data-av_icon='\ue805' data-av_iconfont='entypo-fontello' title='' data-avia-related-tooltip='Compartir por correo'><span class='avia_hidden_link_text'>Compartir por correo<\/span><\/a><\/li><\/ul><\/div><\/div>\n<div  style='height:50px' class='hr hr-invisible   avia-builder-el-8  el_after_av_social_share  el_before_av_comments_list '><span class='hr-inner ' ><span class='hr-inner-style'><\/span><\/span><\/div>\n<div  class='av-buildercomment  av-blog-meta-html-info-disabled av-blog-meta-tag-disabled  '><\/div>\n","protected":false},"excerpt":{"rendered":"","protected":false},"author":1,"featured_media":2523,"comment_status":"open","ping_status":"open","sticky":false,"template":"","format":"standard","meta":{"footnotes":""},"categories":[36],"tags":[],"class_list":["post-6012","post","type-post","status-publish","format-standard","has-post-thumbnail","hentry","category-policial"],"jetpack_featured_media_url":"https:\/\/radiorevelacionfm.cl\/wp-content\/uploads\/2021\/02\/PDI_20180317175640-1.jpg","_links":{"self":[{"href":"https:\/\/radiorevelacionfm.cl\/index.php?rest_route=\/wp\/v2\/posts\/6012","targetHints":{"allow":["GET"]}}],"collection":[{"href":"https:\/\/radiorevelacionfm.cl\/index.php?rest_route=\/wp\/v2\/posts"}],"about":[{"href":"https:\/\/radiorevelacionfm.cl\/index.php?rest_route=\/wp\/v2\/types\/post"}],"author":[{"embeddable":true,"href":"https:\/\/radiorevelacionfm.cl\/index.php?rest_route=\/wp\/v2\/users\/1"}],"replies":[{"embeddable":true,"href":"https:\/\/radiorevelacionfm.cl\/index.php?rest_route=%2Fwp%2Fv2%2Fcomments&post=6012"}],"version-history":[{"count":1,"href":"https:\/\/radiorevelacionfm.cl\/index.php?rest_route=\/wp\/v2\/posts\/6012\/revisions"}],"predecessor-version":[{"id":6013,"href":"https:\/\/radiorevelacionfm.cl\/index.php?rest_route=\/wp\/v2\/posts\/6012\/revisions\/6013"}],"wp:featuredmedia":[{"embeddable":true,"href":"https:\/\/radiorevelacionfm.cl\/index.php?rest_route=\/wp\/v2\/media\/2523"}],"wp:attachment":[{"href":"https:\/\/radiorevelacionfm.cl\/index.php?rest_route=%2Fwp%2Fv2%2Fmedia&parent=6012"}],"wp:term":[{"taxonomy":"category","embeddable":true,"href":"https:\/\/radiorevelacionfm.cl\/index.php?rest_route=%2Fwp%2Fv2%2Fcategories&post=6012"},{"taxonomy":"post_tag","embeddable":true,"href":"https:\/\/radiorevelacionfm.cl\/index.php?rest_route=%2Fwp%2Fv2%2Ftags&post=6012"}],"curies":[{"name":"wp","href":"https:\/\/api.w.org\/{rel}","templated":true}]}}