{"id":60116,"date":"2025-10-09T10:59:53","date_gmt":"2025-10-09T13:59:53","guid":{"rendered":"https:\/\/radiorevelacionfm.cl\/?p=60116"},"modified":"2025-10-09T10:59:53","modified_gmt":"2025-10-09T13:59:53","slug":"sence-aysen-invita-a-la-feria-laboral-hayvacantes-en-puerto-aysen","status":"publish","type":"post","link":"https:\/\/radiorevelacionfm.cl\/?p=60116","title":{"rendered":"Sence Ays\u00e9n invita a la feria laboral #HayVacantes en Puerto Ays\u00e9n"},"content":{"rendered":"<div class=\"flex_column av_one_full  flex_column_div av-zero-column-padding first  avia-builder-el-0  el_before_av_one_full  avia-builder-el-first  \" style='border-radius:0px; '><div  class='avia-image-container  av-styling-    avia-builder-el-1  avia-builder-el-no-sibling  avia-align-center '  itemprop=\"image\" itemscope=\"itemscope\" itemtype=\"https:\/\/schema.org\/ImageObject\"  ><div class='avia-image-container-inner'><div class='avia-image-overlay-wrap'><img decoding=\"async\" class='wp-image-60117 avia-img-lazy-loading-not-60117 avia_image' src=\"https:\/\/radiorevelacionfm.cl\/wp-content\/uploads\/2025\/10\/Feria-de-empleo-1-1.jpg\" alt='' title='Feria de empleo (1) (1)' height=\"600\" width=\"899\"  itemprop=\"thumbnailUrl\" srcset=\"https:\/\/radiorevelacionfm.cl\/wp-content\/uploads\/2025\/10\/Feria-de-empleo-1-1.jpg 899w, https:\/\/radiorevelacionfm.cl\/wp-content\/uploads\/2025\/10\/Feria-de-empleo-1-1-300x200.jpg 300w, https:\/\/radiorevelacionfm.cl\/wp-content\/uploads\/2025\/10\/Feria-de-empleo-1-1-768x513.jpg 768w, https:\/\/radiorevelacionfm.cl\/wp-content\/uploads\/2025\/10\/Feria-de-empleo-1-1-705x471.jpg 705w, https:\/\/radiorevelacionfm.cl\/wp-content\/uploads\/2025\/10\/Feria-de-empleo-1-1-450x300.jpg 450w, https:\/\/radiorevelacionfm.cl\/wp-content\/uploads\/2025\/10\/Feria-de-empleo-1-1-600x400.jpg 600w\" sizes=\"(max-width: 899px) 100vw, 899px\" \/><\/div><\/div><\/div><\/div><div class=\"flex_column av_one_full  flex_column_div av-zero-column-padding first  avia-builder-el-2  el_after_av_one_full  el_before_av_one_full  column-top-margin\" style='border-radius:0px; '><section class=\"av_textblock_section \"  itemscope=\"itemscope\" itemtype=\"https:\/\/schema.org\/BlogPosting\" itemprop=\"blogPost\" ><div class='avia_textblock  '   itemprop=\"text\" ><p style=\"text-align: center;\"><strong><span style=\"font-size: 18pt;\">Sence Ays\u00e9n invita a la feria laboral #HayVacantes en Puerto Ays\u00e9n<\/span><\/strong><\/p>\n<div id=\"gtx-trans\" style=\"position: absolute; left: -50px; top: 4.31534px;\">\n<div class=\"gtx-trans-icon\"><\/div>\n<\/div>\n<\/div><\/section><\/div><div class=\"flex_column av_one_full  flex_column_div av-zero-column-padding first  avia-builder-el-4  el_after_av_one_full  el_before_av_hr  column-top-margin\" style='border-radius:0px; '><section class=\"av_textblock_section \"  itemscope=\"itemscope\" itemtype=\"https:\/\/schema.org\/BlogPosting\" itemprop=\"blogPost\" ><div class='avia_textblock  '   itemprop=\"text\" ><p style=\"text-align: justify;\"><i>La actividad se desarrollar\u00e1 en formato presencial el martes 14 octubre, entre las 10:00 y 17:00 hrs., en el Gimnasio del IND ubicado en calle Bernardo O\u2019Higgins 433, frente a la Plaza de Armas de la ciudad.<\/i><\/p>\n<p style=\"text-align: justify;\">En esta nueva Feria Laboral #HayVacantes del SENCE, 15 empresas de distintos rubros ofrecer\u00e1n m\u00e1s de 100 puestos de trabajo, acercando oportunidades reales de empleo a las y los habitantes de Puerto Ays\u00e9n y de las localidades cercanas. Durante la actividad cada visitante podr\u00e1 postular directamente a todos los puestos de trabajo que sean de su inter\u00e9s y participar en los distintos procesos de selecci\u00f3n.<\/p>\n<p style=\"text-align: justify;\">As\u00ed lo destac\u00f3 el Seremi del Trabajo y Previsi\u00f3n Social (s) de Ays\u00e9n, Rodrigo D\u00edaz Cordaro, quien invit\u00f3 a participar en esta feria\u00a0\u201cComo Seremi del Trabajo y Previsi\u00f3n Social subrogante de la regi\u00f3n, los quiero invitar a la feria laboral que est\u00e1 organizando el Servicio Nacional de Capacitaci\u00f3n y Empleo en Puerto Ays\u00e9n, el 14 de octubre en el gimnasio del IND, tenemos una oferta importante de trabajo disponible para la provincia. Esto es parte del compromiso del Gobierno del Presidente Boric, de que podamos mejorar la calidad del empleo, y tambi\u00e9n destacar el impulso del sector privado, donde han aumentado los empleos en ese sector en la regi\u00f3n. As\u00ed que eso tambi\u00e9n es una muy buena noticia, as\u00ed que nosotros esperamos tener muy buena asistencia en esta actividad. Hay que destacar, que estas ferias han dado gran resultado en los a\u00f1os anteriores.\u201d\u00a0puntualiz\u00f3.<\/p>\n<p style=\"text-align: justify;\">En la Feria laboral #HayVacantes adem\u00e1s de empresas que ofrecer\u00e1n sus respectivos puestos de trabajo, adem\u00e1s se contar\u00e1 con servicios p\u00fablicos como SERCOTEC, Registro Civil, migraciones, entre otros, para poder apoyar a los asistentes en los diversos tr\u00e1mites.<\/p>\n<p style=\"text-align: justify;\">Nelson Garrido Morales, Director Regional del Servicio Nacional de Capacitaci\u00f3n y Empleo \u2013 SENCE de la regi\u00f3n de Ays\u00e9n, manifest\u00f3 que est\u00e1 en una iniciativa que se est\u00e1 realizando a nivel nacional al que justamente est\u00e1 buscando generar contribuir a la creaci\u00f3n y formalizaci\u00f3n del empleo en el pa\u00eds y en la respectivas regiones \u201cLos invito a todas y todos a la feria laboral de pesca, empleo y emprendimiento, en el gimnasio IND, que est\u00e1 en la plaza de Puerto Ays\u00e9n, desde las 10:00 de la ma\u00f1ana hasta las 17:00 de la tarde. No solo es para Puerto Ays\u00e9n, coyhaiquinos, Ma\u00f1ihuales y digamos todos los sectores que est\u00e1n aleda\u00f1os se pueden acercar y poder participar de esta feria. Recuerden los inscribiremos en la Bolsa Nacional de Empleo, lo cual tambi\u00e9n les permitir\u00e1 ver otras alternativas y opciones de trabajo en la regi\u00f3n. No s\u00f3lo estar\u00e1n empresas, sino que tambi\u00e9n estar\u00e1n servicios como SERCOTEC, para los emprendedores, estar\u00e1n los distintos servicios de la cartera del trabajo para poder apoyarlos en otras consultas y necesidades que puedan tener, y nosotros podamos darle soluci\u00f3n en esta gran feria.\u201d\u00a0detall\u00f3.<\/p>\n<p style=\"text-align: justify;\">Para participar en la feria, los y las interesados deber\u00e1n preinscribirse (de manera gratuita) en la Bolsa Nacional de Empleo,\u00a0<a href=\"http:\/\/www.bne.cl\/\" target=\"_blank\" rel=\"noopener\" data-saferedirecturl=\"https:\/\/www.google.com\/url?q=http:\/\/www.bne.cl&amp;source=gmail&amp;ust=1760041258417000&amp;usg=AOvVaw3XEoKG4D-2xgn6Rl0bF43h\">www.bne.cl<\/a>. Hacerlo facilitar\u00e1 su ingreso a la feria y le permitir\u00e1 participar en todos los procesos de selecci\u00f3n que le interesen.<\/p>\n<p style=\"text-align: justify;\">Al inscribirse, el sistema entregar\u00e1 un c\u00f3digo QR, que deber\u00e1 presentar al ingresar a la feria y en los stands de las empresas que ofrecen los cupos laborales. Un equipo de apoyo asistir\u00e1 a quienes necesiten registrarse o digitalizar su curr\u00edculum en el momento.<\/p>\n<\/div><\/section><\/div><div  style='height:50px' class='hr hr-invisible   avia-builder-el-6  el_after_av_one_full  el_before_av_social_share '><span class='hr-inner ' ><span class='hr-inner-style'><\/span><\/span><\/div><\/p>\n<div  class='av-social-sharing-box  avia-builder-el-7  el_after_av_hr  el_before_av_hr  '><div class='av-share-box'><h5 class='av-share-link-description av-no-toc '>Compartir esta noticia<\/h5><ul class='av-share-box-list noLightbox'><li class='av-share-link av-social-link-facebook' ><a target=\"_blank\" aria-label=\"Compartir en Facebook\" href='https:\/\/www.facebook.com\/sharer.php?u=https:\/\/radiorevelacionfm.cl\/?p=60116&#038;t=Sence%20Ays%C3%A9n%20invita%20a%20la%20feria%20laboral%20%23HayVacantes%20en%20Puerto%20Ays%C3%A9n' aria-hidden='false' data-av_icon='\ue8f3' data-av_iconfont='entypo-fontello' title='' data-avia-related-tooltip='Compartir en Facebook' rel=\"noopener\"><span class='avia_hidden_link_text'>Compartir en Facebook<\/span><\/a><\/li><li class='av-share-link av-social-link-twitter' ><a target=\"_blank\" aria-label=\"Compartir en Twitter\" href='https:\/\/twitter.com\/share?text=Sence%20Ays%C3%A9n%20invita%20a%20la%20feria%20laboral%20%23HayVacantes%20en%20Puerto%20Ays%C3%A9n&#038;url=https:\/\/radiorevelacionfm.cl\/?p=60116' aria-hidden='false' data-av_icon='\ue8f1' data-av_iconfont='entypo-fontello' title='' data-avia-related-tooltip='Compartir en Twitter' rel=\"noopener\"><span class='avia_hidden_link_text'>Compartir en Twitter<\/span><\/a><\/li><li class='av-share-link av-social-link-whatsapp' ><a target=\"_blank\" aria-label=\"Compartir en Whatsapp\" href='https:\/\/api.whatsapp.com\/send?text=https:\/\/radiorevelacionfm.cl\/?p=60116' aria-hidden='false' data-av_icon='\uf232' data-av_iconfont='entypo-fontello' title='' data-avia-related-tooltip='Compartir en Whatsapp' rel=\"noopener\"><span class='avia_hidden_link_text'>Compartir en Whatsapp<\/span><\/a><\/li><li class='av-share-link av-social-link-linkedin' ><a target=\"_blank\" aria-label=\"Compartir en LinkedIn\" href='https:\/\/linkedin.com\/shareArticle?mini=true&#038;title=Sence%20Ays%C3%A9n%20invita%20a%20la%20feria%20laboral%20%23HayVacantes%20en%20Puerto%20Ays%C3%A9n&#038;url=https:\/\/radiorevelacionfm.cl\/?p=60116' aria-hidden='false' data-av_icon='\ue8fc' data-av_iconfont='entypo-fontello' title='' data-avia-related-tooltip='Compartir en LinkedIn' rel=\"noopener\"><span class='avia_hidden_link_text'>Compartir en LinkedIn<\/span><\/a><\/li><li class='av-share-link av-social-link-mail' ><a  aria-label=\"Compartir por correo\" href='mailto:?subject=Sence%20Ays%C3%A9n%20invita%20a%20la%20feria%20laboral%20%23HayVacantes%20en%20Puerto%20Ays%C3%A9n&#038;body=https:\/\/radiorevelacionfm.cl\/?p=60116' aria-hidden='false' data-av_icon='\ue805' data-av_iconfont='entypo-fontello' title='' data-avia-related-tooltip='Compartir por correo'><span class='avia_hidden_link_text'>Compartir por correo<\/span><\/a><\/li><\/ul><\/div><\/div>\n<div  style='height:50px' class='hr hr-invisible   avia-builder-el-8  el_after_av_social_share  el_before_av_comments_list '><span class='hr-inner ' ><span class='hr-inner-style'><\/span><\/span><\/div>\n<div  class='av-buildercomment  av-blog-meta-html-info-disabled av-blog-meta-tag-disabled  '><\/div>\n","protected":false},"excerpt":{"rendered":"","protected":false},"author":1,"featured_media":60117,"comment_status":"closed","ping_status":"closed","sticky":false,"template":"","format":"standard","meta":{"footnotes":""},"categories":[56],"tags":[],"class_list":["post-60116","post","type-post","status-publish","format-standard","has-post-thumbnail","hentry","category-trabajo"],"jetpack_featured_media_url":"https:\/\/radiorevelacionfm.cl\/wp-content\/uploads\/2025\/10\/Feria-de-empleo-1-1.jpg","_links":{"self":[{"href":"https:\/\/radiorevelacionfm.cl\/index.php?rest_route=\/wp\/v2\/posts\/60116","targetHints":{"allow":["GET"]}}],"collection":[{"href":"https:\/\/radiorevelacionfm.cl\/index.php?rest_route=\/wp\/v2\/posts"}],"about":[{"href":"https:\/\/radiorevelacionfm.cl\/index.php?rest_route=\/wp\/v2\/types\/post"}],"author":[{"embeddable":true,"href":"https:\/\/radiorevelacionfm.cl\/index.php?rest_route=\/wp\/v2\/users\/1"}],"replies":[{"embeddable":true,"href":"https:\/\/radiorevelacionfm.cl\/index.php?rest_route=%2Fwp%2Fv2%2Fcomments&post=60116"}],"version-history":[{"count":2,"href":"https:\/\/radiorevelacionfm.cl\/index.php?rest_route=\/wp\/v2\/posts\/60116\/revisions"}],"predecessor-version":[{"id":60130,"href":"https:\/\/radiorevelacionfm.cl\/index.php?rest_route=\/wp\/v2\/posts\/60116\/revisions\/60130"}],"wp:featuredmedia":[{"embeddable":true,"href":"https:\/\/radiorevelacionfm.cl\/index.php?rest_route=\/wp\/v2\/media\/60117"}],"wp:attachment":[{"href":"https:\/\/radiorevelacionfm.cl\/index.php?rest_route=%2Fwp%2Fv2%2Fmedia&parent=60116"}],"wp:term":[{"taxonomy":"category","embeddable":true,"href":"https:\/\/radiorevelacionfm.cl\/index.php?rest_route=%2Fwp%2Fv2%2Fcategories&post=60116"},{"taxonomy":"post_tag","embeddable":true,"href":"https:\/\/radiorevelacionfm.cl\/index.php?rest_route=%2Fwp%2Fv2%2Ftags&post=60116"}],"curies":[{"name":"wp","href":"https:\/\/api.w.org\/{rel}","templated":true}]}}