{"id":60112,"date":"2025-10-08T17:58:19","date_gmt":"2025-10-08T20:58:19","guid":{"rendered":"https:\/\/radiorevelacionfm.cl\/?p=60112"},"modified":"2025-10-08T17:58:19","modified_gmt":"2025-10-08T20:58:19","slug":"en-coyhaique-inauguran-ecomercado-solidario-que-proveera-de-alimentos-a-familias-vulnerables","status":"publish","type":"post","link":"https:\/\/radiorevelacionfm.cl\/?p=60112","title":{"rendered":"En Coyhaique: Inauguran Ecomercado Solidario que proveer\u00e1 de alimentos a familias vulnerables"},"content":{"rendered":"<div class=\"flex_column av_one_full  flex_column_div av-zero-column-padding first  avia-builder-el-0  el_before_av_one_full  avia-builder-el-first  \" style='border-radius:0px; '><div  class='avia-image-container  av-styling-    avia-builder-el-1  avia-builder-el-no-sibling  avia-align-center '  itemprop=\"image\" itemscope=\"itemscope\" itemtype=\"https:\/\/schema.org\/ImageObject\"  ><div class='avia-image-container-inner'><div class='avia-image-overlay-wrap'><img decoding=\"async\" class='wp-image-60113 avia-img-lazy-loading-not-60113 avia_image' src=\"https:\/\/radiorevelacionfm.cl\/wp-content\/uploads\/2025\/10\/1-2025-10-08t175522_optimized.090-1.jpeg\" alt='' title='1---2025-10-08t175522_optimized.090-(1)' height=\"600\" width=\"1067\"  itemprop=\"thumbnailUrl\" srcset=\"https:\/\/radiorevelacionfm.cl\/wp-content\/uploads\/2025\/10\/1-2025-10-08t175522_optimized.090-1.jpeg 1067w, https:\/\/radiorevelacionfm.cl\/wp-content\/uploads\/2025\/10\/1-2025-10-08t175522_optimized.090-1-300x169.jpeg 300w, https:\/\/radiorevelacionfm.cl\/wp-content\/uploads\/2025\/10\/1-2025-10-08t175522_optimized.090-1-1030x579.jpeg 1030w, https:\/\/radiorevelacionfm.cl\/wp-content\/uploads\/2025\/10\/1-2025-10-08t175522_optimized.090-1-768x432.jpeg 768w, https:\/\/radiorevelacionfm.cl\/wp-content\/uploads\/2025\/10\/1-2025-10-08t175522_optimized.090-1-705x396.jpeg 705w, https:\/\/radiorevelacionfm.cl\/wp-content\/uploads\/2025\/10\/1-2025-10-08t175522_optimized.090-1-450x253.jpeg 450w, https:\/\/radiorevelacionfm.cl\/wp-content\/uploads\/2025\/10\/1-2025-10-08t175522_optimized.090-1-600x337.jpeg 600w\" sizes=\"(max-width: 1067px) 100vw, 1067px\" \/><\/div><\/div><\/div><\/div><div class=\"flex_column av_one_full  flex_column_div av-zero-column-padding first  avia-builder-el-2  el_after_av_one_full  el_before_av_one_full  column-top-margin\" style='border-radius:0px; '><section class=\"av_textblock_section \"  itemscope=\"itemscope\" itemtype=\"https:\/\/schema.org\/BlogPosting\" itemprop=\"blogPost\" ><div class='avia_textblock  '   itemprop=\"text\" ><p style=\"text-align: center;\"><strong><span style=\"font-size: 18pt;\">En Coyhaique: Inauguran Ecomercado Solidario que proveer\u00e1 de alimentos a familias vulnerables<\/span><\/strong><\/p>\n<div id=\"gtx-trans\" style=\"position: absolute; left: -50px; top: 4.31534px;\">\n<div class=\"gtx-trans-icon\"><\/div>\n<\/div>\n<\/div><\/section><\/div><div class=\"flex_column av_one_full  flex_column_div av-zero-column-padding first  avia-builder-el-4  el_after_av_one_full  el_before_av_hr  column-top-margin\" style='border-radius:0px; '><section class=\"av_textblock_section \"  itemscope=\"itemscope\" itemtype=\"https:\/\/schema.org\/BlogPosting\" itemprop=\"blogPost\" ><div class='avia_textblock  '   itemprop=\"text\" ><ul>\n<li style=\"text-align: justify;\"><em>La iniciativa impulsada por el FOSIS y ejecutada con el apoyo del Municipio de Coyhaique espera apoyar a cerca de 300 familias de la comuna en su seguridad alimentaria, gracias a donaciones de empresas, instituciones y la comunidad.<\/em><\/li>\n<\/ul>\n<p style=\"text-align: justify;\">Ya se encuentra en funcionamiento el Ecomercado Solidario de Coyhaique, iniciativa impulsada por el Fondo de Solidaridad e Inversi\u00f3n Social, FOSIS y ejecutada con apoyo de la Ilustre Municipalidad de Coyhaique; que espera entregar de manera gratuita alimentos y productos de primera necesidad a las familias vulnerables de la comuna.<\/p>\n<p style=\"text-align: justify;\">Nicol\u00e1s Navarrete, director nacional del FOSIS, coment\u00f3 que la iniciativa se trata de \u201cun banco p\u00fablico de alimentos y art\u00edculos de primera necesidad que no van a ser comercializados, estamos hablando de frutas y verduras con formas irregulares, abarrotes con etiquetas mal impresas y otro tipo de productos que tienen una log\u00edstica de distribuci\u00f3n muy larga y no alcanzan a llegar a la mesa de la familia chilena. \u00c9stos son donados al Ecomercado, ac\u00e1 son seleccionados y se entregan de manera gratuita a las familias m\u00e1s vulnerables\u201d.<\/p>\n<p style=\"text-align: justify;\">La autoridad agreg\u00f3 que \u201cesperamos que este Ecomercado en pleno funcionamiento pueda recolectar algo cercano entre los 1.500 y 2.000 kilos de alimentos, ayudando a cerca de 300 familias de la comuna de Coyhaique. La ayuda tiene una monetizaci\u00f3n, si uno lleva esto a precios cada familia que forma parte del Ecomercado va a recibir un aporte mensual de algo cercano a los $45.000 pesos\u201d.<\/p>\n<p style=\"text-align: justify;\">El alcalde de Coyhaique, Carlos Gatica, recalc\u00f3 que \u201choy lo que hace el Estado a nivel nacional y local es ponerse de acuerdo con el sector p\u00fablico y privado para llegar con ayuda a las personas que m\u00e1s necesitan. Muy pocas veces ocurre que relevamos las acciones que estamos haciendo en conjunto y eso con el Ecomercado funciona. La idea es poder llegar con recursos en tiempos que nos son buenos para estas familias. Esto se va a realizar en un espacio del Municipio, que es la Casa del Adulto Mayor y para esto tuvimos que cumplir con todas las certificaciones y exigencias del FOSIS y la autoridad sanitaria\u201d.<\/p>\n<p style=\"text-align: justify;\">Elizabeth Sandoval, usuaria del Ecomercados Solidario de Coyhaique, asegur\u00f3 que \u201csoy madre soltera de seis ni\u00f1os y no lo digo para provocar l\u00e1stima, sino para agradecer a todas estas personas que est\u00e1n ayudando y son parte de este trabajo. As\u00ed como esto ayudar\u00e1 en mi hogar, va a llegar a otros hogares. Soy una persona de trabajo, pero \u00faltimamente cuesta salir adelante porque todo est\u00e1 subiendo, as\u00ed que agradezco esta ayuda que nos va a llegar y a toda la gente que est\u00e1 detr\u00e1s de este trabajo\u201d.<\/p>\n<p style=\"text-align: justify;\">La directora regional del FOSIS, Fernanda Leiva, destac\u00f3 que \u201chemos estado trabajando para dar el vamos este Ecomercado y relevamos el trabajo colaborativo que se ha realizado para concretar esta iniciativa. Queremos agradecer a quienes han estado disponibles para donar y ser parte de este Ecomercado Solidario como Almacenes San Jos\u00e9, Sopaipillas Coyhaiquinas y Frutos del Maule. Queremos invitar a muchos m\u00e1s a que sean parte y se sumen a esta iniciativa\u201d.<\/p>\n<p style=\"text-align: justify;\">Jos\u00e9 Ovando, gerente de Almacenes San Jos\u00e9, agradeci\u00f3 la oportunidad de participar y ayudar a la comunidad. \u201cNosotros como Almacenes San Jos\u00e9 estamos siempre dispuestos a colaborar. Hay mucha mercader\u00eda que de repente va a parar a los vertederos y muchas veces hay mercader\u00eda que si se pueden reutilizar. La idea es entregar un producto de buena calidad para estos casos, que tenga muy poca deficiencia como dec\u00eda el director y seguir ayudando para que esto se mantenga en el tiempo\u201d.<\/p>\n<p style=\"text-align: justify;\">En la actividad de inauguraci\u00f3n tambi\u00e9n particip\u00f3 la seremi de Desarrollo Social y familia, Karina Acevedo, las concejalas Marcela Ag\u00fcero y Johanna Hern\u00e1ndez, representantes de la UCAM Baquedano, Frutos del Maule y Sopaipillas Coyhaiquinas.<\/p>\n<p style=\"text-align: justify;\">El programa Ecomercados Solidarios es un modelo de gesti\u00f3n articulado y colaborativo que comenz\u00f3 como una iniciativa piloto en 2022 y actualmente se encuentran funcionando m\u00e1s de 25 Ecomercados Solidarios en distintas comunas del pa\u00eds, consolid\u00e1ndose como una iniciativa que promueve el acceso a productos b\u00e1sicos a bajo costo y que fomenta la solidaridad comunitaria.<\/p>\n<\/div><\/section><\/div><div  style='height:50px' class='hr hr-invisible   avia-builder-el-6  el_after_av_one_full  el_before_av_social_share '><span class='hr-inner ' ><span class='hr-inner-style'><\/span><\/span><\/div><\/p>\n<div  class='av-social-sharing-box  avia-builder-el-7  el_after_av_hr  el_before_av_hr  '><div class='av-share-box'><h5 class='av-share-link-description av-no-toc '>Compartir esta noticia<\/h5><ul class='av-share-box-list noLightbox'><li class='av-share-link av-social-link-facebook' ><a target=\"_blank\" aria-label=\"Compartir en Facebook\" href='https:\/\/www.facebook.com\/sharer.php?u=https:\/\/radiorevelacionfm.cl\/?p=60112&#038;t=En%20Coyhaique%3A%20Inauguran%20Ecomercado%20Solidario%20que%20proveer%C3%A1%20de%20alimentos%20a%20familias%20vulnerables' aria-hidden='false' data-av_icon='\ue8f3' data-av_iconfont='entypo-fontello' title='' data-avia-related-tooltip='Compartir en Facebook' rel=\"noopener\"><span class='avia_hidden_link_text'>Compartir en Facebook<\/span><\/a><\/li><li class='av-share-link av-social-link-twitter' ><a target=\"_blank\" aria-label=\"Compartir en Twitter\" href='https:\/\/twitter.com\/share?text=En%20Coyhaique%3A%20Inauguran%20Ecomercado%20Solidario%20que%20proveer%C3%A1%20de%20alimentos%20a%20familias%20vulnerables&#038;url=https:\/\/radiorevelacionfm.cl\/?p=60112' aria-hidden='false' data-av_icon='\ue8f1' data-av_iconfont='entypo-fontello' title='' data-avia-related-tooltip='Compartir en Twitter' rel=\"noopener\"><span class='avia_hidden_link_text'>Compartir en Twitter<\/span><\/a><\/li><li class='av-share-link av-social-link-whatsapp' ><a target=\"_blank\" aria-label=\"Compartir en Whatsapp\" href='https:\/\/api.whatsapp.com\/send?text=https:\/\/radiorevelacionfm.cl\/?p=60112' aria-hidden='false' data-av_icon='\uf232' data-av_iconfont='entypo-fontello' title='' data-avia-related-tooltip='Compartir en Whatsapp' rel=\"noopener\"><span class='avia_hidden_link_text'>Compartir en Whatsapp<\/span><\/a><\/li><li class='av-share-link av-social-link-linkedin' ><a target=\"_blank\" aria-label=\"Compartir en LinkedIn\" href='https:\/\/linkedin.com\/shareArticle?mini=true&#038;title=En%20Coyhaique%3A%20Inauguran%20Ecomercado%20Solidario%20que%20proveer%C3%A1%20de%20alimentos%20a%20familias%20vulnerables&#038;url=https:\/\/radiorevelacionfm.cl\/?p=60112' aria-hidden='false' data-av_icon='\ue8fc' data-av_iconfont='entypo-fontello' title='' data-avia-related-tooltip='Compartir en LinkedIn' rel=\"noopener\"><span class='avia_hidden_link_text'>Compartir en LinkedIn<\/span><\/a><\/li><li class='av-share-link av-social-link-mail' ><a  aria-label=\"Compartir por correo\" href='mailto:?subject=En%20Coyhaique%3A%20Inauguran%20Ecomercado%20Solidario%20que%20proveer%C3%A1%20de%20alimentos%20a%20familias%20vulnerables&#038;body=https:\/\/radiorevelacionfm.cl\/?p=60112' aria-hidden='false' data-av_icon='\ue805' data-av_iconfont='entypo-fontello' title='' data-avia-related-tooltip='Compartir por correo'><span class='avia_hidden_link_text'>Compartir por correo<\/span><\/a><\/li><\/ul><\/div><\/div>\n<div  style='height:50px' class='hr hr-invisible   avia-builder-el-8  el_after_av_social_share  el_before_av_comments_list '><span class='hr-inner ' ><span class='hr-inner-style'><\/span><\/span><\/div>\n<div  class='av-buildercomment  av-blog-meta-html-info-disabled av-blog-meta-tag-disabled  '><\/div>\n","protected":false},"excerpt":{"rendered":"","protected":false},"author":1,"featured_media":60113,"comment_status":"closed","ping_status":"closed","sticky":false,"template":"","format":"standard","meta":{"footnotes":""},"categories":[38],"tags":[],"class_list":["post-60112","post","type-post","status-publish","format-standard","has-post-thumbnail","hentry","category-regional"],"jetpack_featured_media_url":"https:\/\/radiorevelacionfm.cl\/wp-content\/uploads\/2025\/10\/1-2025-10-08t175522_optimized.090-1.jpeg","_links":{"self":[{"href":"https:\/\/radiorevelacionfm.cl\/index.php?rest_route=\/wp\/v2\/posts\/60112","targetHints":{"allow":["GET"]}}],"collection":[{"href":"https:\/\/radiorevelacionfm.cl\/index.php?rest_route=\/wp\/v2\/posts"}],"about":[{"href":"https:\/\/radiorevelacionfm.cl\/index.php?rest_route=\/wp\/v2\/types\/post"}],"author":[{"embeddable":true,"href":"https:\/\/radiorevelacionfm.cl\/index.php?rest_route=\/wp\/v2\/users\/1"}],"replies":[{"embeddable":true,"href":"https:\/\/radiorevelacionfm.cl\/index.php?rest_route=%2Fwp%2Fv2%2Fcomments&post=60112"}],"version-history":[{"count":2,"href":"https:\/\/radiorevelacionfm.cl\/index.php?rest_route=\/wp\/v2\/posts\/60112\/revisions"}],"predecessor-version":[{"id":60115,"href":"https:\/\/radiorevelacionfm.cl\/index.php?rest_route=\/wp\/v2\/posts\/60112\/revisions\/60115"}],"wp:featuredmedia":[{"embeddable":true,"href":"https:\/\/radiorevelacionfm.cl\/index.php?rest_route=\/wp\/v2\/media\/60113"}],"wp:attachment":[{"href":"https:\/\/radiorevelacionfm.cl\/index.php?rest_route=%2Fwp%2Fv2%2Fmedia&parent=60112"}],"wp:term":[{"taxonomy":"category","embeddable":true,"href":"https:\/\/radiorevelacionfm.cl\/index.php?rest_route=%2Fwp%2Fv2%2Fcategories&post=60112"},{"taxonomy":"post_tag","embeddable":true,"href":"https:\/\/radiorevelacionfm.cl\/index.php?rest_route=%2Fwp%2Fv2%2Ftags&post=60112"}],"curies":[{"name":"wp","href":"https:\/\/api.w.org\/{rel}","templated":true}]}}