{"id":60109,"date":"2025-10-09T10:45:31","date_gmt":"2025-10-09T13:45:31","guid":{"rendered":"https:\/\/radiorevelacionfm.cl\/?p=60109"},"modified":"2025-10-09T10:45:31","modified_gmt":"2025-10-09T13:45:31","slug":"gremios-destacan-alianza-entre-sector-publico-y-privado-para-atraer-inversiones-a-la-region-tras-el-aysen-day-2025","status":"publish","type":"post","link":"https:\/\/radiorevelacionfm.cl\/?p=60109","title":{"rendered":"Gremios destacan alianza entre sector p\u00fablico y privado para atraer inversiones a la regi\u00f3n tras el \u201cAys\u00e9n Day 2025\u201d"},"content":{"rendered":"<div class=\"flex_column av_one_full  flex_column_div av-zero-column-padding first  avia-builder-el-0  el_before_av_one_full  avia-builder-el-first  \" style='border-radius:0px; '><div  class='avia-image-container  av-styling-    avia-builder-el-1  avia-builder-el-no-sibling  avia-align-center '  itemprop=\"image\" itemscope=\"itemscope\" itemtype=\"https:\/\/schema.org\/ImageObject\"  ><div class='avia-image-container-inner'><div class='avia-image-overlay-wrap'><img decoding=\"async\" class='wp-image-60110 avia-img-lazy-loading-not-60110 avia_image' src=\"https:\/\/radiorevelacionfm.cl\/wp-content\/uploads\/2025\/10\/4-2025-10-08T174909.168-1-1.jpg\" alt='' title='4 - 2025-10-08T174909.168 (1) (1)' height=\"600\" width=\"877\"  itemprop=\"thumbnailUrl\" srcset=\"https:\/\/radiorevelacionfm.cl\/wp-content\/uploads\/2025\/10\/4-2025-10-08T174909.168-1-1.jpg 877w, https:\/\/radiorevelacionfm.cl\/wp-content\/uploads\/2025\/10\/4-2025-10-08T174909.168-1-1-300x205.jpg 300w, https:\/\/radiorevelacionfm.cl\/wp-content\/uploads\/2025\/10\/4-2025-10-08T174909.168-1-1-768x525.jpg 768w, https:\/\/radiorevelacionfm.cl\/wp-content\/uploads\/2025\/10\/4-2025-10-08T174909.168-1-1-705x482.jpg 705w, https:\/\/radiorevelacionfm.cl\/wp-content\/uploads\/2025\/10\/4-2025-10-08T174909.168-1-1-450x308.jpg 450w, https:\/\/radiorevelacionfm.cl\/wp-content\/uploads\/2025\/10\/4-2025-10-08T174909.168-1-1-600x410.jpg 600w\" sizes=\"(max-width: 877px) 100vw, 877px\" \/><\/div><\/div><\/div><\/div><div class=\"flex_column av_one_full  flex_column_div av-zero-column-padding first  avia-builder-el-2  el_after_av_one_full  el_before_av_one_full  column-top-margin\" style='border-radius:0px; '><section class=\"av_textblock_section \"  itemscope=\"itemscope\" itemtype=\"https:\/\/schema.org\/BlogPosting\" itemprop=\"blogPost\" ><div class='avia_textblock  '   itemprop=\"text\" ><p style=\"text-align: center;\"><span style=\"font-size: 18pt;\"><strong>Gremios destacan alianza entre sector p\u00fablico y privado para atraer inversiones a la regi\u00f3n tras el \u201cAys\u00e9n Day 2025\u201d<\/strong><\/span><\/p>\n<div id=\"gtx-trans\" style=\"position: absolute; left: -50px; top: 4.31534px;\">\n<div class=\"gtx-trans-icon\"><\/div>\n<\/div>\n<\/div><\/section><\/div><div class=\"flex_column av_one_full  flex_column_div av-zero-column-padding first  avia-builder-el-4  el_after_av_one_full  el_before_av_hr  column-top-margin\" style='border-radius:0px; '><section class=\"av_textblock_section \"  itemscope=\"itemscope\" itemtype=\"https:\/\/schema.org\/BlogPosting\" itemprop=\"blogPost\" ><div class='avia_textblock  '   itemprop=\"text\" ><p style=\"text-align: justify;\"><em>En un trabajo conjunto, los gremios productivos, el Gobierno Regional y Corfo, congregaron a m\u00e1s de 100 empresas y potenciales inversionistas, a quienes presentaron las oportunidades de desarrollo que tiene Ays\u00e9n.<\/em><\/p>\n<p style=\"text-align: justify;\">Con un llamado a invertir y ser parte del futuro de la regi\u00f3n, los gremios productivos, en una alianza estrat\u00e9gica con el Gobierno Regional y Corfo, llevaron a cabo la primera versi\u00f3n del \u00abAys\u00e9n Day 2025\u00bb.<\/p>\n<p style=\"text-align: justify;\">La jornada, que busc\u00f3 difundir las bondades de la regi\u00f3n y sus oportunidades de desarrollo, se realiz\u00f3 en el Palacio Bruna de la C\u00e1mara Nacional de Comercio en la ciudad de Santiago, reuniendo a m\u00e1s de un centenar de representantes de empresas, fondos de inversi\u00f3n y gremios, con el objetivo de posicionar a Ays\u00e9n como un polo de atracci\u00f3n para el desarrollo de nuevos proyectos y capitales.<\/p>\n<p style=\"text-align: justify;\">La iniciativa fue organizada por la C\u00e1mara Chilena de la Construcci\u00f3n de Coyhaique, Salm\u00f3n Chile, el Consejo del Salm\u00f3n, la Asociaci\u00f3n Gremial de Camioneros Ays\u00e9n Chacabuco (Agrecach), la Asociaci\u00f3n Gremial Agr\u00edcola y Ganadera Austral (Ogana), la C\u00e1mara de Comercio y la C\u00e1mara de Turismo de Coyhaique, a quienes se sum\u00f3 el sector p\u00fablico a trav\u00e9s del Gobierno Regional de Ays\u00e9n, Corfo, InvestChile y Codesser, entre otros.<\/p>\n<p style=\"text-align: justify;\">Pablo Carrasco, presidente de la C\u00e1mara Chilena de la Construcci\u00f3n (CChC) sede Coyhaique, indic\u00f3 que este evento marca un hito en la forma de promover la regi\u00f3n, demostrando el inter\u00e9s colectivo que existe por lograr un crecimiento sostenido del territorio \u201cHa sido un excelente evento, con una tremenda asistencia, muchos inversionistas, empresarios y tambi\u00e9n autoridades. Esto muestra las ganas que tenemos en la regi\u00f3n de salir adelante. Esto se representa con esta alianza, que busca que las personas y los inversionistas lleguen a Ays\u00e9n, conozcan sus cualidades y podamos ir en una senda de crecimiento constante\u201d, indic\u00f3 el presidente del gremio de los constructores.<\/p>\n<p style=\"text-align: justify;\">La jornada cont\u00f3 con una serie de presentaciones y paneles de conversaci\u00f3n, donde l\u00edderes gremiales, autoridades regionales y empresarios de la regi\u00f3n, expusieron las ventajas y desaf\u00edos de sus sectores.<\/p>\n<p style=\"text-align: justify;\">Desde Ogana, Joaqu\u00edn Mart\u00ednez, destac\u00f3 la gran oportunidad que este Ays\u00e9n Day representa, indicando que \u201cEn Ays\u00e9n, hoy d\u00eda existe un excelente encadenamiento entre la actividad p\u00fablica (y privada), liderada por el Gobernador y nosotros estamos detr\u00e1s, tratando desde hace mucho tiempo de tener esa vinculaci\u00f3n. Creo que vamos a materializar importantes proyectos, porque existe un gran inter\u00e9s para venir a invertir en Ays\u00e9n\u201d.<\/p>\n<p style=\"text-align: justify;\">La jornada de difusi\u00f3n de dividi\u00f3 en tres bloques, el primero a cargo del sector p\u00fablico, donde el Gobernador Regional, Marcelo Santana; el ministro de Econom\u00eda, \u00c1lvaro Garc\u00eda; la subsecretaria de Turismo, Ver\u00f3nica Pardo y la presidenta de los gremios de Ays\u00e9n, Dayssi Mondelo; entregaron sus expectativas en torno al crecimiento y las oportunidades que otorga a la regi\u00f3n, el Ays\u00e9n Day.<\/p>\n<p style=\"text-align: justify;\">Rodrigo Bravo, gerente del hotel Lober\u00edas del Sur, manifest\u00f3 la importancia de la asociatividad para el desarrollo, explicando que \u201cNosotros, en el \u00e1rea de turismo, tenemos un desaf\u00edo enorme, y la infraestructura es uno de ellas. Para eso necesitamos contar con el apoyo del mundo p\u00fablico y veo en el Gobierno regional un tremendo inter\u00e9s. Bueno, y este tipo de eventos que nos permiten estar juntos, compartir y darnos cuenta que los desaf\u00edos (que tenemos) son los mismos\u201d.<\/p>\n<p style=\"text-align: justify;\">Desde la industria acu\u00edcola, participaron empresas y gremios, uno de ellos, Friosur, quienes, a trav\u00e9s de su gerente de asuntos corporativos, Enrique Gar\u00edn, mostraron que producir en Ays\u00e9n va m\u00e1s all\u00e1 de los n\u00fameros, con enfoque en el valor agregado. \u201c(Explicamos que) hacer empresa en Ays\u00e9n, va m\u00e1s all\u00e1 de los n\u00fameros, sino que se genera algo que es muy enriquecedor, que es el contacto con las personas, la econom\u00eda de comunidad, el saber que lo que t\u00fa haces, junto con que sea viable econ\u00f3micamente, tambi\u00e9n genera un impacto positivo en las personas\u201d, detall\u00f3.<\/p>\n<p style=\"text-align: justify;\">El evento culmin\u00f3 con una instancia de networking, que permiti\u00f3 generar v\u00ednculos directos entre los empresarios de Ays\u00e9n y los potenciales inversionistas, con la finalidad de construir redes para futuras colaboraciones entre el sector p\u00fablico y privado en la regi\u00f3n, las que se esperan puedan ser consolidadas en la segunda versi\u00f3n del Ays\u00e9n Day, que esta vez tendr\u00e1 por sede, la propia regi\u00f3n.<\/p>\n<\/div><\/section><\/div><div  style='height:50px' class='hr hr-invisible   avia-builder-el-6  el_after_av_one_full  el_before_av_social_share '><span class='hr-inner ' ><span class='hr-inner-style'><\/span><\/span><\/div><\/p>\n<div  class='av-social-sharing-box  avia-builder-el-7  el_after_av_hr  el_before_av_hr  '><div class='av-share-box'><h5 class='av-share-link-description av-no-toc '>Compartir esta noticia<\/h5><ul class='av-share-box-list noLightbox'><li class='av-share-link av-social-link-facebook' ><a target=\"_blank\" aria-label=\"Compartir en Facebook\" href='https:\/\/www.facebook.com\/sharer.php?u=https:\/\/radiorevelacionfm.cl\/?p=60109&#038;t=Gremios%20destacan%20alianza%20entre%20sector%20p%C3%BAblico%20y%20privado%20para%20atraer%20inversiones%20a%20la%20regi%C3%B3n%20tras%20el%20%E2%80%9CAys%C3%A9n%20Day%202025%E2%80%9D' aria-hidden='false' data-av_icon='\ue8f3' data-av_iconfont='entypo-fontello' title='' data-avia-related-tooltip='Compartir en Facebook' rel=\"noopener\"><span class='avia_hidden_link_text'>Compartir en Facebook<\/span><\/a><\/li><li class='av-share-link av-social-link-twitter' ><a target=\"_blank\" aria-label=\"Compartir en Twitter\" href='https:\/\/twitter.com\/share?text=Gremios%20destacan%20alianza%20entre%20sector%20p%C3%BAblico%20y%20privado%20para%20atraer%20inversiones%20a%20la%20regi%C3%B3n%20tras%20el%20%E2%80%9CAys%C3%A9n%20Day%202025%E2%80%9D&#038;url=https:\/\/radiorevelacionfm.cl\/?p=60109' aria-hidden='false' data-av_icon='\ue8f1' data-av_iconfont='entypo-fontello' title='' data-avia-related-tooltip='Compartir en Twitter' rel=\"noopener\"><span class='avia_hidden_link_text'>Compartir en Twitter<\/span><\/a><\/li><li class='av-share-link av-social-link-whatsapp' ><a target=\"_blank\" aria-label=\"Compartir en Whatsapp\" href='https:\/\/api.whatsapp.com\/send?text=https:\/\/radiorevelacionfm.cl\/?p=60109' aria-hidden='false' data-av_icon='\uf232' data-av_iconfont='entypo-fontello' title='' data-avia-related-tooltip='Compartir en Whatsapp' rel=\"noopener\"><span class='avia_hidden_link_text'>Compartir en Whatsapp<\/span><\/a><\/li><li class='av-share-link av-social-link-linkedin' ><a target=\"_blank\" aria-label=\"Compartir en LinkedIn\" href='https:\/\/linkedin.com\/shareArticle?mini=true&#038;title=Gremios%20destacan%20alianza%20entre%20sector%20p%C3%BAblico%20y%20privado%20para%20atraer%20inversiones%20a%20la%20regi%C3%B3n%20tras%20el%20%E2%80%9CAys%C3%A9n%20Day%202025%E2%80%9D&#038;url=https:\/\/radiorevelacionfm.cl\/?p=60109' aria-hidden='false' data-av_icon='\ue8fc' data-av_iconfont='entypo-fontello' title='' data-avia-related-tooltip='Compartir en LinkedIn' rel=\"noopener\"><span class='avia_hidden_link_text'>Compartir en LinkedIn<\/span><\/a><\/li><li class='av-share-link av-social-link-mail' ><a  aria-label=\"Compartir por correo\" href='mailto:?subject=Gremios%20destacan%20alianza%20entre%20sector%20p%C3%BAblico%20y%20privado%20para%20atraer%20inversiones%20a%20la%20regi%C3%B3n%20tras%20el%20%E2%80%9CAys%C3%A9n%20Day%202025%E2%80%9D&#038;body=https:\/\/radiorevelacionfm.cl\/?p=60109' aria-hidden='false' data-av_icon='\ue805' data-av_iconfont='entypo-fontello' title='' data-avia-related-tooltip='Compartir por correo'><span class='avia_hidden_link_text'>Compartir por correo<\/span><\/a><\/li><\/ul><\/div><\/div>\n<div  style='height:50px' class='hr hr-invisible   avia-builder-el-8  el_after_av_social_share  el_before_av_comments_list '><span class='hr-inner ' ><span class='hr-inner-style'><\/span><\/span><\/div>\n<div  class='av-buildercomment  av-blog-meta-html-info-disabled av-blog-meta-tag-disabled  '><\/div>\n","protected":false},"excerpt":{"rendered":"","protected":false},"author":1,"featured_media":60110,"comment_status":"closed","ping_status":"closed","sticky":false,"template":"","format":"standard","meta":{"footnotes":""},"categories":[38],"tags":[],"class_list":["post-60109","post","type-post","status-publish","format-standard","has-post-thumbnail","hentry","category-regional"],"jetpack_featured_media_url":"https:\/\/radiorevelacionfm.cl\/wp-content\/uploads\/2025\/10\/4-2025-10-08T174909.168-1-1.jpg","_links":{"self":[{"href":"https:\/\/radiorevelacionfm.cl\/index.php?rest_route=\/wp\/v2\/posts\/60109","targetHints":{"allow":["GET"]}}],"collection":[{"href":"https:\/\/radiorevelacionfm.cl\/index.php?rest_route=\/wp\/v2\/posts"}],"about":[{"href":"https:\/\/radiorevelacionfm.cl\/index.php?rest_route=\/wp\/v2\/types\/post"}],"author":[{"embeddable":true,"href":"https:\/\/radiorevelacionfm.cl\/index.php?rest_route=\/wp\/v2\/users\/1"}],"replies":[{"embeddable":true,"href":"https:\/\/radiorevelacionfm.cl\/index.php?rest_route=%2Fwp%2Fv2%2Fcomments&post=60109"}],"version-history":[{"count":2,"href":"https:\/\/radiorevelacionfm.cl\/index.php?rest_route=\/wp\/v2\/posts\/60109\/revisions"}],"predecessor-version":[{"id":60129,"href":"https:\/\/radiorevelacionfm.cl\/index.php?rest_route=\/wp\/v2\/posts\/60109\/revisions\/60129"}],"wp:featuredmedia":[{"embeddable":true,"href":"https:\/\/radiorevelacionfm.cl\/index.php?rest_route=\/wp\/v2\/media\/60110"}],"wp:attachment":[{"href":"https:\/\/radiorevelacionfm.cl\/index.php?rest_route=%2Fwp%2Fv2%2Fmedia&parent=60109"}],"wp:term":[{"taxonomy":"category","embeddable":true,"href":"https:\/\/radiorevelacionfm.cl\/index.php?rest_route=%2Fwp%2Fv2%2Fcategories&post=60109"},{"taxonomy":"post_tag","embeddable":true,"href":"https:\/\/radiorevelacionfm.cl\/index.php?rest_route=%2Fwp%2Fv2%2Ftags&post=60109"}],"curies":[{"name":"wp","href":"https:\/\/api.w.org\/{rel}","templated":true}]}}