{"id":60106,"date":"2025-10-11T22:21:08","date_gmt":"2025-10-12T01:21:08","guid":{"rendered":"https:\/\/radiorevelacionfm.cl\/?p=60106"},"modified":"2025-10-11T22:21:08","modified_gmt":"2025-10-12T01:21:08","slug":"senda-da-inicio-al-mes-de-la-recuperacion-con-difusion-de-derechos-de-personas-en-tratamiento","status":"publish","type":"post","link":"https:\/\/radiorevelacionfm.cl\/?p=60106","title":{"rendered":"Senda da inicio al Mes de la Recuperaci\u00f3n con difusi\u00f3n de derechos de personas en tratamiento"},"content":{"rendered":"<div class=\"flex_column av_one_full  flex_column_div av-zero-column-padding first  avia-builder-el-0  el_before_av_one_full  avia-builder-el-first  \" style='border-radius:0px; '><div  class='avia-image-container  av-styling-    avia-builder-el-1  avia-builder-el-no-sibling  avia-align-center '  itemprop=\"image\" itemscope=\"itemscope\" itemtype=\"https:\/\/schema.org\/ImageObject\"  ><div class='avia-image-container-inner'><div class='avia-image-overlay-wrap'><img decoding=\"async\" class='wp-image-60107 avia-img-lazy-loading-not-60107 avia_image' src=\"https:\/\/radiorevelacionfm.cl\/wp-content\/uploads\/2025\/10\/DSC00615-1-1.jpg\" alt='' title='DSC00615 (1) (1)' height=\"600\" width=\"953\"  itemprop=\"thumbnailUrl\" srcset=\"https:\/\/radiorevelacionfm.cl\/wp-content\/uploads\/2025\/10\/DSC00615-1-1.jpg 953w, https:\/\/radiorevelacionfm.cl\/wp-content\/uploads\/2025\/10\/DSC00615-1-1-300x189.jpg 300w, https:\/\/radiorevelacionfm.cl\/wp-content\/uploads\/2025\/10\/DSC00615-1-1-768x484.jpg 768w, https:\/\/radiorevelacionfm.cl\/wp-content\/uploads\/2025\/10\/DSC00615-1-1-705x444.jpg 705w, https:\/\/radiorevelacionfm.cl\/wp-content\/uploads\/2025\/10\/DSC00615-1-1-450x283.jpg 450w, https:\/\/radiorevelacionfm.cl\/wp-content\/uploads\/2025\/10\/DSC00615-1-1-600x378.jpg 600w\" sizes=\"(max-width: 953px) 100vw, 953px\" \/><\/div><\/div><\/div><\/div><div class=\"flex_column av_one_full  flex_column_div av-zero-column-padding first  avia-builder-el-2  el_after_av_one_full  el_before_av_one_full  column-top-margin\" style='border-radius:0px; '><section class=\"av_textblock_section \"  itemscope=\"itemscope\" itemtype=\"https:\/\/schema.org\/BlogPosting\" itemprop=\"blogPost\" ><div class='avia_textblock  '   itemprop=\"text\" ><p style=\"text-align: center;\"><strong><span style=\"font-size: 18pt;\">Senda da inicio al Mes de la Recuperaci\u00f3n con difusi\u00f3n de derechos de personas en tratamiento<\/span><\/strong><\/p>\n<div id=\"gtx-trans\" style=\"position: absolute; left: -50px; top: 4.31534px;\">\n<div class=\"gtx-trans-icon\"><\/div>\n<\/div>\n<\/div><\/section><\/div><div class=\"flex_column av_one_full  flex_column_div av-zero-column-padding first  avia-builder-el-4  el_after_av_one_full  el_before_av_hr  column-top-margin\" style='border-radius:0px; '><section class=\"av_textblock_section \"  itemscope=\"itemscope\" itemtype=\"https:\/\/schema.org\/BlogPosting\" itemprop=\"blogPost\" ><div class='avia_textblock  '   itemprop=\"text\" ><p style=\"text-align: justify;\"><em>Directora de SENDA, Natalia Riffo, entreg\u00f3 el Dec\u00e1logo de Derechos de las Personas en Recuperaci\u00f3n a personas usuarias del centro de tratamiento Kant\u00fa de Puente Alto.<\/em><\/p>\n<p style=\"text-align: justify;\">Con una jornada de di\u00e1logo en el Centro de Tratamiento Kant\u00fa de Puente Alto, implementado por la Fundaci\u00f3n Le\u00f3n Bloy, SENDA dio inicio al Mes de la Recuperaci\u00f3n 2025, cuyo lema es \u201cAliados para la Recuperaci\u00f3n\u201d.<\/p>\n<p style=\"text-align: justify;\">La actividad fue encabezada por la directora nacional de SENDA, Natalia Riffo, el director regional metropolitano, Eduardo Barros, el director ejecutivo de la Fundaci\u00f3n Le\u00f3n Bloy, Mauricio Mateluna, y el encargado del programa, Patricio Garc\u00eda, quienes destacaron la importancia de reconocer la recuperaci\u00f3n como un proceso posible y acompa\u00f1ado.<\/p>\n<p style=\"text-align: justify;\">Durante el encuentro, se entreg\u00f3 el Dec\u00e1logo de Derechos de las Personas en Recuperaci\u00f3n, una herramienta que promueve un trato digno, respetuoso y libre de estigmas hacia quienes transitan procesos de recuperaci\u00f3n por consumo problem\u00e1tico de alcohol y otras drogas.<\/p>\n<p style=\"text-align: justify;\">El Dec\u00e1logo establece principios como el derecho a la salud f\u00edsica y mental, la no discriminaci\u00f3n, la autonom\u00eda, la participaci\u00f3n social y la protecci\u00f3n de la privacidad. Adem\u00e1s, incluye un deber: el respeto hacia quienes integran los equipos de tratamiento.<\/p>\n<p style=\"text-align: justify;\">Durante la jornada, los participantes compartieron experiencias de acompa\u00f1amiento y reflexionaron sobre la importancia de entender la recuperaci\u00f3n como un proceso que requiere el apoyo de la comunidad y la colaboraci\u00f3n de instituciones, familias y profesionales.<\/p>\n<p style=\"text-align: justify;\">\u201cHablar de recuperaci\u00f3n es hablar de derechos, de acompa\u00f1amiento. Nadie se recupera solo. Por eso, este mes queremos visibilizar a todas las personas e instituciones que hacen posible ese camino, desde la escucha, el respeto y la integraci\u00f3n social\u201d, destac\u00f3 la directora de SENDA, Natalia Riffo.<\/p>\n<p style=\"text-align: justify;\">El Centro Kant\u00fa, que forma parte de la red p\u00fablica de tratamiento de SENDA y del Servicio de Salud Metropolitano Sur Oriente, tiene capacidad para atender anualmente a m\u00e1s de 280 hombres bajo la modalidad de Programa Ambulatorio Intensivo (PAI PG).<\/p>\n<p>Durante todo octubre, SENDA desarrollar\u00e1 actividades para visibilizar la posibilidad de recuperaci\u00f3n, difundir la red p\u00fablica de tratamiento e integraci\u00f3n social, y reducir el estigma hacia las personas que atraviesan procesos de cambio. Tambi\u00e9n se promover\u00e1 el Fono Drogas y Alcohol 1412, canal gratuito y confidencial que entrega orientaci\u00f3n y apoyo a quienes buscan informaci\u00f3n o acompa\u00f1amiento.<\/p>\n<\/div><\/section><\/div><div  style='height:50px' class='hr hr-invisible   avia-builder-el-6  el_after_av_one_full  el_before_av_social_share '><span class='hr-inner ' ><span class='hr-inner-style'><\/span><\/span><\/div><\/p>\n<div  class='av-social-sharing-box  avia-builder-el-7  el_after_av_hr  el_before_av_hr  '><div class='av-share-box'><h5 class='av-share-link-description av-no-toc '>Compartir esta noticia<\/h5><ul class='av-share-box-list noLightbox'><li class='av-share-link av-social-link-facebook' ><a target=\"_blank\" aria-label=\"Compartir en Facebook\" href='https:\/\/www.facebook.com\/sharer.php?u=https:\/\/radiorevelacionfm.cl\/?p=60106&#038;t=Senda%20da%20inicio%20al%20Mes%20de%20la%20Recuperaci%C3%B3n%20con%20difusi%C3%B3n%20de%20derechos%20de%20personas%20en%20tratamiento' aria-hidden='false' data-av_icon='\ue8f3' data-av_iconfont='entypo-fontello' title='' data-avia-related-tooltip='Compartir en Facebook' rel=\"noopener\"><span class='avia_hidden_link_text'>Compartir en Facebook<\/span><\/a><\/li><li class='av-share-link av-social-link-twitter' ><a target=\"_blank\" aria-label=\"Compartir en Twitter\" href='https:\/\/twitter.com\/share?text=Senda%20da%20inicio%20al%20Mes%20de%20la%20Recuperaci%C3%B3n%20con%20difusi%C3%B3n%20de%20derechos%20de%20personas%20en%20tratamiento&#038;url=https:\/\/radiorevelacionfm.cl\/?p=60106' aria-hidden='false' data-av_icon='\ue8f1' data-av_iconfont='entypo-fontello' title='' data-avia-related-tooltip='Compartir en Twitter' rel=\"noopener\"><span class='avia_hidden_link_text'>Compartir en Twitter<\/span><\/a><\/li><li class='av-share-link av-social-link-whatsapp' ><a target=\"_blank\" aria-label=\"Compartir en Whatsapp\" href='https:\/\/api.whatsapp.com\/send?text=https:\/\/radiorevelacionfm.cl\/?p=60106' aria-hidden='false' data-av_icon='\uf232' data-av_iconfont='entypo-fontello' title='' data-avia-related-tooltip='Compartir en Whatsapp' rel=\"noopener\"><span class='avia_hidden_link_text'>Compartir en Whatsapp<\/span><\/a><\/li><li class='av-share-link av-social-link-linkedin' ><a target=\"_blank\" aria-label=\"Compartir en LinkedIn\" href='https:\/\/linkedin.com\/shareArticle?mini=true&#038;title=Senda%20da%20inicio%20al%20Mes%20de%20la%20Recuperaci%C3%B3n%20con%20difusi%C3%B3n%20de%20derechos%20de%20personas%20en%20tratamiento&#038;url=https:\/\/radiorevelacionfm.cl\/?p=60106' aria-hidden='false' data-av_icon='\ue8fc' data-av_iconfont='entypo-fontello' title='' data-avia-related-tooltip='Compartir en LinkedIn' rel=\"noopener\"><span class='avia_hidden_link_text'>Compartir en LinkedIn<\/span><\/a><\/li><li class='av-share-link av-social-link-mail' ><a  aria-label=\"Compartir por correo\" href='mailto:?subject=Senda%20da%20inicio%20al%20Mes%20de%20la%20Recuperaci%C3%B3n%20con%20difusi%C3%B3n%20de%20derechos%20de%20personas%20en%20tratamiento&#038;body=https:\/\/radiorevelacionfm.cl\/?p=60106' aria-hidden='false' data-av_icon='\ue805' data-av_iconfont='entypo-fontello' title='' data-avia-related-tooltip='Compartir por correo'><span class='avia_hidden_link_text'>Compartir por correo<\/span><\/a><\/li><\/ul><\/div><\/div>\n<div  style='height:50px' class='hr hr-invisible   avia-builder-el-8  el_after_av_social_share  el_before_av_comments_list '><span class='hr-inner ' ><span class='hr-inner-style'><\/span><\/span><\/div>\n<div  class='av-buildercomment  av-blog-meta-html-info-disabled av-blog-meta-tag-disabled  '><\/div>\n","protected":false},"excerpt":{"rendered":"","protected":false},"author":1,"featured_media":60107,"comment_status":"closed","ping_status":"closed","sticky":false,"template":"","format":"standard","meta":{"footnotes":""},"categories":[61],"tags":[],"class_list":["post-60106","post","type-post","status-publish","format-standard","has-post-thumbnail","hentry","category-nacional"],"jetpack_featured_media_url":"https:\/\/radiorevelacionfm.cl\/wp-content\/uploads\/2025\/10\/DSC00615-1-1.jpg","_links":{"self":[{"href":"https:\/\/radiorevelacionfm.cl\/index.php?rest_route=\/wp\/v2\/posts\/60106","targetHints":{"allow":["GET"]}}],"collection":[{"href":"https:\/\/radiorevelacionfm.cl\/index.php?rest_route=\/wp\/v2\/posts"}],"about":[{"href":"https:\/\/radiorevelacionfm.cl\/index.php?rest_route=\/wp\/v2\/types\/post"}],"author":[{"embeddable":true,"href":"https:\/\/radiorevelacionfm.cl\/index.php?rest_route=\/wp\/v2\/users\/1"}],"replies":[{"embeddable":true,"href":"https:\/\/radiorevelacionfm.cl\/index.php?rest_route=%2Fwp%2Fv2%2Fcomments&post=60106"}],"version-history":[{"count":2,"href":"https:\/\/radiorevelacionfm.cl\/index.php?rest_route=\/wp\/v2\/posts\/60106\/revisions"}],"predecessor-version":[{"id":60239,"href":"https:\/\/radiorevelacionfm.cl\/index.php?rest_route=\/wp\/v2\/posts\/60106\/revisions\/60239"}],"wp:featuredmedia":[{"embeddable":true,"href":"https:\/\/radiorevelacionfm.cl\/index.php?rest_route=\/wp\/v2\/media\/60107"}],"wp:attachment":[{"href":"https:\/\/radiorevelacionfm.cl\/index.php?rest_route=%2Fwp%2Fv2%2Fmedia&parent=60106"}],"wp:term":[{"taxonomy":"category","embeddable":true,"href":"https:\/\/radiorevelacionfm.cl\/index.php?rest_route=%2Fwp%2Fv2%2Fcategories&post=60106"},{"taxonomy":"post_tag","embeddable":true,"href":"https:\/\/radiorevelacionfm.cl\/index.php?rest_route=%2Fwp%2Fv2%2Ftags&post=60106"}],"curies":[{"name":"wp","href":"https:\/\/api.w.org\/{rel}","templated":true}]}}