{"id":60103,"date":"2025-10-10T11:20:44","date_gmt":"2025-10-10T14:20:44","guid":{"rendered":"https:\/\/radiorevelacionfm.cl\/?p=60103"},"modified":"2025-10-10T11:20:44","modified_gmt":"2025-10-10T14:20:44","slug":"convocan-al-ii-congreso-pedagogico-regional-horizontes-pedagogicos-aysen-territorio-de-saberes-y-narrativas","status":"publish","type":"post","link":"https:\/\/radiorevelacionfm.cl\/?p=60103","title":{"rendered":"Convocan al II Congreso Pedag\u00f3gico Regional \u201cHorizontes Pedag\u00f3gicos: Ays\u00e9n, territorio de saberes y narrativas\u201d"},"content":{"rendered":"<div class=\"flex_column av_one_full  flex_column_div av-zero-column-padding first  avia-builder-el-0  el_before_av_one_full  avia-builder-el-first  \" style='border-radius:0px; '><div  class='avia-image-container  av-styling-    avia-builder-el-1  avia-builder-el-no-sibling  avia-align-center '  itemprop=\"image\" itemscope=\"itemscope\" itemtype=\"https:\/\/schema.org\/ImageObject\"  ><div class='avia-image-container-inner'><div class='avia-image-overlay-wrap'><img decoding=\"async\" class='wp-image-60104 avia-img-lazy-loading-not-60104 avia_image' src=\"https:\/\/radiorevelacionfm.cl\/wp-content\/uploads\/2025\/10\/Lanzamiento-II-Congreso-1-1-1.jpeg\" alt='' title='Lanzamiento II Congreso 1 (1) (1)' height=\"600\" width=\"900\"  itemprop=\"thumbnailUrl\" srcset=\"https:\/\/radiorevelacionfm.cl\/wp-content\/uploads\/2025\/10\/Lanzamiento-II-Congreso-1-1-1.jpeg 900w, https:\/\/radiorevelacionfm.cl\/wp-content\/uploads\/2025\/10\/Lanzamiento-II-Congreso-1-1-1-300x200.jpeg 300w, https:\/\/radiorevelacionfm.cl\/wp-content\/uploads\/2025\/10\/Lanzamiento-II-Congreso-1-1-1-768x512.jpeg 768w, https:\/\/radiorevelacionfm.cl\/wp-content\/uploads\/2025\/10\/Lanzamiento-II-Congreso-1-1-1-705x470.jpeg 705w, https:\/\/radiorevelacionfm.cl\/wp-content\/uploads\/2025\/10\/Lanzamiento-II-Congreso-1-1-1-450x300.jpeg 450w, https:\/\/radiorevelacionfm.cl\/wp-content\/uploads\/2025\/10\/Lanzamiento-II-Congreso-1-1-1-600x400.jpeg 600w\" sizes=\"(max-width: 900px) 100vw, 900px\" \/><\/div><\/div><\/div><\/div><div class=\"flex_column av_one_full  flex_column_div av-zero-column-padding first  avia-builder-el-2  el_after_av_one_full  el_before_av_one_full  column-top-margin\" style='border-radius:0px; '><section class=\"av_textblock_section \"  itemscope=\"itemscope\" itemtype=\"https:\/\/schema.org\/BlogPosting\" itemprop=\"blogPost\" ><div class='avia_textblock  '   itemprop=\"text\" ><p style=\"text-align: center;\"><strong><span style=\"font-size: 18pt;\">Convocan al II Congreso Pedag\u00f3gico Regional \u201cHorizontes Pedag\u00f3gicos: Ays\u00e9n, territorio de saberes y narrativas\u201d<\/span><\/strong><\/p>\n<div id=\"gtx-trans\" style=\"position: absolute; left: -50px; top: 4.31534px;\">\n<div class=\"gtx-trans-icon\"><\/div>\n<\/div>\n<\/div><\/section><\/div><div class=\"flex_column av_one_full  flex_column_div av-zero-column-padding first  avia-builder-el-4  el_after_av_one_full  el_before_av_hr  column-top-margin\" style='border-radius:0px; '><section class=\"av_textblock_section \"  itemscope=\"itemscope\" itemtype=\"https:\/\/schema.org\/BlogPosting\" itemprop=\"blogPost\" ><div class='avia_textblock  '   itemprop=\"text\" ><p style=\"font-weight: 400; text-align: justify;\">El lunes 06 de octubre se realiz\u00f3 en Coyhaique el lanzamiento del 2do Congreso Pedag\u00f3gico Regional \u201cHORIZONTES PEDAG\u00d3GICOS: Ays\u00e9n, territorio de saberes y narrativas\u201d.\u00a0que se ejecutar\u00e1 los d\u00edas 22, 23 y 24 de octubre en las comunas de Coyhaique y Ays\u00e9n.<\/p>\n<p style=\"font-weight: 400; text-align: justify;\">En la actividad participaron la Seremi de Educaci\u00f3n Katherine Miqueles, el Director del Campus Patagonia de la Universidad Austral de Chile Juan Carlos Miranda, el Director General Acad\u00e9mico de la Universidad de Ays\u00e9n Marco Vega; el Director Acad\u00e9mico de Inacap Mario P\u00e9rez. Instituciones que junto al\u00a0<a href=\"https:\/\/www.facebook.com\/profile.php?id=100075832216855&amp;__cft__%5b0%5d=AZUatzcmc5ZWwSqhGeYGNQ-HLgb_Fwkc0lJatYqdaGIQrlcX0NMvJi47YOHy6_w-KFaNA3KdYIf4qlIEs79obilZJ5u-3oGKS8M9jZIVlfU68Ty2vxEILUs22lZ10XBE5rnp0G_FB_eFw2JQoeQz_I-9RsdY7IjhQYvcoVqKpAIyDgxEj_qizAZUgrtipeeGZNA&amp;__tn__=-%5dK-R\" data-saferedirecturl=\"https:\/\/www.google.com\/url?q=https:\/\/www.facebook.com\/profile.php?id%3D100075832216855%26__cft__%255b0%255d%3DAZUatzcmc5ZWwSqhGeYGNQ-HLgb_Fwkc0lJatYqdaGIQrlcX0NMvJi47YOHy6_w-KFaNA3KdYIf4qlIEs79obilZJ5u-3oGKS8M9jZIVlfU68Ty2vxEILUs22lZ10XBE5rnp0G_FB_eFw2JQoeQz_I-9RsdY7IjhQYvcoVqKpAIyDgxEj_qizAZUgrtipeeGZNA%26__tn__%3D-%255dK-R&amp;source=gmail&amp;ust=1760040467099000&amp;usg=AOvVaw3vwA4BClfSpA1MwhAaSYP1\">CFT Estatal de Ays\u00e9n<\/a>\u00a0organizan este congreso pedag\u00f3gico.<\/p>\n<p style=\"font-weight: 400; text-align: justify;\">Este encuentro nace de la necesidad de fortalecer nuestro sistema educativo en el marco de la Reactivaci\u00f3n Educativa. Queremos generar un espacio para reflexionar sobre la formaci\u00f3n de nuestros docentes y renovar su motivaci\u00f3n, porque ellos son el coraz\u00f3n de la educaci\u00f3n.<\/p>\n<p style=\"font-weight: 400; text-align: justify;\">En la oportunidad, Katherine Miqueles destac\u00f3 que este congreso es un esfuerzo colaborativo entre la Seremi de Educaci\u00f3n y las cuatro principales Instituciones de Educaci\u00f3n Superior de la regi\u00f3n: Universidad de Ays\u00e9n, CFT Estatal de Ays\u00e9n, INACAP Sede Coyhaique y la Universidad Austral de Chile Campus Patagonia.<\/p>\n<p style=\"font-weight: 400; text-align: justify;\">\u201cEste II Congreso Pedag\u00f3gico\u00a0 es una acci\u00f3n concreta dentro del plan de Reactivaci\u00f3n Educativa, buscando superar brechas de aprendizaje y construir un sistema m\u00e1s robusto y equitativo para nuestros estudiantes. Su objetivo es reflexionar sobre la formaci\u00f3n inicial y continua de los profesores en la regi\u00f3n y, al mismo tiempo, promover la motivaci\u00f3n para su crucial labor diaria en el aula\u201d, coment\u00f3 la seremi.<\/p>\n<p style=\"font-weight: 400; text-align: justify;\">Por su parte, Marco Vega de la Universidad de Ays\u00e9n se\u00f1al\u00f3 que \u201cComo Universidad de Ays\u00e9n estamos muy contentos y entusiasmados de participar en este II Congreso Pedag\u00f3gico, donde se reflexiona sobre el quehacer y pr\u00e1ctica docente. Tendremos un rol activo en este congreso el segundo d\u00eda, acogiendo en nuestras dependencias conferencias y mesas tem\u00e1ticas en las que habr\u00e1 facilitadores de nuestra instituci\u00f3n. Aprovecho de hacer un reconocimiento al profesor Sergio Martinic acad\u00e9mico de nuestra universidad como uno de los impulsores del primer congreso pedag\u00f3gico, que as\u00ed ha marcado un camino a la reflexi\u00f3n pedag\u00f3gica. La Universidad de Ays\u00e9n est\u00e1 muy comprometida con la educaci\u00f3n p\u00fablica regional y apoyar\u00e1 todas acciones que la fortalezcan como este Congreso Pedag\u00f3gico\u201d.<\/p>\n<p style=\"font-weight: 400; text-align: justify;\">El representante de Inacap Mario P\u00e9rez expres\u00f3 que \u201cEstamos orgullosos de acoger la inauguraci\u00f3n y primera jornada del II Congreso Pedag\u00f3gico y poner adem\u00e1s la experiencia de nuestros equipos para que desarrollen de la mejor forma posible las actividades contenidas en este Congreso. Valoramos esta instancia como algo esencial que se necesita en la regi\u00f3n para el desarrollo docente y la mejora continua. Mi expectativa personal es que la comunidad valore este espacio que busca la mejora continua y que se proyecte en el tiempo, porque las cosas que permanecen en el tiempo son las que producen los cambios que se necesitan\u201d.<\/p>\n<p style=\"font-weight: 400; text-align: justify;\">En su intervenci\u00f3n el\u00a0 Director del Campus Patagonia de la Universidad Austral de Chile Juan Carlos Miranda manifest\u00f3 que: \u201cLos profesores y su trabajo en el aula son fundamentales para lograr el reencantamiento con la ense\u00f1anza y as\u00ed lo hemos entendido en la Universidad Austral de Chile en la formaci\u00f3n de muchos maestros y maestras. Nosotros tenemos una preocupaci\u00f3n por la formaci\u00f3n y la educaci\u00f3n para el siglo XXI. Ah\u00ed tenemos muchos desaf\u00edos como centro de educaci\u00f3n superior y tambi\u00e9n en la educaci\u00f3n continua y la formaci\u00f3n de capital humano para\u00a0 la regi\u00f3n de Ays\u00e9n, teniendo en cuenta el avance de las tecnolog\u00edas y la\u00a0 inteligencia artificial.\u00a0 Para ello estamos trabajando en alianza con instituciones regionales para avanzar en programas desde nuestra instituci\u00f3n que respondan a estos desaf\u00edos\u201d.<\/p>\n<p style=\"font-weight: 400; text-align: justify;\"><strong>Programa y actividades<\/strong><\/p>\n<p style=\"font-weight: 400; text-align: justify;\">El programa del II Congreso Pedag\u00f3gico \u201cHORIZONTES PEDAG\u00d3GICOS: Ays\u00e9n, territorio de saberes y narrativas\u201d.\u00a0 est\u00e1 dise\u00f1ado para abordar temas cruciales para la pr\u00e1ctica pedag\u00f3gica: la formaci\u00f3n docente en Ays\u00e9n, metodolog\u00edas y did\u00e1cticas innovadoras, el fomento de la lectura y escritura, y la comprensi\u00f3n del pensamiento l\u00f3gico-matem\u00e1tico\u00bb.<\/p>\n<p style=\"font-weight: 400; text-align: justify;\">Se contar\u00e1 con la participaci\u00f3n de destacados expertos como Lorena Herrera Fillips, de la Universidad de Chile; Jaime Buhigas Tall\u00f3n, fil\u00f3sofo y escritor espa\u00f1ol que realizar\u00e1 tres conferencias; y adem\u00e1s, con la finalidad de relevar el aporte de los acad\u00e9micos y aced\u00e9micas de las casas de estudio superiores a nivel regional, dictar\u00e1n charlas para la reflexi\u00f3n pedag\u00f3gica los profesionales Bernardita Maillard (UACh) y Claudio Peris (CFT Estatal).<\/p>\n<p style=\"font-weight: 400; text-align: justify;\">No ser\u00e1n solo conferencias, el II Congreso Pedag\u00f3gico Regional contar\u00e1 con Conversatorios Pedag\u00f3gicos con la metodolog\u00eda \u2018Caf\u00e9 del Mundo\u2019, para que los y las docentes compartan sus narrativas y experiencias. Estos conversatorios ser\u00e1n moderados por docentes que son integrantes de la Red de Maestros de Maestros a nivel regional.<\/p>\n<p style=\"font-weight: 400; text-align: justify;\">Tambi\u00e9n contaremos con un especial reconocimiento a la labor docente en un momento muy especial del congreso, espacio donde se realizar\u00e1 un reconocimiento a profesionales y docentes de la regi\u00f3n por su trayectoria educativa, valorando su entrega y compromiso.<\/p>\n<\/div><\/section><\/div><div  style='height:50px' class='hr hr-invisible   avia-builder-el-6  el_after_av_one_full  el_before_av_social_share '><span class='hr-inner ' ><span class='hr-inner-style'><\/span><\/span><\/div><\/p>\n<div  class='av-social-sharing-box  avia-builder-el-7  el_after_av_hr  el_before_av_hr  '><div class='av-share-box'><h5 class='av-share-link-description av-no-toc '>Compartir esta noticia<\/h5><ul class='av-share-box-list noLightbox'><li class='av-share-link av-social-link-facebook' ><a target=\"_blank\" aria-label=\"Compartir en Facebook\" href='https:\/\/www.facebook.com\/sharer.php?u=https:\/\/radiorevelacionfm.cl\/?p=60103&#038;t=Convocan%20al%20II%20Congreso%20Pedag%C3%B3gico%20Regional%20%E2%80%9CHorizontes%20Pedag%C3%B3gicos%3A%20Ays%C3%A9n%2C%20territorio%20de%20saberes%20y%20narrativas%E2%80%9D' aria-hidden='false' data-av_icon='\ue8f3' data-av_iconfont='entypo-fontello' title='' data-avia-related-tooltip='Compartir en Facebook' rel=\"noopener\"><span class='avia_hidden_link_text'>Compartir en Facebook<\/span><\/a><\/li><li class='av-share-link av-social-link-twitter' ><a target=\"_blank\" aria-label=\"Compartir en Twitter\" href='https:\/\/twitter.com\/share?text=Convocan%20al%20II%20Congreso%20Pedag%C3%B3gico%20Regional%20%E2%80%9CHorizontes%20Pedag%C3%B3gicos%3A%20Ays%C3%A9n%2C%20territorio%20de%20saberes%20y%20narrativas%E2%80%9D&#038;url=https:\/\/radiorevelacionfm.cl\/?p=60103' aria-hidden='false' data-av_icon='\ue8f1' data-av_iconfont='entypo-fontello' title='' data-avia-related-tooltip='Compartir en Twitter' rel=\"noopener\"><span class='avia_hidden_link_text'>Compartir en Twitter<\/span><\/a><\/li><li class='av-share-link av-social-link-whatsapp' ><a target=\"_blank\" aria-label=\"Compartir en Whatsapp\" href='https:\/\/api.whatsapp.com\/send?text=https:\/\/radiorevelacionfm.cl\/?p=60103' aria-hidden='false' data-av_icon='\uf232' data-av_iconfont='entypo-fontello' title='' data-avia-related-tooltip='Compartir en Whatsapp' rel=\"noopener\"><span class='avia_hidden_link_text'>Compartir en Whatsapp<\/span><\/a><\/li><li class='av-share-link av-social-link-linkedin' ><a target=\"_blank\" aria-label=\"Compartir en LinkedIn\" href='https:\/\/linkedin.com\/shareArticle?mini=true&#038;title=Convocan%20al%20II%20Congreso%20Pedag%C3%B3gico%20Regional%20%E2%80%9CHorizontes%20Pedag%C3%B3gicos%3A%20Ays%C3%A9n%2C%20territorio%20de%20saberes%20y%20narrativas%E2%80%9D&#038;url=https:\/\/radiorevelacionfm.cl\/?p=60103' aria-hidden='false' data-av_icon='\ue8fc' data-av_iconfont='entypo-fontello' title='' data-avia-related-tooltip='Compartir en LinkedIn' rel=\"noopener\"><span class='avia_hidden_link_text'>Compartir en LinkedIn<\/span><\/a><\/li><li class='av-share-link av-social-link-mail' ><a  aria-label=\"Compartir por correo\" href='mailto:?subject=Convocan%20al%20II%20Congreso%20Pedag%C3%B3gico%20Regional%20%E2%80%9CHorizontes%20Pedag%C3%B3gicos%3A%20Ays%C3%A9n%2C%20territorio%20de%20saberes%20y%20narrativas%E2%80%9D&#038;body=https:\/\/radiorevelacionfm.cl\/?p=60103' aria-hidden='false' data-av_icon='\ue805' data-av_iconfont='entypo-fontello' title='' data-avia-related-tooltip='Compartir por correo'><span class='avia_hidden_link_text'>Compartir por correo<\/span><\/a><\/li><\/ul><\/div><\/div>\n<div  style='height:50px' class='hr hr-invisible   avia-builder-el-8  el_after_av_social_share  el_before_av_comments_list '><span class='hr-inner ' ><span class='hr-inner-style'><\/span><\/span><\/div>\n<div  class='av-buildercomment  av-blog-meta-html-info-disabled av-blog-meta-tag-disabled  '><\/div>\n","protected":false},"excerpt":{"rendered":"","protected":false},"author":1,"featured_media":60104,"comment_status":"closed","ping_status":"closed","sticky":false,"template":"","format":"standard","meta":{"footnotes":""},"categories":[49],"tags":[],"class_list":["post-60103","post","type-post","status-publish","format-standard","has-post-thumbnail","hentry","category-educacion"],"jetpack_featured_media_url":"https:\/\/radiorevelacionfm.cl\/wp-content\/uploads\/2025\/10\/Lanzamiento-II-Congreso-1-1-1.jpeg","_links":{"self":[{"href":"https:\/\/radiorevelacionfm.cl\/index.php?rest_route=\/wp\/v2\/posts\/60103","targetHints":{"allow":["GET"]}}],"collection":[{"href":"https:\/\/radiorevelacionfm.cl\/index.php?rest_route=\/wp\/v2\/posts"}],"about":[{"href":"https:\/\/radiorevelacionfm.cl\/index.php?rest_route=\/wp\/v2\/types\/post"}],"author":[{"embeddable":true,"href":"https:\/\/radiorevelacionfm.cl\/index.php?rest_route=\/wp\/v2\/users\/1"}],"replies":[{"embeddable":true,"href":"https:\/\/radiorevelacionfm.cl\/index.php?rest_route=%2Fwp%2Fv2%2Fcomments&post=60103"}],"version-history":[{"count":2,"href":"https:\/\/radiorevelacionfm.cl\/index.php?rest_route=\/wp\/v2\/posts\/60103\/revisions"}],"predecessor-version":[{"id":60180,"href":"https:\/\/radiorevelacionfm.cl\/index.php?rest_route=\/wp\/v2\/posts\/60103\/revisions\/60180"}],"wp:featuredmedia":[{"embeddable":true,"href":"https:\/\/radiorevelacionfm.cl\/index.php?rest_route=\/wp\/v2\/media\/60104"}],"wp:attachment":[{"href":"https:\/\/radiorevelacionfm.cl\/index.php?rest_route=%2Fwp%2Fv2%2Fmedia&parent=60103"}],"wp:term":[{"taxonomy":"category","embeddable":true,"href":"https:\/\/radiorevelacionfm.cl\/index.php?rest_route=%2Fwp%2Fv2%2Fcategories&post=60103"},{"taxonomy":"post_tag","embeddable":true,"href":"https:\/\/radiorevelacionfm.cl\/index.php?rest_route=%2Fwp%2Fv2%2Ftags&post=60103"}],"curies":[{"name":"wp","href":"https:\/\/api.w.org\/{rel}","templated":true}]}}