{"id":60099,"date":"2025-10-08T16:44:57","date_gmt":"2025-10-08T19:44:57","guid":{"rendered":"https:\/\/radiorevelacionfm.cl\/?p=60099"},"modified":"2025-10-08T16:44:57","modified_gmt":"2025-10-08T19:44:57","slug":"municipio-y-dirigentes-rurales-de-cochrane-lamentan-falta-de-medidas-concretas-tras-visita-del-subsecretario-de-agricultura","status":"publish","type":"post","link":"https:\/\/radiorevelacionfm.cl\/?p=60099","title":{"rendered":"Municipio y dirigentes rurales de Cochrane lamentan falta de medidas concretas tras visita del Subsecretario de Agricultura"},"content":{"rendered":"<div class=\"flex_column av_one_full  flex_column_div av-zero-column-padding first  avia-builder-el-0  el_before_av_one_full  avia-builder-el-first  \" style='border-radius:0px; '><div  class='avia-image-container  av-styling-    avia-builder-el-1  avia-builder-el-no-sibling  avia-align-center '  itemprop=\"image\" itemscope=\"itemscope\" itemtype=\"https:\/\/schema.org\/ImageObject\"  ><div class='avia-image-container-inner'><div class='avia-image-overlay-wrap'><img decoding=\"async\" class='wp-image-60100 avia-img-lazy-loading-not-60100 avia_image' src=\"https:\/\/radiorevelacionfm.cl\/wp-content\/uploads\/2025\/10\/VISITA-SUBSECRETARIO-A-COCHRANE_MUNICIP-5-1-1.jpg\" alt='' title='VISITA SUBSECRETARIO A COCHRANE_MUNICIP (5) (1) (1)' height=\"600\" width=\"900\"  itemprop=\"thumbnailUrl\" srcset=\"https:\/\/radiorevelacionfm.cl\/wp-content\/uploads\/2025\/10\/VISITA-SUBSECRETARIO-A-COCHRANE_MUNICIP-5-1-1.jpg 900w, https:\/\/radiorevelacionfm.cl\/wp-content\/uploads\/2025\/10\/VISITA-SUBSECRETARIO-A-COCHRANE_MUNICIP-5-1-1-300x200.jpg 300w, https:\/\/radiorevelacionfm.cl\/wp-content\/uploads\/2025\/10\/VISITA-SUBSECRETARIO-A-COCHRANE_MUNICIP-5-1-1-768x512.jpg 768w, https:\/\/radiorevelacionfm.cl\/wp-content\/uploads\/2025\/10\/VISITA-SUBSECRETARIO-A-COCHRANE_MUNICIP-5-1-1-705x470.jpg 705w, https:\/\/radiorevelacionfm.cl\/wp-content\/uploads\/2025\/10\/VISITA-SUBSECRETARIO-A-COCHRANE_MUNICIP-5-1-1-450x300.jpg 450w, https:\/\/radiorevelacionfm.cl\/wp-content\/uploads\/2025\/10\/VISITA-SUBSECRETARIO-A-COCHRANE_MUNICIP-5-1-1-600x400.jpg 600w\" sizes=\"(max-width: 900px) 100vw, 900px\" \/><\/div><\/div><\/div><\/div><div class=\"flex_column av_one_full  flex_column_div av-zero-column-padding first  avia-builder-el-2  el_after_av_one_full  el_before_av_one_full  column-top-margin\" style='border-radius:0px; '><section class=\"av_textblock_section \"  itemscope=\"itemscope\" itemtype=\"https:\/\/schema.org\/BlogPosting\" itemprop=\"blogPost\" ><div class='avia_textblock  '   itemprop=\"text\" ><p style=\"text-align: center;\"><strong><span style=\"font-size: 18pt;\">Municipio y dirigentes rurales de Cochrane lamentan falta de medidas concretas tras visita del Subsecretario de Agricultura<\/span><\/strong><\/p>\n<div id=\"gtx-trans\" style=\"position: absolute; left: -50px; top: 4.31534px;\">\n<div class=\"gtx-trans-icon\"><\/div>\n<\/div>\n<\/div><\/section><\/div><div class=\"flex_column av_one_full  flex_column_div av-zero-column-padding first  avia-builder-el-4  el_after_av_one_full  el_before_av_hr  column-top-margin\" style='border-radius:0px; '><section class=\"av_textblock_section \"  itemscope=\"itemscope\" itemtype=\"https:\/\/schema.org\/BlogPosting\" itemprop=\"blogPost\" ><div class='avia_textblock  '   itemprop=\"text\" ><p style=\"text-align: justify;\">Con altas expectativas se desarroll\u00f3 esta ma\u00f1ana en el Centro Cultural de Cochrane la reuni\u00f3n entre el Subsecretario de Agricultura,\u00a0Alan Espinoza Ortiz, autoridades locales y dirigentes del mundo rural, en el marco de la emergencia agropecuaria que afecta a la comuna de Cochrane y gran parte de la provincia Capit\u00e1n Prat.<\/p>\n<p style=\"text-align: justify;\">En la cita participaron el alcalde\u00a0Patricio Ulloa Georgia, concejales, los diputados\u00a0Marcia Raphael\u00a0y\u00a0Ren\u00e9 Alinco, consejero regional\u00a0Rodrigo Rivera, adem\u00e1s de representantes del\u00a0SAG,\u00a0INDAP\u00a0y otros servicios del agro. Los productores locales expusieron la compleja situaci\u00f3n que enfrentan tras semanas de intensas lluvias que han provocado graves p\u00e9rdidas en animales, forraje, herramientas, cultivos e infraestructura predial.<\/p>\n<p style=\"text-align: justify;\">El\u00a0alcalde de Cochrane Patricio Ulloa Georgia\u00a0se\u00f1al\u00f3 que exist\u00eda una alta expectativa con la visita del Subsecretario, considerando que se trata de una autoridad pol\u00edtica nacional y que Cochrane vive hoy una emergencia declarada. \u201cNuestros productores lo est\u00e1n pasando mal, han sufrido grandes p\u00e9rdidas en animales, cultivos, herramientas e infraestructura. Por eso esper\u00e1bamos medidas concretas. Sabemos del bono de 400 mil pesos anunciados por INDAP, pero los dirigentes han sido claros en que es insuficiente. Nos vamos desilusionados, porque el Subsecretario vino principalmente a escuchar lo que ya sab\u00edamos, y ni siquiera quiso firmar un documento con los compromisos conversados. Esperamos que el Ministerio de Agricultura utilice los recursos ofrecidos por el Gobernador Regional, quien puso a disposici\u00f3n el 2% de emergencia regional para bajarlo directamente a los productores de Cochrane y la provincia Capit\u00e1n Prat\u201d, expres\u00f3 el jefe comunal.<\/p>\n<p style=\"text-align: justify;\">Desde el mundo campesino, la dirigente\u00a0Teresa Cruces Reyes\u00a0manifest\u00f3 la frustraci\u00f3n de los vecinos rurales ante la falta de respuestas inmediatas. \u201cPens\u00e1bamos que esta vez iba a llegar una respuesta concreta, porque venimos reclamando hace d\u00edas que el bono de emergencia es insuficiente. Hemos tratado de dar esta pelea de forma calmada y respetuosa, pero la situaci\u00f3n en el campo es muy dura: tenemos videos y fotograf\u00edas que cualquier campesino no podr\u00eda soportar. Los instrumentos del agro sirven, pero son soluciones de mediano o largo plazo. Lo que necesitamos ahora es ayuda real y urgente para quienes lo hemos perdido casi todo\u201d, afirm\u00f3.<\/p>\n<p style=\"text-align: justify;\">Por su parte, el Subsecretario de Agricultura\u00a0Alan Espinoza Ortiz\u00a0indic\u00f3 que el Gobierno continuar\u00e1 levantando informaci\u00f3n para responder a la emergencia, comprometiendo trabajo conjunto con el\u00a0SAG\u00a0e\u00a0INDAP. \u201cNos hemos reunido con las autoridades locales, parlamentarios y dirigentes rurales para conocer en terreno la afectaci\u00f3n que ha provocado el mal tiempo en la zona sur de Ays\u00e9n. Hemos comprometido trabajo con el SAG para abordar las complicaciones sanitarias en los animales, y a trav\u00e9s de INDAP vamos a entregar apoyo directo a los productores afectados. Adem\u00e1s, llevamos el compromiso de coordinar con el Gobierno Regional f\u00f3rmulas que permitan apoyar a aquellos usuarios no INDAP que tambi\u00e9n se han visto perjudicados. Actualmente se est\u00e1n gestionando cerca de\u00a0$270 millones\u00a0para entregar a los productores del programa INDAP afectados por la contingencia\u201d, se\u00f1al\u00f3 la autoridad.<\/p>\n<p style=\"text-align: justify;\"><strong>Al cierre del encuentro, la prensa local desarrollo algunas consultas al Subsecretario<\/strong><\/p>\n<p style=\"text-align: justify;\">Ante la pregunta sobre cu\u00e1l ser\u00eda la respuesta inmediata a la comunidad, la autoridad se\u00f1al\u00f3 que \u201clos equipos t\u00e9cnicos del Ministerio, del municipio, la Seremi de Agricultura y la Delegaci\u00f3n Provincial est\u00e1n desplegados en terreno, trabajando para llegar de manera oportuna a los productores que han sido afectados\u201d.<\/p>\n<p style=\"text-align: justify;\">Consultado sobre las fechas concretas para la entrega de ayudas, explic\u00f3 que \u201cexiste una declaraci\u00f3n firmada por el director nacional de INDAP, que considera alrededor de 270 millones de pesos destinados a productores usuarios de INDAP\u201d, agregando que \u201cse est\u00e1 trabajando para poder entregar esos recursos de manera oportuna\u201d.<\/p>\n<p style=\"text-align: justify;\">Finalmente, frente a la consulta sobre las medidas para los agricultores que no pertenecen a INDAP, indic\u00f3 que \u201cse est\u00e1 evaluando junto al Gobierno Regional c\u00f3mo poder llegar tambi\u00e9n a esos productores que no son parte del programa INDAP y que se han visto afectados por esta contingencia clim\u00e1tica\u201d.<\/p>\n<p style=\"text-align: justify;\">Desde el municipio de Cochrane se reiter\u00f3 el llamado a una respuesta r\u00e1pida y coordinada, entreg\u00e1ndole al Subsecretario \u2014por parte del edil\u2014 un oficio con los puntos que no tuvieron respuesta en la mesa de trabajo levantada en Cochrane.<\/p>\n<p style=\"text-align: justify;\">El documento, identificado con el Oficio N\u00b0 814 recoge las principales demandas del mundo rural y las propuestas formuladas por los dirigentes y el municipio, en el marco de la emergencia agropecuaria que afecta a la comuna.<\/p>\n<p style=\"text-align: justify;\">El alcalde Ulloa enfatiz\u00f3 que la crisis ya est\u00e1 instalada en el territorio y que urge reforzar el apoyo al mundo rural, base de la identidad y la econom\u00eda local.<\/p>\n<\/div><\/section><\/div><div  style='height:50px' class='hr hr-invisible   avia-builder-el-6  el_after_av_one_full  el_before_av_social_share '><span class='hr-inner ' ><span class='hr-inner-style'><\/span><\/span><\/div><\/p>\n<div  class='av-social-sharing-box  avia-builder-el-7  el_after_av_hr  el_before_av_hr  '><div class='av-share-box'><h5 class='av-share-link-description av-no-toc '>Compartir esta noticia<\/h5><ul class='av-share-box-list noLightbox'><li class='av-share-link av-social-link-facebook' ><a target=\"_blank\" aria-label=\"Compartir en Facebook\" href='https:\/\/www.facebook.com\/sharer.php?u=https:\/\/radiorevelacionfm.cl\/?p=60099&#038;t=Municipio%20y%20dirigentes%20rurales%20de%20Cochrane%20lamentan%20falta%20de%20medidas%20concretas%20tras%20visita%20del%20Subsecretario%20de%20Agricultura' aria-hidden='false' data-av_icon='\ue8f3' data-av_iconfont='entypo-fontello' title='' data-avia-related-tooltip='Compartir en Facebook' rel=\"noopener\"><span class='avia_hidden_link_text'>Compartir en Facebook<\/span><\/a><\/li><li class='av-share-link av-social-link-twitter' ><a target=\"_blank\" aria-label=\"Compartir en Twitter\" href='https:\/\/twitter.com\/share?text=Municipio%20y%20dirigentes%20rurales%20de%20Cochrane%20lamentan%20falta%20de%20medidas%20concretas%20tras%20visita%20del%20Subsecretario%20de%20Agricultura&#038;url=https:\/\/radiorevelacionfm.cl\/?p=60099' aria-hidden='false' data-av_icon='\ue8f1' data-av_iconfont='entypo-fontello' title='' data-avia-related-tooltip='Compartir en Twitter' rel=\"noopener\"><span class='avia_hidden_link_text'>Compartir en Twitter<\/span><\/a><\/li><li class='av-share-link av-social-link-whatsapp' ><a target=\"_blank\" aria-label=\"Compartir en Whatsapp\" href='https:\/\/api.whatsapp.com\/send?text=https:\/\/radiorevelacionfm.cl\/?p=60099' aria-hidden='false' data-av_icon='\uf232' data-av_iconfont='entypo-fontello' title='' data-avia-related-tooltip='Compartir en Whatsapp' rel=\"noopener\"><span class='avia_hidden_link_text'>Compartir en Whatsapp<\/span><\/a><\/li><li class='av-share-link av-social-link-linkedin' ><a target=\"_blank\" aria-label=\"Compartir en LinkedIn\" href='https:\/\/linkedin.com\/shareArticle?mini=true&#038;title=Municipio%20y%20dirigentes%20rurales%20de%20Cochrane%20lamentan%20falta%20de%20medidas%20concretas%20tras%20visita%20del%20Subsecretario%20de%20Agricultura&#038;url=https:\/\/radiorevelacionfm.cl\/?p=60099' aria-hidden='false' data-av_icon='\ue8fc' data-av_iconfont='entypo-fontello' title='' data-avia-related-tooltip='Compartir en LinkedIn' rel=\"noopener\"><span class='avia_hidden_link_text'>Compartir en LinkedIn<\/span><\/a><\/li><li class='av-share-link av-social-link-mail' ><a  aria-label=\"Compartir por correo\" href='mailto:?subject=Municipio%20y%20dirigentes%20rurales%20de%20Cochrane%20lamentan%20falta%20de%20medidas%20concretas%20tras%20visita%20del%20Subsecretario%20de%20Agricultura&#038;body=https:\/\/radiorevelacionfm.cl\/?p=60099' aria-hidden='false' data-av_icon='\ue805' data-av_iconfont='entypo-fontello' title='' data-avia-related-tooltip='Compartir por correo'><span class='avia_hidden_link_text'>Compartir por correo<\/span><\/a><\/li><\/ul><\/div><\/div>\n<div  style='height:50px' class='hr hr-invisible   avia-builder-el-8  el_after_av_social_share  el_before_av_comments_list '><span class='hr-inner ' ><span class='hr-inner-style'><\/span><\/span><\/div>\n<div  class='av-buildercomment  av-blog-meta-html-info-disabled av-blog-meta-tag-disabled  '><\/div>\n","protected":false},"excerpt":{"rendered":"","protected":false},"author":1,"featured_media":60100,"comment_status":"closed","ping_status":"closed","sticky":false,"template":"","format":"standard","meta":{"footnotes":""},"categories":[38],"tags":[],"class_list":["post-60099","post","type-post","status-publish","format-standard","has-post-thumbnail","hentry","category-regional"],"jetpack_featured_media_url":"https:\/\/radiorevelacionfm.cl\/wp-content\/uploads\/2025\/10\/VISITA-SUBSECRETARIO-A-COCHRANE_MUNICIP-5-1-1.jpg","_links":{"self":[{"href":"https:\/\/radiorevelacionfm.cl\/index.php?rest_route=\/wp\/v2\/posts\/60099","targetHints":{"allow":["GET"]}}],"collection":[{"href":"https:\/\/radiorevelacionfm.cl\/index.php?rest_route=\/wp\/v2\/posts"}],"about":[{"href":"https:\/\/radiorevelacionfm.cl\/index.php?rest_route=\/wp\/v2\/types\/post"}],"author":[{"embeddable":true,"href":"https:\/\/radiorevelacionfm.cl\/index.php?rest_route=\/wp\/v2\/users\/1"}],"replies":[{"embeddable":true,"href":"https:\/\/radiorevelacionfm.cl\/index.php?rest_route=%2Fwp%2Fv2%2Fcomments&post=60099"}],"version-history":[{"count":2,"href":"https:\/\/radiorevelacionfm.cl\/index.php?rest_route=\/wp\/v2\/posts\/60099\/revisions"}],"predecessor-version":[{"id":60102,"href":"https:\/\/radiorevelacionfm.cl\/index.php?rest_route=\/wp\/v2\/posts\/60099\/revisions\/60102"}],"wp:featuredmedia":[{"embeddable":true,"href":"https:\/\/radiorevelacionfm.cl\/index.php?rest_route=\/wp\/v2\/media\/60100"}],"wp:attachment":[{"href":"https:\/\/radiorevelacionfm.cl\/index.php?rest_route=%2Fwp%2Fv2%2Fmedia&parent=60099"}],"wp:term":[{"taxonomy":"category","embeddable":true,"href":"https:\/\/radiorevelacionfm.cl\/index.php?rest_route=%2Fwp%2Fv2%2Fcategories&post=60099"},{"taxonomy":"post_tag","embeddable":true,"href":"https:\/\/radiorevelacionfm.cl\/index.php?rest_route=%2Fwp%2Fv2%2Ftags&post=60099"}],"curies":[{"name":"wp","href":"https:\/\/api.w.org\/{rel}","templated":true}]}}