{"id":60089,"date":"2025-10-08T15:34:33","date_gmt":"2025-10-08T18:34:33","guid":{"rendered":"https:\/\/radiorevelacionfm.cl\/?p=60089"},"modified":"2025-10-08T15:34:33","modified_gmt":"2025-10-08T18:34:33","slug":"mowi-chile-y-universidad-de-aysen-firman-convenio-para-fortalecer-la-formacion-profesional-y-la-innovacion-regional","status":"publish","type":"post","link":"https:\/\/radiorevelacionfm.cl\/?p=60089","title":{"rendered":"Mowi Chile y Universidad de Ays\u00e9n firman convenio para fortalecer la formaci\u00f3n profesional y la innovaci\u00f3n regional"},"content":{"rendered":"<div class=\"flex_column av_one_full  flex_column_div av-zero-column-padding first  avia-builder-el-0  el_before_av_one_full  avia-builder-el-first  \" style='border-radius:0px; '><div  class='avia-image-container  av-styling-    avia-builder-el-1  avia-builder-el-no-sibling  avia-align-center '  itemprop=\"image\" itemscope=\"itemscope\" itemtype=\"https:\/\/schema.org\/ImageObject\"  ><div class='avia-image-container-inner'><div class='avia-image-overlay-wrap'><img decoding=\"async\" class='wp-image-60090 avia-img-lazy-loading-not-60090 avia_image' src=\"https:\/\/radiorevelacionfm.cl\/wp-content\/uploads\/2025\/10\/mowi-uaysEn16_optimized.jpg\" alt='' title='mowi-uays\u00c9n16_optimized' height=\"600\" width=\"900\"  itemprop=\"thumbnailUrl\" srcset=\"https:\/\/radiorevelacionfm.cl\/wp-content\/uploads\/2025\/10\/mowi-uaysEn16_optimized.jpg 900w, https:\/\/radiorevelacionfm.cl\/wp-content\/uploads\/2025\/10\/mowi-uaysEn16_optimized-300x200.jpg 300w, https:\/\/radiorevelacionfm.cl\/wp-content\/uploads\/2025\/10\/mowi-uaysEn16_optimized-768x512.jpg 768w, https:\/\/radiorevelacionfm.cl\/wp-content\/uploads\/2025\/10\/mowi-uaysEn16_optimized-705x470.jpg 705w, https:\/\/radiorevelacionfm.cl\/wp-content\/uploads\/2025\/10\/mowi-uaysEn16_optimized-450x300.jpg 450w, https:\/\/radiorevelacionfm.cl\/wp-content\/uploads\/2025\/10\/mowi-uaysEn16_optimized-600x400.jpg 600w\" sizes=\"(max-width: 900px) 100vw, 900px\" \/><\/div><\/div><\/div><\/div><div class=\"flex_column av_one_full  flex_column_div av-zero-column-padding first  avia-builder-el-2  el_after_av_one_full  el_before_av_one_full  column-top-margin\" style='border-radius:0px; '><section class=\"av_textblock_section \"  itemscope=\"itemscope\" itemtype=\"https:\/\/schema.org\/BlogPosting\" itemprop=\"blogPost\" ><div class='avia_textblock  '   itemprop=\"text\" ><p style=\"text-align: center;\"><span style=\"font-size: 18pt;\"><b><span lang=\"es\">Mowi Chile y Universidad de Ays\u00e9n firman convenio para fortalecer la formaci\u00f3n profesional y la innovaci\u00f3n regional<\/span><\/b><\/span><\/p>\n<div id=\"gtx-trans\" style=\"position: absolute; left: -50px; top: 4.31534px;\">\n<div class=\"gtx-trans-icon\"><\/div>\n<\/div>\n<\/div><\/section><\/div><div class=\"flex_column av_one_full  flex_column_div av-zero-column-padding first  avia-builder-el-4  el_after_av_one_full  el_before_av_hr  column-top-margin\" style='border-radius:0px; '><section class=\"av_textblock_section \"  itemscope=\"itemscope\" itemtype=\"https:\/\/schema.org\/BlogPosting\" itemprop=\"blogPost\" ><div class='avia_textblock  '   itemprop=\"text\" ><p style=\"font-weight: 400; text-align: justify;\">La compa\u00f1\u00eda productora de salmones Mowi Chile firm\u00f3 un convenio de colaboraci\u00f3n con la Universidad de Ays\u00e9n, orientado a promover actividades conjuntas en docencia, investigaci\u00f3n y vinculaci\u00f3n con el medio.<\/p>\n<p style=\"font-weight: 400; text-align: justify;\">El acuerdo contempla no solo fomentar el aprendizaje pr\u00e1ctico y la investigaci\u00f3n, sino tambi\u00e9n impulsar actividades de divulgaci\u00f3n cient\u00edfica como charlas, congresos y espacios de transferencia tecnol\u00f3gica que conecten a la comunidad universitaria con la industria acu\u00edcola. Adem\u00e1s, promueve el desarrollo de proyectos de investigaci\u00f3n e innovaci\u00f3n orientados a contribuir al progreso sostenible de la Regi\u00f3n de Ays\u00e9n.<\/p>\n<p style=\"font-weight: 400; text-align: justify;\">\u201cNos unimos en un prop\u00f3sito com\u00fan: aportar al desarrollo de la Regi\u00f3n de Ays\u00e9n a trav\u00e9s de trabajos conjuntos que impacten positivamente en la calidad de vida de las personas\u201d, destac\u00f3 \u00c1lvaro P\u00e9rez, gerente de Sustentabilidad y Asuntos P\u00fablicos de Mowi Chile.<\/p>\n<p style=\"font-weight: 400; text-align: justify;\">El convenio tambi\u00e9n reforzar\u00e1 la formaci\u00f3n profesional de estudiantes de Ingenier\u00eda Comercial, Civil Industrial y Civil Inform\u00e1tica, a trav\u00e9s de pr\u00e1cticas, pasant\u00edas, talleres y proyectos de titulaci\u00f3n realizados en colaboraci\u00f3n con Mowi Chile.<\/p>\n<p style=\"font-weight: 400; text-align: justify;\"><strong>\u201c<\/strong>El convenio abre muchas oportunidades para los estudiantes, desde las pr\u00e1cticas acad\u00e9micas y los semilleros de investigaci\u00f3n, hasta la posibilidad de poner en pr\u00e1ctica lo que aprenden en el aula y conocerlo desde la realidad de la industria. Y para los acad\u00e9micos, representa tambi\u00e9n movilidad y nuevas l\u00edneas de conocimiento a trav\u00e9s de proyectos conjuntos de investigaci\u00f3n\u201d, se\u00f1al\u00f3 Carolina Aguirre Garz\u00f3n, jefa de carrera de Ingenier\u00eda Comercial de la Universidad de Ays\u00e9n.<\/p>\n<p style=\"font-weight: 400; text-align: justify;\">El acuerdo, que tendr\u00e1 una vigencia inicial de cinco a\u00f1os, refuerza la visi\u00f3n de Mowi Chile de trabajar junto a instituciones locales para promover una industria cada vez m\u00e1s sostenible, transparente y conectada con las comunidades donde opera.<\/p>\n<p style=\"font-weight: 400; text-align: justify;\">En esta l\u00ednea, Juan Pablo Prieto Cox, administrador provisional de la Universidad de Ays\u00e9n, relat\u00f3 que \u201cdesde la universidad entregamos capacidad de estudio e investigaci\u00f3n, y Mowi ofrece espacios de pr\u00e1ctica y desarrollo para los estudiantes. Pero, sobre todo, es una uni\u00f3n en torno a un prop\u00f3sito com\u00fan: contribuir al desarrollo de la Regi\u00f3n de Ays\u00e9n mediante trabajos conjuntos que mejoren la calidad de vida de las personas\u201d.<\/p>\n<\/div><\/section><\/div><div  style='height:50px' class='hr hr-invisible   avia-builder-el-6  el_after_av_one_full  el_before_av_social_share '><span class='hr-inner ' ><span class='hr-inner-style'><\/span><\/span><\/div><\/p>\n<div  class='av-social-sharing-box  avia-builder-el-7  el_after_av_hr  el_before_av_hr  '><div class='av-share-box'><h5 class='av-share-link-description av-no-toc '>Compartir esta noticia<\/h5><ul class='av-share-box-list noLightbox'><li class='av-share-link av-social-link-facebook' ><a target=\"_blank\" aria-label=\"Compartir en Facebook\" href='https:\/\/www.facebook.com\/sharer.php?u=https:\/\/radiorevelacionfm.cl\/?p=60089&#038;t=Mowi%20Chile%20y%20Universidad%20de%20Ays%C3%A9n%20firman%20convenio%20para%20fortalecer%20la%20formaci%C3%B3n%20profesional%20y%20la%20innovaci%C3%B3n%20regional' aria-hidden='false' data-av_icon='\ue8f3' data-av_iconfont='entypo-fontello' title='' data-avia-related-tooltip='Compartir en Facebook' rel=\"noopener\"><span class='avia_hidden_link_text'>Compartir en Facebook<\/span><\/a><\/li><li class='av-share-link av-social-link-twitter' ><a target=\"_blank\" aria-label=\"Compartir en Twitter\" href='https:\/\/twitter.com\/share?text=Mowi%20Chile%20y%20Universidad%20de%20Ays%C3%A9n%20firman%20convenio%20para%20fortalecer%20la%20formaci%C3%B3n%20profesional%20y%20la%20innovaci%C3%B3n%20regional&#038;url=https:\/\/radiorevelacionfm.cl\/?p=60089' aria-hidden='false' data-av_icon='\ue8f1' data-av_iconfont='entypo-fontello' title='' data-avia-related-tooltip='Compartir en Twitter' rel=\"noopener\"><span class='avia_hidden_link_text'>Compartir en Twitter<\/span><\/a><\/li><li class='av-share-link av-social-link-whatsapp' ><a target=\"_blank\" aria-label=\"Compartir en Whatsapp\" href='https:\/\/api.whatsapp.com\/send?text=https:\/\/radiorevelacionfm.cl\/?p=60089' aria-hidden='false' data-av_icon='\uf232' data-av_iconfont='entypo-fontello' title='' data-avia-related-tooltip='Compartir en Whatsapp' rel=\"noopener\"><span class='avia_hidden_link_text'>Compartir en Whatsapp<\/span><\/a><\/li><li class='av-share-link av-social-link-linkedin' ><a target=\"_blank\" aria-label=\"Compartir en LinkedIn\" href='https:\/\/linkedin.com\/shareArticle?mini=true&#038;title=Mowi%20Chile%20y%20Universidad%20de%20Ays%C3%A9n%20firman%20convenio%20para%20fortalecer%20la%20formaci%C3%B3n%20profesional%20y%20la%20innovaci%C3%B3n%20regional&#038;url=https:\/\/radiorevelacionfm.cl\/?p=60089' aria-hidden='false' data-av_icon='\ue8fc' data-av_iconfont='entypo-fontello' title='' data-avia-related-tooltip='Compartir en LinkedIn' rel=\"noopener\"><span class='avia_hidden_link_text'>Compartir en LinkedIn<\/span><\/a><\/li><li class='av-share-link av-social-link-mail' ><a  aria-label=\"Compartir por correo\" href='mailto:?subject=Mowi%20Chile%20y%20Universidad%20de%20Ays%C3%A9n%20firman%20convenio%20para%20fortalecer%20la%20formaci%C3%B3n%20profesional%20y%20la%20innovaci%C3%B3n%20regional&#038;body=https:\/\/radiorevelacionfm.cl\/?p=60089' aria-hidden='false' data-av_icon='\ue805' data-av_iconfont='entypo-fontello' title='' data-avia-related-tooltip='Compartir por correo'><span class='avia_hidden_link_text'>Compartir por correo<\/span><\/a><\/li><\/ul><\/div><\/div>\n<div  style='height:50px' class='hr hr-invisible   avia-builder-el-8  el_after_av_social_share  el_before_av_comments_list '><span class='hr-inner ' ><span class='hr-inner-style'><\/span><\/span><\/div>\n<div  class='av-buildercomment  av-blog-meta-html-info-disabled av-blog-meta-tag-disabled  '><\/div>\n","protected":false},"excerpt":{"rendered":"","protected":false},"author":1,"featured_media":60090,"comment_status":"closed","ping_status":"closed","sticky":false,"template":"","format":"standard","meta":{"footnotes":""},"categories":[49],"tags":[],"class_list":["post-60089","post","type-post","status-publish","format-standard","has-post-thumbnail","hentry","category-educacion"],"jetpack_featured_media_url":"https:\/\/radiorevelacionfm.cl\/wp-content\/uploads\/2025\/10\/mowi-uaysEn16_optimized.jpg","_links":{"self":[{"href":"https:\/\/radiorevelacionfm.cl\/index.php?rest_route=\/wp\/v2\/posts\/60089","targetHints":{"allow":["GET"]}}],"collection":[{"href":"https:\/\/radiorevelacionfm.cl\/index.php?rest_route=\/wp\/v2\/posts"}],"about":[{"href":"https:\/\/radiorevelacionfm.cl\/index.php?rest_route=\/wp\/v2\/types\/post"}],"author":[{"embeddable":true,"href":"https:\/\/radiorevelacionfm.cl\/index.php?rest_route=\/wp\/v2\/users\/1"}],"replies":[{"embeddable":true,"href":"https:\/\/radiorevelacionfm.cl\/index.php?rest_route=%2Fwp%2Fv2%2Fcomments&post=60089"}],"version-history":[{"count":2,"href":"https:\/\/radiorevelacionfm.cl\/index.php?rest_route=\/wp\/v2\/posts\/60089\/revisions"}],"predecessor-version":[{"id":60092,"href":"https:\/\/radiorevelacionfm.cl\/index.php?rest_route=\/wp\/v2\/posts\/60089\/revisions\/60092"}],"wp:featuredmedia":[{"embeddable":true,"href":"https:\/\/radiorevelacionfm.cl\/index.php?rest_route=\/wp\/v2\/media\/60090"}],"wp:attachment":[{"href":"https:\/\/radiorevelacionfm.cl\/index.php?rest_route=%2Fwp%2Fv2%2Fmedia&parent=60089"}],"wp:term":[{"taxonomy":"category","embeddable":true,"href":"https:\/\/radiorevelacionfm.cl\/index.php?rest_route=%2Fwp%2Fv2%2Fcategories&post=60089"},{"taxonomy":"post_tag","embeddable":true,"href":"https:\/\/radiorevelacionfm.cl\/index.php?rest_route=%2Fwp%2Fv2%2Ftags&post=60089"}],"curies":[{"name":"wp","href":"https:\/\/api.w.org\/{rel}","templated":true}]}}