{"id":60083,"date":"2025-10-08T11:33:35","date_gmt":"2025-10-08T14:33:35","guid":{"rendered":"https:\/\/radiorevelacionfm.cl\/?p=60083"},"modified":"2025-10-08T11:33:35","modified_gmt":"2025-10-08T14:33:35","slug":"termometro-laboral-regional-destaca-baja-en-la-cifra-de-informalidad","status":"publish","type":"post","link":"https:\/\/radiorevelacionfm.cl\/?p=60083","title":{"rendered":"Term\u00f3metro laboral regional destaca baja en la cifra de informalidad"},"content":{"rendered":"<div class=\"flex_column av_one_full  flex_column_div av-zero-column-padding first  avia-builder-el-0  el_before_av_one_full  avia-builder-el-first  \" style='border-radius:0px; '><div  class='avia-image-container  av-styling-    avia-builder-el-1  avia-builder-el-no-sibling  avia-align-center '  itemprop=\"image\" itemscope=\"itemscope\" itemtype=\"https:\/\/schema.org\/ImageObject\"  ><div class='avia-image-container-inner'><div class='avia-image-overlay-wrap'><img decoding=\"async\" class='wp-image-57113 avia-img-lazy-loading-not-57113 avia_image' src=\"https:\/\/radiorevelacionfm.cl\/wp-content\/uploads\/2025\/07\/TRABAJADORES-1.jpeg\" alt='' title='TRABAJADORES (1)' height=\"600\" width=\"823\"  itemprop=\"thumbnailUrl\" srcset=\"https:\/\/radiorevelacionfm.cl\/wp-content\/uploads\/2025\/07\/TRABAJADORES-1.jpeg 823w, https:\/\/radiorevelacionfm.cl\/wp-content\/uploads\/2025\/07\/TRABAJADORES-1-300x219.jpeg 300w, https:\/\/radiorevelacionfm.cl\/wp-content\/uploads\/2025\/07\/TRABAJADORES-1-768x560.jpeg 768w, https:\/\/radiorevelacionfm.cl\/wp-content\/uploads\/2025\/07\/TRABAJADORES-1-705x514.jpeg 705w, https:\/\/radiorevelacionfm.cl\/wp-content\/uploads\/2025\/07\/TRABAJADORES-1-450x328.jpeg 450w, https:\/\/radiorevelacionfm.cl\/wp-content\/uploads\/2025\/07\/TRABAJADORES-1-600x437.jpeg 600w\" sizes=\"(max-width: 823px) 100vw, 823px\" \/><\/div><\/div><\/div><\/div><div class=\"flex_column av_one_full  flex_column_div av-zero-column-padding first  avia-builder-el-2  el_after_av_one_full  el_before_av_one_full  column-top-margin\" style='border-radius:0px; '><section class=\"av_textblock_section \"  itemscope=\"itemscope\" itemtype=\"https:\/\/schema.org\/BlogPosting\" itemprop=\"blogPost\" ><div class='avia_textblock  '   itemprop=\"text\" ><p style=\"text-align: center;\"><span style=\"font-size: 18pt;\"><strong>Term\u00f3metro laboral regional destaca baja en la cifra de informalidad<\/strong><\/span><\/p>\n<div id=\"gtx-trans\" style=\"position: absolute; left: -50px; top: 4.31534px;\">\n<div class=\"gtx-trans-icon\"><\/div>\n<\/div>\n<\/div><\/section><\/div><div class=\"flex_column av_one_full  flex_column_div av-zero-column-padding first  avia-builder-el-4  el_after_av_one_full  el_before_av_hr  column-top-margin\" style='border-radius:0px; '><section class=\"av_textblock_section \"  itemscope=\"itemscope\" itemtype=\"https:\/\/schema.org\/BlogPosting\" itemprop=\"blogPost\" ><div class='avia_textblock  '   itemprop=\"text\" ><ul>\n<li style=\"text-align: justify;\"><em>La cifra de asalariados del sector privado creci\u00f3 5,3%, con contrato formal.<\/em><\/li>\n<\/ul>\n<p style=\"text-align: justify;\">El Observatorio Laboral de Ays\u00e9n, programa de la Subsecretar\u00eda del Trabajo y ejecutado por el Centro de Formaci\u00f3n T\u00e9cnica Estatal de la regi\u00f3n de Ays\u00e9n, ha presentado una nueva edici\u00f3n de su ya conocido term\u00f3metro laboral, el cual corresponde al an\u00e1lisis del trimestre m\u00f3vil junio-julio-agosto 2025 de la Encuesta Nacional de Empleo, ENE, entregada hace unos d\u00edas por el Instituto Nacional de Estad\u00edsticas, INE.<\/p>\n<p style=\"text-align: justify;\">La Regi\u00f3n de Ays\u00e9n sigue siendo la de mayor solidez a nivel nacional por quinto trimestre m\u00f3vil consecutivo, representado en una tasa de participaci\u00f3n del 69,8%, mientras que la ocupaci\u00f3n llega al 66,8% y la tasa de desocupaci\u00f3n es de un 4,3%, no obstante, el leve retroceso en la desocupaci\u00f3n de un 0,1%, que coincide con la estacionalidad del empleo durante el invierno.<\/p>\n<p style=\"text-align: justify;\">Bajo el mismo espacio temporal interanual m\u00f3vil, la tasa de ocupaci\u00f3n informal en Ays\u00e9n descendi\u00f3 0,8 p.p., pasando de 28,7% a 27,8%. Este descenso es una buena noticia, seg\u00fan palabras del seremi(s) del Trabajo y Previsi\u00f3n Social, Rodrigo D\u00edaz Cordaro, quien adem\u00e1s destac\u00f3 el crecimiento de asalariados del sector privado.<\/p>\n<p style=\"text-align: justify;\"><em>\u201cDesde el Ministerio del Trabajo y Previsi\u00f3n Social es importante relevar la disminuci\u00f3n en la informalidad, ya que se relaciona con \u00a0una mejora en la formalizaci\u00f3n de empleos, lo que tambi\u00e9n va de la mano con las m\u00faltiples pol\u00edticas p\u00fablicas que se han empujado para que los empleadores puedan dar mayor estabilidad laboral y econ\u00f3mica a las y los trabajadores, y en el caso de nuestra regi\u00f3n, el crecimiento de los asalariados del sector privado ha sido de un 5,3%, una cifra interesante que se traduce en un aumento de 1.259 personas con contratos formales, es decir, con seguridad social. En ello, continuamos con el desaf\u00edo en el empleo de las mujeres, que es multifactorial\u201d.<\/em><\/p>\n<p style=\"text-align: justify;\"><strong><u>La estabilidad del mercado laboral regional<\/u><\/strong><\/p>\n<p style=\"text-align: justify;\">Liderar por quinto trimestre m\u00f3vil consecutivo las cifras laborales a nivel nacional refuerzan el escenario de estabilidad que goza la regi\u00f3n en cuanto a empleo. Adem\u00e1s, esto se ve fuertemente incidido por la gran cantidad de inversi\u00f3n, tanto p\u00fablica y privada que se desarrolla en el territorio.<\/p>\n<p style=\"text-align: justify;\">Desde el Observatorio Laboral, su director ejecutivo, C\u00e9sar G\u00f3mez Berrocal, explica que la reactivaci\u00f3n del sector construcci\u00f3n ha sido el motor fundamental para este escenario, pero que esto tambi\u00e9n incide en las brechas entre hombres y mujeres, donde las \u00faltimas se ven con menor participaci\u00f3n.<\/p>\n<p style=\"text-align: justify;\"><em>\u201cLas cifras del term\u00f3metro laboral dan cuenta de un mercado laboral estable de la regi\u00f3n con altos \u00edndices de ocupaci\u00f3n, los que est\u00e1n por sobre lo que es la media a nivel nacional,\u00a0y con bajas en la empleabilidad, producto de la estacionalidad. Es en este contexto que la\u00a0reactivaci\u00f3n del sector de la construcci\u00f3n proyecta una demanda sostenida para distintas\u00a0\u00a0ocupaciones en los pr\u00f3ximos meses, lo que sugiere la implementaci\u00f3n de procesos de\u00a0formaci\u00f3n e intermediaci\u00f3n laboral en dicha \u00e1rea. No obstante, lo anterior, las brechas de participaci\u00f3n\u00a0por g\u00e9nero posicionan a las mujeres con una menor participaci\u00f3n respecto a los hombres,\u00a0lo que implica el mantener y potenciar las pol\u00edticas p\u00fablicas que intencionen la disminuci\u00f3n de esta brecha\u201d<\/em><\/p>\n<p style=\"text-align: justify;\">El Observatorio Laboral de Ays\u00e9n, es parte de la Estrategia Nacional de Prospecci\u00f3n Laboral, convenio firmado entre el Centro de Formaci\u00f3n T\u00e9cnica Estatal de Ays\u00e9n y la Subsecretaria del Trabajo, representada por la Seremi de Trabajo y Previsi\u00f3n Social. Para acceder al Term\u00f3metro Laboral del trimestre junio-julio-agosto, el link es: <a href=\"https:\/\/www.subtrab.gob.cl\/tl\/\">https:\/\/www.subtrab.gob.cl\/tl\/<\/a> y dar click a regi\u00f3n de Ays\u00e9n.<\/p>\n<p style=\"text-align: justify;\">Si quieres conocer m\u00e1s del trabajo del Observatorio Laboral Ays\u00e9n, puedes revisar sus redes sociales en Instagram como @olraysen, en X como @OLRAysen y su fanpage de Facebook: Observatorio Laboral Ays\u00e9n.<\/p>\n<\/div><\/section><\/div><div  style='height:50px' class='hr hr-invisible   avia-builder-el-6  el_after_av_one_full  el_before_av_social_share '><span class='hr-inner ' ><span class='hr-inner-style'><\/span><\/span><\/div><\/p>\n<div  class='av-social-sharing-box  avia-builder-el-7  el_after_av_hr  el_before_av_hr  '><div class='av-share-box'><h5 class='av-share-link-description av-no-toc '>Compartir esta noticia<\/h5><ul class='av-share-box-list noLightbox'><li class='av-share-link av-social-link-facebook' ><a target=\"_blank\" aria-label=\"Compartir en Facebook\" href='https:\/\/www.facebook.com\/sharer.php?u=https:\/\/radiorevelacionfm.cl\/?p=60083&#038;t=Term%C3%B3metro%20laboral%20regional%20destaca%20baja%20en%20la%20cifra%20de%20informalidad' aria-hidden='false' data-av_icon='\ue8f3' data-av_iconfont='entypo-fontello' title='' data-avia-related-tooltip='Compartir en Facebook' rel=\"noopener\"><span class='avia_hidden_link_text'>Compartir en Facebook<\/span><\/a><\/li><li class='av-share-link av-social-link-twitter' ><a target=\"_blank\" aria-label=\"Compartir en Twitter\" href='https:\/\/twitter.com\/share?text=Term%C3%B3metro%20laboral%20regional%20destaca%20baja%20en%20la%20cifra%20de%20informalidad&#038;url=https:\/\/radiorevelacionfm.cl\/?p=60083' aria-hidden='false' data-av_icon='\ue8f1' data-av_iconfont='entypo-fontello' title='' data-avia-related-tooltip='Compartir en Twitter' rel=\"noopener\"><span class='avia_hidden_link_text'>Compartir en Twitter<\/span><\/a><\/li><li class='av-share-link av-social-link-whatsapp' ><a target=\"_blank\" aria-label=\"Compartir en Whatsapp\" href='https:\/\/api.whatsapp.com\/send?text=https:\/\/radiorevelacionfm.cl\/?p=60083' aria-hidden='false' data-av_icon='\uf232' data-av_iconfont='entypo-fontello' title='' data-avia-related-tooltip='Compartir en Whatsapp' rel=\"noopener\"><span class='avia_hidden_link_text'>Compartir en Whatsapp<\/span><\/a><\/li><li class='av-share-link av-social-link-linkedin' ><a target=\"_blank\" aria-label=\"Compartir en LinkedIn\" href='https:\/\/linkedin.com\/shareArticle?mini=true&#038;title=Term%C3%B3metro%20laboral%20regional%20destaca%20baja%20en%20la%20cifra%20de%20informalidad&#038;url=https:\/\/radiorevelacionfm.cl\/?p=60083' aria-hidden='false' data-av_icon='\ue8fc' data-av_iconfont='entypo-fontello' title='' data-avia-related-tooltip='Compartir en LinkedIn' rel=\"noopener\"><span class='avia_hidden_link_text'>Compartir en LinkedIn<\/span><\/a><\/li><li class='av-share-link av-social-link-mail' ><a  aria-label=\"Compartir por correo\" href='mailto:?subject=Term%C3%B3metro%20laboral%20regional%20destaca%20baja%20en%20la%20cifra%20de%20informalidad&#038;body=https:\/\/radiorevelacionfm.cl\/?p=60083' aria-hidden='false' data-av_icon='\ue805' data-av_iconfont='entypo-fontello' title='' data-avia-related-tooltip='Compartir por correo'><span class='avia_hidden_link_text'>Compartir por correo<\/span><\/a><\/li><\/ul><\/div><\/div>\n<div  style='height:50px' class='hr hr-invisible   avia-builder-el-8  el_after_av_social_share  el_before_av_comments_list '><span class='hr-inner ' ><span class='hr-inner-style'><\/span><\/span><\/div>\n<div  class='av-buildercomment  av-blog-meta-html-info-disabled av-blog-meta-tag-disabled  '><\/div>\n","protected":false},"excerpt":{"rendered":"","protected":false},"author":1,"featured_media":57113,"comment_status":"closed","ping_status":"closed","sticky":false,"template":"","format":"standard","meta":{"footnotes":""},"categories":[56],"tags":[],"class_list":["post-60083","post","type-post","status-publish","format-standard","has-post-thumbnail","hentry","category-trabajo"],"jetpack_featured_media_url":"https:\/\/radiorevelacionfm.cl\/wp-content\/uploads\/2025\/07\/TRABAJADORES-1.jpeg","_links":{"self":[{"href":"https:\/\/radiorevelacionfm.cl\/index.php?rest_route=\/wp\/v2\/posts\/60083","targetHints":{"allow":["GET"]}}],"collection":[{"href":"https:\/\/radiorevelacionfm.cl\/index.php?rest_route=\/wp\/v2\/posts"}],"about":[{"href":"https:\/\/radiorevelacionfm.cl\/index.php?rest_route=\/wp\/v2\/types\/post"}],"author":[{"embeddable":true,"href":"https:\/\/radiorevelacionfm.cl\/index.php?rest_route=\/wp\/v2\/users\/1"}],"replies":[{"embeddable":true,"href":"https:\/\/radiorevelacionfm.cl\/index.php?rest_route=%2Fwp%2Fv2%2Fcomments&post=60083"}],"version-history":[{"count":2,"href":"https:\/\/radiorevelacionfm.cl\/index.php?rest_route=\/wp\/v2\/posts\/60083\/revisions"}],"predecessor-version":[{"id":60085,"href":"https:\/\/radiorevelacionfm.cl\/index.php?rest_route=\/wp\/v2\/posts\/60083\/revisions\/60085"}],"wp:featuredmedia":[{"embeddable":true,"href":"https:\/\/radiorevelacionfm.cl\/index.php?rest_route=\/wp\/v2\/media\/57113"}],"wp:attachment":[{"href":"https:\/\/radiorevelacionfm.cl\/index.php?rest_route=%2Fwp%2Fv2%2Fmedia&parent=60083"}],"wp:term":[{"taxonomy":"category","embeddable":true,"href":"https:\/\/radiorevelacionfm.cl\/index.php?rest_route=%2Fwp%2Fv2%2Fcategories&post=60083"},{"taxonomy":"post_tag","embeddable":true,"href":"https:\/\/radiorevelacionfm.cl\/index.php?rest_route=%2Fwp%2Fv2%2Ftags&post=60083"}],"curies":[{"name":"wp","href":"https:\/\/api.w.org\/{rel}","templated":true}]}}