{"id":60072,"date":"2025-10-08T20:39:26","date_gmt":"2025-10-08T23:39:26","guid":{"rendered":"https:\/\/radiorevelacionfm.cl\/?p=60072"},"modified":"2025-10-08T20:39:26","modified_gmt":"2025-10-08T23:39:26","slug":"marcia-raphael-denuncia-que-hacienda-aun-no-entrega-recursos-para-122-becas-patagonia-y-66-becas-aysen-faltantes","status":"publish","type":"post","link":"https:\/\/radiorevelacionfm.cl\/?p=60072","title":{"rendered":"Marcia Raphael denuncia que Hacienda a\u00fan no entrega recursos para 122 becas Patagonia y 66 Becas Ays\u00e9n faltantes"},"content":{"rendered":"<div class=\"flex_column av_one_full  flex_column_div av-zero-column-padding first  avia-builder-el-0  el_before_av_one_full  avia-builder-el-first  \" style='border-radius:0px; '><div  class='avia-image-container  av-styling-    avia-builder-el-1  avia-builder-el-no-sibling  avia-align-center '  itemprop=\"image\" itemscope=\"itemscope\" itemtype=\"https:\/\/schema.org\/ImageObject\"  ><div class='avia-image-container-inner'><div class='avia-image-overlay-wrap'><img decoding=\"async\" class='wp-image-29715 avia-img-lazy-loading-not-29715 avia_image' src=\"https:\/\/radiorevelacionfm.cl\/wp-content\/uploads\/2023\/04\/Foto-M-Raphael-1-1.jpg\" alt='' title='Foto M Raphael (1) (1)' height=\"600\" width=\"901\"  itemprop=\"thumbnailUrl\" srcset=\"https:\/\/radiorevelacionfm.cl\/wp-content\/uploads\/2023\/04\/Foto-M-Raphael-1-1.jpg 901w, https:\/\/radiorevelacionfm.cl\/wp-content\/uploads\/2023\/04\/Foto-M-Raphael-1-1-300x200.jpg 300w, https:\/\/radiorevelacionfm.cl\/wp-content\/uploads\/2023\/04\/Foto-M-Raphael-1-1-768x511.jpg 768w, https:\/\/radiorevelacionfm.cl\/wp-content\/uploads\/2023\/04\/Foto-M-Raphael-1-1-705x469.jpg 705w, https:\/\/radiorevelacionfm.cl\/wp-content\/uploads\/2023\/04\/Foto-M-Raphael-1-1-450x300.jpg 450w, https:\/\/radiorevelacionfm.cl\/wp-content\/uploads\/2023\/04\/Foto-M-Raphael-1-1-600x400.jpg 600w\" sizes=\"(max-width: 901px) 100vw, 901px\" \/><\/div><\/div><\/div><\/div><div class=\"flex_column av_one_full  flex_column_div av-zero-column-padding first  avia-builder-el-2  el_after_av_one_full  el_before_av_one_full  column-top-margin\" style='border-radius:0px; '><section class=\"av_textblock_section \"  itemscope=\"itemscope\" itemtype=\"https:\/\/schema.org\/BlogPosting\" itemprop=\"blogPost\" ><div class='avia_textblock  '   itemprop=\"text\" ><p style=\"text-align: center;\"><span style=\"font-size: 18pt;\"><b>Marcia Raphael <\/b><b>denuncia que Hacienda a\u00fan no entrega recursos para<\/b><b>\u00a0122 becas Patagonia y 66 Becas Ays\u00e9n faltantes<\/b><\/span><\/p>\n<div id=\"gtx-trans\" style=\"position: absolute; left: -50px; top: 4.31534px;\">\n<div class=\"gtx-trans-icon\"><\/div>\n<\/div>\n<\/div><\/section><\/div><div class=\"flex_column av_one_full  flex_column_div av-zero-column-padding first  avia-builder-el-4  el_after_av_one_full  el_before_av_hr  column-top-margin\" style='border-radius:0px; '><section class=\"av_textblock_section \"  itemscope=\"itemscope\" itemtype=\"https:\/\/schema.org\/BlogPosting\" itemprop=\"blogPost\" ><div class='avia_textblock  '   itemprop=\"text\" ><p style=\"font-weight: 400; text-align: justify;\"><em>En el mes de agosto el entonces Ministro Marcel se comprometi\u00f3 a acelerar con la DIPRES la entrega de los montos para que lleguen con prontitud a los estudiantes, situaci\u00f3n que a\u00fan no se concreta.<\/em><\/p>\n<p style=\"font-weight: 400; text-align: justify;\">La diputada Marcia Raphael solicit\u00f3 al Ministerio de Hacienda cumplir el compromiso que sostuvieron con los 188 estudiantes de la regi\u00f3n y sus familias que esperan a\u00fan la asignaci\u00f3n de sus becas luego de contar con los requisitos para obtenerlas. \u201cNecesitamos honestidad de parte del Ministro Grau porque no pueden seguir esperando m\u00e1s a estas alturas del a\u00f1o\u201d, afirm\u00f3 la diputada.<\/p>\n<p style=\"font-weight: 400; text-align: justify;\">La diputada, Marcia Raphael, detall\u00f3 sobre la situaci\u00f3n que \u201cson 122 estudiantes que esperan las Becas Patagonia y 66 estudiantes las Becas Ays\u00e9n, todos cumplieron con los requisitos para obtener este beneficio y nos parece inaceptable que a la fecha a\u00fan no les lleguen sus becas, ya que se encuentran fuera de la regi\u00f3n, sus familias han debido sortear dificultades econ\u00f3micas y han esperado much\u00edsimo esto que es un derecho. Adem\u00e1s de fallar a los compromisos, hay una indolencia a estas alturas del a\u00f1o de parte del Ministerio de Hacienda\u201d.<\/p>\n<p style=\"font-weight: 400; text-align: justify;\">\u201cIndependiente de que el ministro haya cambiado el Estado debe seguir funcionando. En agosto fuimos claros y explicamos que\u00a0todos los a\u00f1os generan una\u00a0diferencia de recursos, por ende,\u00a0lo que se requiere es que salgan m\u00e1s r\u00e1pidamente y no a fin de a\u00f1o como ha ocurrido anteriormente. Sabemos que para todas las familias es muy dif\u00edcil financiar esta mantenci\u00f3n durante meses, considerando que contaban con este apoyo y\u00a0frente a esto nos hemos encontrado lamentablemente con casos de estudiantes que han debido retornar a la regi\u00f3n por falta de recursos para continuar estudiando\u201d, agreg\u00f3 finalmente Marcia Raphael.<\/p>\n<\/div><\/section><\/div><div  style='height:50px' class='hr hr-invisible   avia-builder-el-6  el_after_av_one_full  el_before_av_social_share '><span class='hr-inner ' ><span class='hr-inner-style'><\/span><\/span><\/div><\/p>\n<div  class='av-social-sharing-box  avia-builder-el-7  el_after_av_hr  el_before_av_hr  '><div class='av-share-box'><h5 class='av-share-link-description av-no-toc '>Compartir esta noticia<\/h5><ul class='av-share-box-list noLightbox'><li class='av-share-link av-social-link-facebook' ><a target=\"_blank\" aria-label=\"Compartir en Facebook\" href='https:\/\/www.facebook.com\/sharer.php?u=https:\/\/radiorevelacionfm.cl\/?p=60072&#038;t=Marcia%20Raphael%20denuncia%20que%20Hacienda%20a%C3%BAn%20no%20entrega%20recursos%20para%20122%20becas%20Patagonia%20y%2066%20Becas%20Ays%C3%A9n%20faltantes' aria-hidden='false' data-av_icon='\ue8f3' data-av_iconfont='entypo-fontello' title='' data-avia-related-tooltip='Compartir en Facebook' rel=\"noopener\"><span class='avia_hidden_link_text'>Compartir en Facebook<\/span><\/a><\/li><li class='av-share-link av-social-link-twitter' ><a target=\"_blank\" aria-label=\"Compartir en Twitter\" href='https:\/\/twitter.com\/share?text=Marcia%20Raphael%20denuncia%20que%20Hacienda%20a%C3%BAn%20no%20entrega%20recursos%20para%20122%20becas%20Patagonia%20y%2066%20Becas%20Ays%C3%A9n%20faltantes&#038;url=https:\/\/radiorevelacionfm.cl\/?p=60072' aria-hidden='false' data-av_icon='\ue8f1' data-av_iconfont='entypo-fontello' title='' data-avia-related-tooltip='Compartir en Twitter' rel=\"noopener\"><span class='avia_hidden_link_text'>Compartir en Twitter<\/span><\/a><\/li><li class='av-share-link av-social-link-whatsapp' ><a target=\"_blank\" aria-label=\"Compartir en Whatsapp\" href='https:\/\/api.whatsapp.com\/send?text=https:\/\/radiorevelacionfm.cl\/?p=60072' aria-hidden='false' data-av_icon='\uf232' data-av_iconfont='entypo-fontello' title='' data-avia-related-tooltip='Compartir en Whatsapp' rel=\"noopener\"><span class='avia_hidden_link_text'>Compartir en Whatsapp<\/span><\/a><\/li><li class='av-share-link av-social-link-linkedin' ><a target=\"_blank\" aria-label=\"Compartir en LinkedIn\" href='https:\/\/linkedin.com\/shareArticle?mini=true&#038;title=Marcia%20Raphael%20denuncia%20que%20Hacienda%20a%C3%BAn%20no%20entrega%20recursos%20para%20122%20becas%20Patagonia%20y%2066%20Becas%20Ays%C3%A9n%20faltantes&#038;url=https:\/\/radiorevelacionfm.cl\/?p=60072' aria-hidden='false' data-av_icon='\ue8fc' data-av_iconfont='entypo-fontello' title='' data-avia-related-tooltip='Compartir en LinkedIn' rel=\"noopener\"><span class='avia_hidden_link_text'>Compartir en LinkedIn<\/span><\/a><\/li><li class='av-share-link av-social-link-mail' ><a  aria-label=\"Compartir por correo\" href='mailto:?subject=Marcia%20Raphael%20denuncia%20que%20Hacienda%20a%C3%BAn%20no%20entrega%20recursos%20para%20122%20becas%20Patagonia%20y%2066%20Becas%20Ays%C3%A9n%20faltantes&#038;body=https:\/\/radiorevelacionfm.cl\/?p=60072' aria-hidden='false' data-av_icon='\ue805' data-av_iconfont='entypo-fontello' title='' data-avia-related-tooltip='Compartir por correo'><span class='avia_hidden_link_text'>Compartir por correo<\/span><\/a><\/li><\/ul><\/div><\/div>\n<div  style='height:50px' class='hr hr-invisible   avia-builder-el-8  el_after_av_social_share  el_before_av_comments_list '><span class='hr-inner ' ><span class='hr-inner-style'><\/span><\/span><\/div>\n<div  class='av-buildercomment  av-blog-meta-html-info-disabled av-blog-meta-tag-disabled  '><\/div>\n","protected":false},"excerpt":{"rendered":"","protected":false},"author":1,"featured_media":29715,"comment_status":"closed","ping_status":"closed","sticky":false,"template":"","format":"standard","meta":{"footnotes":""},"categories":[35],"tags":[],"class_list":["post-60072","post","type-post","status-publish","format-standard","has-post-thumbnail","hentry","category-politica"],"jetpack_featured_media_url":"https:\/\/radiorevelacionfm.cl\/wp-content\/uploads\/2023\/04\/Foto-M-Raphael-1-1.jpg","_links":{"self":[{"href":"https:\/\/radiorevelacionfm.cl\/index.php?rest_route=\/wp\/v2\/posts\/60072","targetHints":{"allow":["GET"]}}],"collection":[{"href":"https:\/\/radiorevelacionfm.cl\/index.php?rest_route=\/wp\/v2\/posts"}],"about":[{"href":"https:\/\/radiorevelacionfm.cl\/index.php?rest_route=\/wp\/v2\/types\/post"}],"author":[{"embeddable":true,"href":"https:\/\/radiorevelacionfm.cl\/index.php?rest_route=\/wp\/v2\/users\/1"}],"replies":[{"embeddable":true,"href":"https:\/\/radiorevelacionfm.cl\/index.php?rest_route=%2Fwp%2Fv2%2Fcomments&post=60072"}],"version-history":[{"count":2,"href":"https:\/\/radiorevelacionfm.cl\/index.php?rest_route=\/wp\/v2\/posts\/60072\/revisions"}],"predecessor-version":[{"id":60128,"href":"https:\/\/radiorevelacionfm.cl\/index.php?rest_route=\/wp\/v2\/posts\/60072\/revisions\/60128"}],"wp:featuredmedia":[{"embeddable":true,"href":"https:\/\/radiorevelacionfm.cl\/index.php?rest_route=\/wp\/v2\/media\/29715"}],"wp:attachment":[{"href":"https:\/\/radiorevelacionfm.cl\/index.php?rest_route=%2Fwp%2Fv2%2Fmedia&parent=60072"}],"wp:term":[{"taxonomy":"category","embeddable":true,"href":"https:\/\/radiorevelacionfm.cl\/index.php?rest_route=%2Fwp%2Fv2%2Fcategories&post=60072"},{"taxonomy":"post_tag","embeddable":true,"href":"https:\/\/radiorevelacionfm.cl\/index.php?rest_route=%2Fwp%2Fv2%2Ftags&post=60072"}],"curies":[{"name":"wp","href":"https:\/\/api.w.org\/{rel}","templated":true}]}}