{"id":60069,"date":"2025-10-08T14:59:41","date_gmt":"2025-10-08T17:59:41","guid":{"rendered":"https:\/\/radiorevelacionfm.cl\/?p=60069"},"modified":"2025-10-08T14:59:41","modified_gmt":"2025-10-08T17:59:41","slug":"la-direccion-de-arquitectura-celebra-sus-150-anos-en-coyhaique-con-muestra-itinerante","status":"publish","type":"post","link":"https:\/\/radiorevelacionfm.cl\/?p=60069","title":{"rendered":"La Direcci\u00f3n de Arquitectura celebra sus 150 a\u00f1os en Coyhaique con muestra itinerante"},"content":{"rendered":"<div class=\"flex_column av_one_full  flex_column_div av-zero-column-padding first  avia-builder-el-0  el_before_av_one_full  avia-builder-el-first  \" style='border-radius:0px; '><div  class='avia-image-container  av-styling-    avia-builder-el-1  avia-builder-el-no-sibling  avia-align-center '  itemprop=\"image\" itemscope=\"itemscope\" itemtype=\"https:\/\/schema.org\/ImageObject\"  ><div class='avia-image-container-inner'><div class='avia-image-overlay-wrap'><img decoding=\"async\" class='wp-image-60086 avia-img-lazy-loading-not-60086 avia_image' src=\"https:\/\/radiorevelacionfm.cl\/wp-content\/uploads\/2025\/10\/dos-arq-1_optimized-1.jpg\" alt='' title='dos-arq-(1)_optimized (1)' height=\"600\" width=\"900\"  itemprop=\"thumbnailUrl\" srcset=\"https:\/\/radiorevelacionfm.cl\/wp-content\/uploads\/2025\/10\/dos-arq-1_optimized-1.jpg 900w, https:\/\/radiorevelacionfm.cl\/wp-content\/uploads\/2025\/10\/dos-arq-1_optimized-1-300x200.jpg 300w, https:\/\/radiorevelacionfm.cl\/wp-content\/uploads\/2025\/10\/dos-arq-1_optimized-1-768x512.jpg 768w, https:\/\/radiorevelacionfm.cl\/wp-content\/uploads\/2025\/10\/dos-arq-1_optimized-1-705x470.jpg 705w, https:\/\/radiorevelacionfm.cl\/wp-content\/uploads\/2025\/10\/dos-arq-1_optimized-1-450x300.jpg 450w, https:\/\/radiorevelacionfm.cl\/wp-content\/uploads\/2025\/10\/dos-arq-1_optimized-1-600x400.jpg 600w\" sizes=\"(max-width: 900px) 100vw, 900px\" \/><\/div><\/div><\/div><\/div><div class=\"flex_column av_one_full  flex_column_div av-zero-column-padding first  avia-builder-el-2  el_after_av_one_full  el_before_av_one_full  column-top-margin\" style='border-radius:0px; '><section class=\"av_textblock_section \"  itemscope=\"itemscope\" itemtype=\"https:\/\/schema.org\/BlogPosting\" itemprop=\"blogPost\" ><div class='avia_textblock  '   itemprop=\"text\" ><p style=\"text-align: center;\"><strong><span style=\"font-size: 18pt;\">La Direcci\u00f3n de Arquitectura celebra sus 150 a\u00f1os en Coyhaique con muestra itinerante<\/span><\/strong><\/p>\n<div id=\"gtx-trans\" style=\"position: absolute; left: -50px; top: 4.31534px;\">\n<div class=\"gtx-trans-icon\"><\/div>\n<\/div>\n<\/div><\/section><\/div><\/p>\n<div class=\"flex_column av_one_full  flex_column_div av-zero-column-padding first  avia-builder-el-4  el_after_av_one_full  el_before_av_hr  column-top-margin\" style='border-radius:0px; '><section class=\"av_textblock_section \"  itemscope=\"itemscope\" itemtype=\"https:\/\/schema.org\/BlogPosting\" itemprop=\"blogPost\" ><div class='avia_textblock  '   itemprop=\"text\" ><ul>\n<li style=\"text-align: justify;\"><em>La exposici\u00f3n, que estar\u00e1 abierta al p\u00fablico hasta el pr\u00f3ximo 9 de octubre, re\u00fane las principales obras y edificios p\u00fablicos construidos en todo el pa\u00eds, con especial \u00e9nfasis en la arquitectura local que ha mejorado significativamente la vida de las personas y el desarrollo productivo y tur\u00edstico en la regi\u00f3n.<\/em><\/li>\n<\/ul>\n<p style=\"text-align: justify;\">En el auditorio Augusto Grosse, del Ministerio de Obras P\u00fablicas en la Regi\u00f3n de Ays\u00e9n, se realiz\u00f3 la ceremonia de inauguraci\u00f3n de la muestra \u201cNuestros Edificios P\u00fablicos. 150 a\u00f1os Direcci\u00f3n de Arquitectura MOP\u201d, con la cual este organismo ha estado conmemorando su siglo y medio de existencia a lo largo de todo el pa\u00eds.<\/p>\n<p style=\"text-align: justify;\">La exposici\u00f3n se compone de un recorrido por las principales obras de edificaci\u00f3n p\u00fablica construidas, con especial \u00e9nfasis en los proyectos de la Regi\u00f3n de Ays\u00e9n, como el Hospital Dr. Leopoldo Ortega de Chile Chico; la construcci\u00f3n del Museo Regional de Ays\u00e9n y restauraci\u00f3n del conjunto de la Sociedad Industrial de Ays\u00e9n, en Coyhaique; la construcci\u00f3n del Complejo Fronterizo Huemules, en la misma comuna, y el Edificio del Gobierno Regional de Ays\u00e9n, adem\u00e1s de una serie de restauraciones patrimoniales, entre estas, la puesta en valor de la Escuela Antigua de Cerro Castillo, en R\u00edo Ib\u00e1\u00f1ez.<\/p>\n<p style=\"text-align: justify;\">La directora nacional de Arquitectura, Loreto Wahr, destac\u00f3 que esta es una celebraci\u00f3n que se hace reconociendo la trayectoria de funcionarios y funcionarias, pero tambi\u00e9n de todas las instituciones y organismos p\u00fablicos con los que trabaja el servicio, puntualizando que \u00abhay una gran diversidad que queremos poner en valor para que m\u00e1s organismos p\u00fablicos vayan requiriendo nuestro apoyo. Ya el delegado Presidencial nos encarg\u00f3 edificios p\u00fablicos para la regi\u00f3n\u201d. Asimismo, en relaci\u00f3n con la inversi\u00f3n a su cargo para lo que queda de este a\u00f1o 2025 y la proyectada para el 2026,\u00a0 Wahr indic\u00f3 que \u201csiempre para nosotros es de alto inter\u00e9s poder ayudar a consolidar estas infraestructuras, sobre todo para las instituciones del propio Estado\u201d considerando que \u201cfinalmente la distribuci\u00f3n en arriendos genera menos eficiencia que poder hacer una concentraci\u00f3n, as\u00ed que ya con el encargo que nos hizo hoy d\u00eda el delegado, vamos a ver c\u00f3mo operativizamos aquello\u201d.<\/p>\n<p style=\"text-align: justify;\">De igual forma, relev\u00f3 que est\u00e1n abordando la construcci\u00f3n edificaciones p\u00fablicas para que \u00e9stas se realicen en armon\u00eda con el medio ambiente. \u201cNosotros siempre buscamos una pertinencia ambiental importante y normalmente estamos certificando gran parte de nuestros edificios con la Certificaci\u00f3n de Edificios Sustentables CES, en eficiencia energ\u00e9tica y sostenibilidad, lo que permite tambi\u00e9n a contribuir a reducir emisiones de carbono\u201d, detall\u00f3 la directora nacional.<\/p>\n<p style=\"text-align: justify;\">Por su parte, la secretaria Regional Ministerial de Obras P\u00fablicas de Ays\u00e9n, Paloma Jara, resalt\u00f3 la importancia de este organismo en materias como la puesta en valor del patrimonio regional, as\u00ed como tambi\u00e9n en la construcci\u00f3n de infraestructura con sentido y en \u00e1reas protegidas. \u201cLa relevancia de la Direcci\u00f3n de Arquitectura es innegable en nuestra regi\u00f3n. Ya inauguramos el edificio de Aduanas y estamos prontos, y siempre expectantes, del Hospital de Chile Chico y con muchos desaf\u00edos a\u00fan. El CFT estatal, la Universidad Ays\u00e9n, que tambi\u00e9n van a ir de la mano de mano de la Direcci\u00f3n de Arquitectura, los miradores y algo que en particular que a nosotros nos da mucho orgullo es el trabajo que hemos hecho en \u00e1reas protegidas con la direcci\u00f3n de Arquitectura, nosotros ya inauguramos Jeinimeni, tenemos Queulat avanzando, as\u00ed que cuando uno piensa que el MOP tiene l\u00edmites, la Direcci\u00f3n de Arquitectura nos demuestra que para el MOP no hay ning\u00fan l\u00edmite y que todo lo que queramos construir en edificaci\u00f3n p\u00fablica, se puede a trav\u00e9s de ellos\u201d.<\/p>\n<p style=\"text-align: justify;\">En esta oportunidad, el secretario regional ministerial de Justicia y Derechos Humanos, Samuel Navarro tambi\u00e9n fue parte de esta ceremonia, en la cual agradeci\u00f3 \u00abla disposici\u00f3n de los trabajadores y trabajadoras de la Direcci\u00f3n de Arquitectura Regional, en particular por su compromiso, responsabilidad y apoyo en la gesti\u00f3n institucional\u201d, agregando que estamos muy esperanzados en iniciar prontamente las obras del Servicio M\u00e9dico Legal ac\u00e1 en Coyhaique y as\u00ed tambi\u00e9n, como labor de Estado, vamos a dejar lo m\u00e1s avanzado posible el proyecto de nueva infraestructura penitenciaria para Coyhaique. Este trabajo, esta alianza estrat\u00e9gica, nos permite contar con edificaci\u00f3n p\u00fablica de calidad para nuestra comunidad particularmente en la Regi\u00f3n de Ays\u00e9n\u201d.<\/p>\n<p style=\"text-align: justify;\">La muestra estar\u00e1 abierta hasta el pr\u00f3ximo jueves 09 de octubre, en el auditorio Augusto Grosse del Ministerio de Obras P\u00fablicas, ubicado en calle Riquelme 465, 1\u00b0 piso, Coyhaique. Los horarios de apertura son, en la ma\u00f1ana, de 09:00 a 12:30 horas, y luego en la tarde, de 14:30 a 17:00 horas.<\/p>\n<p style=\"text-align: justify;\"><strong><u>Edificaci\u00f3n p\u00fablica m\u00e1s inclusiva<\/u><\/strong><\/p>\n<p style=\"text-align: justify;\">En el marco de esta celebraci\u00f3n, la Direcci\u00f3n de Arquitectura est\u00e1 promoviendo una nueva publicaci\u00f3n con orientaciones de g\u00e9nero para la edificaci\u00f3n p\u00fablica titulada \u201cAmpliando Derechos, G\u00e9nero y Diversidades: Conceptos y Criterios de Dise\u00f1o en la Edificaci\u00f3n P\u00fablica\u201d, una herramienta que busca contribuir a mejorar la calidad de la arquitectura p\u00fablica a trav\u00e9s de la actualizaci\u00f3n de orientaciones de dise\u00f1o, que respondan a las necesidades de mayor inclusi\u00f3n, igualdad y sustentabilidad, para que la ciudadan\u00eda pueda hacer uso de los espacios en su diversidad social, cultural, de g\u00e9nero y territorial.<\/p>\n<p style=\"text-align: justify;\">Esta gu\u00eda y sus anexos pueden ser descargados desde el sitio web institucional:<\/p>\n<p style=\"text-align: justify;\"><a href=\"https:\/\/arquitectura.mop.gob.cl\/arquitectura-publica-con-enfoque-de-genero\/\">https:\/\/arquitectura.mop.gob.cl\/arquitectura-publica-con-enfoque-de-genero\/<\/a><\/p>\n<\/div><\/section><\/div>\n<div  style='height:50px' class='hr hr-invisible   avia-builder-el-6  el_after_av_one_full  el_before_av_social_share '><span class='hr-inner ' ><span class='hr-inner-style'><\/span><\/span><\/div>\n<div  class='av-social-sharing-box  avia-builder-el-7  el_after_av_hr  el_before_av_hr  '><div class='av-share-box'><h5 class='av-share-link-description av-no-toc '>Compartir esta noticia<\/h5><ul class='av-share-box-list noLightbox'><li class='av-share-link av-social-link-facebook' ><a target=\"_blank\" aria-label=\"Compartir en Facebook\" href='https:\/\/www.facebook.com\/sharer.php?u=https:\/\/radiorevelacionfm.cl\/?p=60069&#038;t=La%20Direcci%C3%B3n%20de%20Arquitectura%20celebra%20sus%20150%20a%C3%B1os%20en%20Coyhaique%20con%20muestra%20itinerante' aria-hidden='false' data-av_icon='\ue8f3' data-av_iconfont='entypo-fontello' title='' data-avia-related-tooltip='Compartir en Facebook' rel=\"noopener\"><span class='avia_hidden_link_text'>Compartir en Facebook<\/span><\/a><\/li><li class='av-share-link av-social-link-twitter' ><a target=\"_blank\" aria-label=\"Compartir en Twitter\" href='https:\/\/twitter.com\/share?text=La%20Direcci%C3%B3n%20de%20Arquitectura%20celebra%20sus%20150%20a%C3%B1os%20en%20Coyhaique%20con%20muestra%20itinerante&#038;url=https:\/\/radiorevelacionfm.cl\/?p=60069' aria-hidden='false' data-av_icon='\ue8f1' data-av_iconfont='entypo-fontello' title='' data-avia-related-tooltip='Compartir en Twitter' rel=\"noopener\"><span class='avia_hidden_link_text'>Compartir en Twitter<\/span><\/a><\/li><li class='av-share-link av-social-link-whatsapp' ><a target=\"_blank\" aria-label=\"Compartir en Whatsapp\" href='https:\/\/api.whatsapp.com\/send?text=https:\/\/radiorevelacionfm.cl\/?p=60069' aria-hidden='false' data-av_icon='\uf232' data-av_iconfont='entypo-fontello' title='' data-avia-related-tooltip='Compartir en Whatsapp' rel=\"noopener\"><span class='avia_hidden_link_text'>Compartir en Whatsapp<\/span><\/a><\/li><li class='av-share-link av-social-link-linkedin' ><a target=\"_blank\" aria-label=\"Compartir en LinkedIn\" href='https:\/\/linkedin.com\/shareArticle?mini=true&#038;title=La%20Direcci%C3%B3n%20de%20Arquitectura%20celebra%20sus%20150%20a%C3%B1os%20en%20Coyhaique%20con%20muestra%20itinerante&#038;url=https:\/\/radiorevelacionfm.cl\/?p=60069' aria-hidden='false' data-av_icon='\ue8fc' data-av_iconfont='entypo-fontello' title='' data-avia-related-tooltip='Compartir en LinkedIn' rel=\"noopener\"><span class='avia_hidden_link_text'>Compartir en LinkedIn<\/span><\/a><\/li><li class='av-share-link av-social-link-mail' ><a  aria-label=\"Compartir por correo\" href='mailto:?subject=La%20Direcci%C3%B3n%20de%20Arquitectura%20celebra%20sus%20150%20a%C3%B1os%20en%20Coyhaique%20con%20muestra%20itinerante&#038;body=https:\/\/radiorevelacionfm.cl\/?p=60069' aria-hidden='false' data-av_icon='\ue805' data-av_iconfont='entypo-fontello' title='' data-avia-related-tooltip='Compartir por correo'><span class='avia_hidden_link_text'>Compartir por correo<\/span><\/a><\/li><\/ul><\/div><\/div>\n<div  style='height:50px' class='hr hr-invisible   avia-builder-el-8  el_after_av_social_share  el_before_av_comments_list '><span class='hr-inner ' ><span class='hr-inner-style'><\/span><\/span><\/div>\n<div  class='av-buildercomment  av-blog-meta-html-info-disabled av-blog-meta-tag-disabled  '><\/div>\n","protected":false},"excerpt":{"rendered":"","protected":false},"author":1,"featured_media":60086,"comment_status":"closed","ping_status":"closed","sticky":false,"template":"","format":"standard","meta":{"footnotes":""},"categories":[38],"tags":[],"class_list":["post-60069","post","type-post","status-publish","format-standard","has-post-thumbnail","hentry","category-regional"],"jetpack_featured_media_url":"https:\/\/radiorevelacionfm.cl\/wp-content\/uploads\/2025\/10\/dos-arq-1_optimized-1.jpg","_links":{"self":[{"href":"https:\/\/radiorevelacionfm.cl\/index.php?rest_route=\/wp\/v2\/posts\/60069","targetHints":{"allow":["GET"]}}],"collection":[{"href":"https:\/\/radiorevelacionfm.cl\/index.php?rest_route=\/wp\/v2\/posts"}],"about":[{"href":"https:\/\/radiorevelacionfm.cl\/index.php?rest_route=\/wp\/v2\/types\/post"}],"author":[{"embeddable":true,"href":"https:\/\/radiorevelacionfm.cl\/index.php?rest_route=\/wp\/v2\/users\/1"}],"replies":[{"embeddable":true,"href":"https:\/\/radiorevelacionfm.cl\/index.php?rest_route=%2Fwp%2Fv2%2Fcomments&post=60069"}],"version-history":[{"count":3,"href":"https:\/\/radiorevelacionfm.cl\/index.php?rest_route=\/wp\/v2\/posts\/60069\/revisions"}],"predecessor-version":[{"id":60088,"href":"https:\/\/radiorevelacionfm.cl\/index.php?rest_route=\/wp\/v2\/posts\/60069\/revisions\/60088"}],"wp:featuredmedia":[{"embeddable":true,"href":"https:\/\/radiorevelacionfm.cl\/index.php?rest_route=\/wp\/v2\/media\/60086"}],"wp:attachment":[{"href":"https:\/\/radiorevelacionfm.cl\/index.php?rest_route=%2Fwp%2Fv2%2Fmedia&parent=60069"}],"wp:term":[{"taxonomy":"category","embeddable":true,"href":"https:\/\/radiorevelacionfm.cl\/index.php?rest_route=%2Fwp%2Fv2%2Fcategories&post=60069"},{"taxonomy":"post_tag","embeddable":true,"href":"https:\/\/radiorevelacionfm.cl\/index.php?rest_route=%2Fwp%2Fv2%2Ftags&post=60069"}],"curies":[{"name":"wp","href":"https:\/\/api.w.org\/{rel}","templated":true}]}}