{"id":60064,"date":"2025-10-07T20:59:58","date_gmt":"2025-10-07T23:59:58","guid":{"rendered":"https:\/\/radiorevelacionfm.cl\/?p=60064"},"modified":"2025-10-07T20:59:58","modified_gmt":"2025-10-07T23:59:58","slug":"alcalde-keim-y-gobernador-santana-lideran-despliegue-en-terreno-tras-alerta-roja-en-la-provincia-general-carrera","status":"publish","type":"post","link":"https:\/\/radiorevelacionfm.cl\/?p=60064","title":{"rendered":"Alcalde Keim y Gobernador Santana lideran despliegue en terreno tras Alerta Roja en la provincia General Carrera"},"content":{"rendered":"<div class=\"flex_column av_one_full  flex_column_div av-zero-column-padding first  avia-builder-el-0  el_before_av_one_full  avia-builder-el-first  \" style='border-radius:0px; '><div  class='avia-image-container  av-styling-    avia-builder-el-1  avia-builder-el-no-sibling  avia-align-center '  itemprop=\"image\" itemscope=\"itemscope\" itemtype=\"https:\/\/schema.org\/ImageObject\"  ><div class='avia-image-container-inner'><div class='avia-image-overlay-wrap'><img decoding=\"async\" class='wp-image-60065 avia-img-lazy-loading-not-60065 avia_image' src=\"https:\/\/radiorevelacionfm.cl\/wp-content\/uploads\/2025\/10\/chch1-1_optimized-1_optimized-1.jpg\" alt='' title='chch1-(1)_optimized-(1)_optimized (1)' height=\"602\" width=\"800\"  itemprop=\"thumbnailUrl\" srcset=\"https:\/\/radiorevelacionfm.cl\/wp-content\/uploads\/2025\/10\/chch1-1_optimized-1_optimized-1.jpg 800w, https:\/\/radiorevelacionfm.cl\/wp-content\/uploads\/2025\/10\/chch1-1_optimized-1_optimized-1-300x226.jpg 300w, https:\/\/radiorevelacionfm.cl\/wp-content\/uploads\/2025\/10\/chch1-1_optimized-1_optimized-1-768x578.jpg 768w, https:\/\/radiorevelacionfm.cl\/wp-content\/uploads\/2025\/10\/chch1-1_optimized-1_optimized-1-705x531.jpg 705w, https:\/\/radiorevelacionfm.cl\/wp-content\/uploads\/2025\/10\/chch1-1_optimized-1_optimized-1-450x339.jpg 450w, https:\/\/radiorevelacionfm.cl\/wp-content\/uploads\/2025\/10\/chch1-1_optimized-1_optimized-1-600x452.jpg 600w\" sizes=\"(max-width: 800px) 100vw, 800px\" \/><\/div><\/div><\/div><\/div><div class=\"flex_column av_one_full  flex_column_div av-zero-column-padding first  avia-builder-el-2  el_after_av_one_full  el_before_av_one_full  column-top-margin\" style='border-radius:0px; '><section class=\"av_textblock_section \"  itemscope=\"itemscope\" itemtype=\"https:\/\/schema.org\/BlogPosting\" itemprop=\"blogPost\" ><div class='avia_textblock  '   itemprop=\"text\" ><p style=\"text-align: center;\"><strong><span style=\"font-size: 18pt;\">Alcalde Keim y Gobernador Santana lideran despliegue en terreno tras Alerta Roja en la provincia General Carrera<\/span><\/strong><\/p>\n<div id=\"gtx-trans\" style=\"position: absolute; left: -50px; top: 4.31534px;\">\n<div class=\"gtx-trans-icon\"><\/div>\n<\/div>\n<\/div><\/section><\/div><div class=\"flex_column av_one_full  flex_column_div av-zero-column-padding first  avia-builder-el-4  el_after_av_one_full  el_before_av_hr  column-top-margin\" style='border-radius:0px; '><section class=\"av_textblock_section \"  itemscope=\"itemscope\" itemtype=\"https:\/\/schema.org\/BlogPosting\" itemprop=\"blogPost\" ><div class='avia_textblock  '   itemprop=\"text\" ><p style=\"text-align: justify;\"><em>El Municipio de Chile Chico activa maquinaria y apoyo a familias rurales afectadas por el sistema frontal que mantiene la Alerta Roja vigente en la zona sur de la regi\u00f3n de Ays\u00e9n.<\/em><\/p>\n<p style=\"text-align: justify;\">Tras la declaraci\u00f3n de Alerta Roja por evento meteorol\u00f3gico que afect\u00f3 a las provincias de General Carrera y Capit\u00e1n Prat, el alcalde de Chile Chico, Ariel Keim, junto al gobernador regional Marcelo Santana, encabezaron un recorrido por los sectores m\u00e1s afectados, con el objetivo de evaluar los da\u00f1os y coordinar apoyo directo a las familias.<\/p>\n<p style=\"text-align: justify;\">El municipio de Chile Chico ya se encuentra trabajando con maquinaria municipal en distintos sectores rurales, apoyando a vecinos y vecinas con el despeje de caminos, habilitaci\u00f3n de accesos y asistencia a las familias afectadas por la emergencia clim\u00e1tica.<\/p>\n<p style=\"text-align: justify;\">Durante la jornada, las autoridades visitaron a los vecinos de El Viviana y Las Horquetas, en el sector de Mall\u00edn Grande, para luego continuar hacia Puerto Guadal, Puerto Bertrand y R\u00edo Leones, donde se registraron remociones en masa, crecidas de afluentes y afectaciones en caminos rurales.<\/p>\n<p style=\"text-align: justify;\">El despliegue permiti\u00f3 evaluar en terreno la situaci\u00f3n y coordinar acciones conjuntas para restablecer la conectividad y asistir a las familias que resultaron con mayores impactos producto del sistema frontal.<\/p>\n<p style=\"text-align: justify;\">\u201cHoy hemos estado realizando un importante trabajo en terreno, complementando el levantamiento que desarrollamos durante el fin de semana, cuando ingres\u00f3 este frente de mal tiempo que afect\u00f3 directamente a nuestros vecinos del sector rural.<\/p>\n<p style=\"text-align: justify;\">Hemos sido testigos, junto al Gobernador y al Presidente de la Junta de Vecinos, de los da\u00f1os que ha causado este sistema frontal y de la urgencia de apoyar a cada familia afectada.<\/p>\n<p style=\"text-align: justify;\">Agradezco al Gobierno Regional por estar presente en terreno; el Gobernador ha sido la primera autoridad regional en llegar hasta nuestra comuna para conocer de primera fuente la realidad que viven nuestros vecinos y vecinas del campo.<\/p>\n<p style=\"text-align: justify;\">Como municipio, seguiremos trabajando junto a nuestros vecinos y al Gobierno Regional para enfrentar esta emergencia y prepararnos para los pr\u00f3ximos frentes que se anuncian\u201d, se\u00f1al\u00f3 el alcalde Ariel Keim.<\/p>\n<p style=\"text-align: justify;\">\u201cEstamos revisando los da\u00f1os que producto de la emergencia clim\u00e1tica se vivieron a fines de la semana pasada.<br \/>\nDestac\u00f3 el trabajo que est\u00e1 haciendo el municipio en pos de retomar la conectividad y apoyar a los campesinos en distintas \u00e1reas.<\/p>\n<p style=\"text-align: justify;\">Como Gobierno Regional esperamos apoyar a la Municipalidad con recursos y realizar gestiones que nos ha planteado la comunidad, especialmente para reponer puentes y la conectividad celular, que se perdi\u00f3 hace algunos d\u00edas.<\/p>\n<p style=\"text-align: justify;\">Es muy importante estar en terreno para visualizar la realidad que viven nuestros pueblos\u201d, destac\u00f3 el gobernador regional Marcelo Santana.<\/p>\n<p style=\"text-align: justify;\">El municipio de Chile Chico mantiene desplegado a su equipo de emergencias y maquinaria municipal en diferentes puntos del territorio, trabajando en la habilitaci\u00f3n de rutas y apoyo a los sectores rurales m\u00e1s afectados.<\/p>\n<p style=\"text-align: justify;\">Desde la administraci\u00f3n local recalcaron que este despliegue refleja el compromiso de estar en terreno junto a la comunidad, priorizando la seguridad, la conectividad y el bienestar de los vecinos.<\/p>\n<p style=\"text-align: justify;\">Como parte de la jornada en terreno, en Puerto Guadal se llev\u00f3 a cabo la entrega del Bono de Emergencia Agr\u00edcola, beneficio otorgado por INDAP en apoyo a los productores y familias rurales afectadas por la reciente emergencia clim\u00e1tica.<\/p>\n<p style=\"text-align: justify;\">La instancia fue coordinada junto al Municipio de Chile Chico y el equipo PRODESAL, en el marco del acompa\u00f1amiento a los sectores productivos que resultaron m\u00e1s afectados.<\/p>\n<\/div><\/section><\/div><div  style='height:50px' class='hr hr-invisible   avia-builder-el-6  el_after_av_one_full  el_before_av_social_share '><span class='hr-inner ' ><span class='hr-inner-style'><\/span><\/span><\/div><\/p>\n<div  class='av-social-sharing-box  avia-builder-el-7  el_after_av_hr  el_before_av_hr  '><div class='av-share-box'><h5 class='av-share-link-description av-no-toc '>Compartir esta noticia<\/h5><ul class='av-share-box-list noLightbox'><li class='av-share-link av-social-link-facebook' ><a target=\"_blank\" aria-label=\"Compartir en Facebook\" href='https:\/\/www.facebook.com\/sharer.php?u=https:\/\/radiorevelacionfm.cl\/?p=60064&#038;t=Alcalde%20Keim%20y%20Gobernador%20Santana%20lideran%20despliegue%20en%20terreno%20tras%20Alerta%20Roja%20en%20la%20provincia%20General%20Carrera' aria-hidden='false' data-av_icon='\ue8f3' data-av_iconfont='entypo-fontello' title='' data-avia-related-tooltip='Compartir en Facebook' rel=\"noopener\"><span class='avia_hidden_link_text'>Compartir en Facebook<\/span><\/a><\/li><li class='av-share-link av-social-link-twitter' ><a target=\"_blank\" aria-label=\"Compartir en Twitter\" href='https:\/\/twitter.com\/share?text=Alcalde%20Keim%20y%20Gobernador%20Santana%20lideran%20despliegue%20en%20terreno%20tras%20Alerta%20Roja%20en%20la%20provincia%20General%20Carrera&#038;url=https:\/\/radiorevelacionfm.cl\/?p=60064' aria-hidden='false' data-av_icon='\ue8f1' data-av_iconfont='entypo-fontello' title='' data-avia-related-tooltip='Compartir en Twitter' rel=\"noopener\"><span class='avia_hidden_link_text'>Compartir en Twitter<\/span><\/a><\/li><li class='av-share-link av-social-link-whatsapp' ><a target=\"_blank\" aria-label=\"Compartir en Whatsapp\" href='https:\/\/api.whatsapp.com\/send?text=https:\/\/radiorevelacionfm.cl\/?p=60064' aria-hidden='false' data-av_icon='\uf232' data-av_iconfont='entypo-fontello' title='' data-avia-related-tooltip='Compartir en Whatsapp' rel=\"noopener\"><span class='avia_hidden_link_text'>Compartir en Whatsapp<\/span><\/a><\/li><li class='av-share-link av-social-link-linkedin' ><a target=\"_blank\" aria-label=\"Compartir en LinkedIn\" href='https:\/\/linkedin.com\/shareArticle?mini=true&#038;title=Alcalde%20Keim%20y%20Gobernador%20Santana%20lideran%20despliegue%20en%20terreno%20tras%20Alerta%20Roja%20en%20la%20provincia%20General%20Carrera&#038;url=https:\/\/radiorevelacionfm.cl\/?p=60064' aria-hidden='false' data-av_icon='\ue8fc' data-av_iconfont='entypo-fontello' title='' data-avia-related-tooltip='Compartir en LinkedIn' rel=\"noopener\"><span class='avia_hidden_link_text'>Compartir en LinkedIn<\/span><\/a><\/li><li class='av-share-link av-social-link-mail' ><a  aria-label=\"Compartir por correo\" href='mailto:?subject=Alcalde%20Keim%20y%20Gobernador%20Santana%20lideran%20despliegue%20en%20terreno%20tras%20Alerta%20Roja%20en%20la%20provincia%20General%20Carrera&#038;body=https:\/\/radiorevelacionfm.cl\/?p=60064' aria-hidden='false' data-av_icon='\ue805' data-av_iconfont='entypo-fontello' title='' data-avia-related-tooltip='Compartir por correo'><span class='avia_hidden_link_text'>Compartir por correo<\/span><\/a><\/li><\/ul><\/div><\/div>\n<div  style='height:50px' class='hr hr-invisible   avia-builder-el-8  el_after_av_social_share  el_before_av_comments_list '><span class='hr-inner ' ><span class='hr-inner-style'><\/span><\/span><\/div>\n<div  class='av-buildercomment  av-blog-meta-html-info-disabled av-blog-meta-tag-disabled  '><\/div>\n","protected":false},"excerpt":{"rendered":"","protected":false},"author":1,"featured_media":60065,"comment_status":"closed","ping_status":"closed","sticky":false,"template":"","format":"standard","meta":{"footnotes":""},"categories":[38],"tags":[],"class_list":["post-60064","post","type-post","status-publish","format-standard","has-post-thumbnail","hentry","category-regional"],"jetpack_featured_media_url":"https:\/\/radiorevelacionfm.cl\/wp-content\/uploads\/2025\/10\/chch1-1_optimized-1_optimized-1.jpg","_links":{"self":[{"href":"https:\/\/radiorevelacionfm.cl\/index.php?rest_route=\/wp\/v2\/posts\/60064","targetHints":{"allow":["GET"]}}],"collection":[{"href":"https:\/\/radiorevelacionfm.cl\/index.php?rest_route=\/wp\/v2\/posts"}],"about":[{"href":"https:\/\/radiorevelacionfm.cl\/index.php?rest_route=\/wp\/v2\/types\/post"}],"author":[{"embeddable":true,"href":"https:\/\/radiorevelacionfm.cl\/index.php?rest_route=\/wp\/v2\/users\/1"}],"replies":[{"embeddable":true,"href":"https:\/\/radiorevelacionfm.cl\/index.php?rest_route=%2Fwp%2Fv2%2Fcomments&post=60064"}],"version-history":[{"count":2,"href":"https:\/\/radiorevelacionfm.cl\/index.php?rest_route=\/wp\/v2\/posts\/60064\/revisions"}],"predecessor-version":[{"id":60067,"href":"https:\/\/radiorevelacionfm.cl\/index.php?rest_route=\/wp\/v2\/posts\/60064\/revisions\/60067"}],"wp:featuredmedia":[{"embeddable":true,"href":"https:\/\/radiorevelacionfm.cl\/index.php?rest_route=\/wp\/v2\/media\/60065"}],"wp:attachment":[{"href":"https:\/\/radiorevelacionfm.cl\/index.php?rest_route=%2Fwp%2Fv2%2Fmedia&parent=60064"}],"wp:term":[{"taxonomy":"category","embeddable":true,"href":"https:\/\/radiorevelacionfm.cl\/index.php?rest_route=%2Fwp%2Fv2%2Fcategories&post=60064"},{"taxonomy":"post_tag","embeddable":true,"href":"https:\/\/radiorevelacionfm.cl\/index.php?rest_route=%2Fwp%2Fv2%2Ftags&post=60064"}],"curies":[{"name":"wp","href":"https:\/\/api.w.org\/{rel}","templated":true}]}}