{"id":60059,"date":"2025-10-07T17:31:31","date_gmt":"2025-10-07T20:31:31","guid":{"rendered":"https:\/\/radiorevelacionfm.cl\/?p=60059"},"modified":"2025-10-07T17:31:31","modified_gmt":"2025-10-07T20:31:31","slug":"carabineros-aysen-prepara-la-avanzada-fronteriza-transitoria-paso-marconi-en-campos-de-hielo-sur","status":"publish","type":"post","link":"https:\/\/radiorevelacionfm.cl\/?p=60059","title":{"rendered":"Carabineros Ays\u00e9n prepara la avanzada fronteriza transitoria Paso Marconi en Campos de Hielo Sur"},"content":{"rendered":"<div class=\"flex_column av_one_full  flex_column_div av-zero-column-padding first  avia-builder-el-0  el_before_av_one_full  avia-builder-el-first  \" style='border-radius:0px; '><div  class='avia-image-container  av-styling-    avia-builder-el-1  avia-builder-el-no-sibling  avia-align-center '  itemprop=\"image\" itemscope=\"itemscope\" itemtype=\"https:\/\/schema.org\/ImageObject\"  ><div class='avia-image-container-inner'><div class='avia-image-overlay-wrap'><img decoding=\"async\" class='wp-image-60060 avia-img-lazy-loading-not-60060 avia_image' src=\"https:\/\/radiorevelacionfm.cl\/wp-content\/uploads\/2025\/10\/c5f8ff2e-0ae6-4234-8191-0e1d7a878e73-1_optimized-1.jpg\" alt='' title='c5f8ff2e-0ae6-4234-8191-0e1d7a878e73-(1)_optimized (1)' height=\"600\" width=\"800\"  itemprop=\"thumbnailUrl\" srcset=\"https:\/\/radiorevelacionfm.cl\/wp-content\/uploads\/2025\/10\/c5f8ff2e-0ae6-4234-8191-0e1d7a878e73-1_optimized-1.jpg 800w, https:\/\/radiorevelacionfm.cl\/wp-content\/uploads\/2025\/10\/c5f8ff2e-0ae6-4234-8191-0e1d7a878e73-1_optimized-1-300x225.jpg 300w, https:\/\/radiorevelacionfm.cl\/wp-content\/uploads\/2025\/10\/c5f8ff2e-0ae6-4234-8191-0e1d7a878e73-1_optimized-1-768x576.jpg 768w, https:\/\/radiorevelacionfm.cl\/wp-content\/uploads\/2025\/10\/c5f8ff2e-0ae6-4234-8191-0e1d7a878e73-1_optimized-1-705x529.jpg 705w, https:\/\/radiorevelacionfm.cl\/wp-content\/uploads\/2025\/10\/c5f8ff2e-0ae6-4234-8191-0e1d7a878e73-1_optimized-1-450x338.jpg 450w, https:\/\/radiorevelacionfm.cl\/wp-content\/uploads\/2025\/10\/c5f8ff2e-0ae6-4234-8191-0e1d7a878e73-1_optimized-1-600x450.jpg 600w\" sizes=\"(max-width: 800px) 100vw, 800px\" \/><\/div><\/div><\/div><\/div><div class=\"flex_column av_one_full  flex_column_div av-zero-column-padding first  avia-builder-el-2  el_after_av_one_full  el_before_av_one_full  column-top-margin\" style='border-radius:0px; '><section class=\"av_textblock_section \"  itemscope=\"itemscope\" itemtype=\"https:\/\/schema.org\/BlogPosting\" itemprop=\"blogPost\" ><div class='avia_textblock  '   itemprop=\"text\" ><p style=\"text-align: center;\"><strong><span style=\"font-size: 18pt;\">Carabineros Ays\u00e9n prepara la avanzada fronteriza transitoria Paso Marconi en Campos de Hielo Sur<\/span><\/strong><\/p>\n<div id=\"gtx-trans\" style=\"position: absolute; left: -50px; top: 4.31534px;\">\n<div class=\"gtx-trans-icon\"><\/div>\n<\/div>\n<\/div><\/section><\/div><div class=\"flex_column av_one_full  flex_column_div av-zero-column-padding first  avia-builder-el-4  el_after_av_one_full  el_before_av_hr  column-top-margin\" style='border-radius:0px; '><section class=\"av_textblock_section \"  itemscope=\"itemscope\" itemtype=\"https:\/\/schema.org\/BlogPosting\" itemprop=\"blogPost\" ><div class='avia_textblock  '   itemprop=\"text\" ><p dir=\"ltr\" style=\"text-align: justify;\">La Instituci\u00f3n se encuentra desarrollando trabajos orientados a garantizar las condiciones de habitabilidad y seguridad del lugar que pr\u00f3ximamente albergar\u00e1 al personal que prestar\u00e1 servicios en este remoto e inh\u00f3spito rinc\u00f3n de la Patagonia Chilena e importancia estrat\u00e9gica para Ays\u00e9n.<\/p>\n<p dir=\"ltr\" style=\"text-align: justify;\">Carabineros de Chile en la Regi\u00f3n de Ays\u00e9n se encuentra ultimando los detalles para la pr\u00f3xima implementaci\u00f3n de la Avanzada Fronteriza Transitoria Paso Marconi de cara a la temporada estival, un hito que reforzar\u00e1 la presencia del Estado, resguardo de la soberan\u00eda y el control en la compleja geograf\u00eda de Campos de Hielo Sur.<\/p>\n<p dir=\"ltr\" style=\"text-align: justify;\"><strong>Trabajos en refugio Eduardo Garc\u00eda Soto<\/strong><\/p>\n<p dir=\"ltr\" style=\"text-align: justify;\">El Subprefecto Rural Fronterizo de la Prefectura de Carabineros Ays\u00e9n, Teniente Coronel Rodrigo Molina Trujillo, inform\u00f3 que la Instituci\u00f3n se encuentra por estos d\u00edas desarrollando diversas gestiones, mejoras y trabajos orientados a garantizar las condiciones de habitabilidad y seguridad del personal en este remoto sector de la Patagonia Chilena.<\/p>\n<p dir=\"ltr\" style=\"text-align: justify;\">Con este fin, Carabineros ha estado trabajando intensamente en el refugio Garc\u00eda Soto, gracias a las coordinaciones establecidas con la Direcci\u00f3n Regional de CONAF. El objetivo principal es realizar diversos arreglos y mejoras para optimizar los aspectos de habitabilidad y seguridad del personal que pr\u00f3ximamente prestar\u00e1 servicio en la avanzada.<\/p>\n<p dir=\"ltr\" style=\"text-align: justify;\">Debido a la geograf\u00eda y condici\u00f3n clim\u00e1tica extrema, Carabineros contin\u00faa trabajando con la finalidad de mantener equipos de comunicaciones, suministro el\u00e9ctrico, abastecimiento y seguridad en un entorno aislado.<\/p>\n<p dir=\"ltr\" style=\"text-align: justify;\">Sumado a las adecuaciones en el refugio existente, el Jefe de Zona de Carabineros Ays\u00e9n, General Eduardo Palma Fuentes, en coordinaci\u00f3n y apoyo del Gobierno Regional se\u00f1al\u00f3 que se est\u00e1 gestionando la adquisici\u00f3n de m\u00f3dulos de habitabilidad que ser\u00e1n instalados pr\u00f3ximamente en el sector,\u00a0 manteniendo ya las autorizaciones para su instalaci\u00f3n por parte de la Direcci\u00f3n Regional de CONAF.<\/p>\n<p dir=\"ltr\" style=\"text-align: justify;\"><strong>Importancia estrat\u00e9gica<\/strong><\/p>\n<p dir=\"ltr\" style=\"text-align: justify;\">La presencia de Carabineros en el Paso Marconi es de vital importancia, ya que sit\u00faa a la Instituci\u00f3n y el Estado en un punto estrat\u00e9gico dentro de Campos de Hielo Sur.<\/p>\n<p dir=\"ltr\" style=\"text-align: justify;\">Seg\u00fan lo informado por el Subprefecto Molina, el personal desplegado tendr\u00e1 la misi\u00f3n de controlar las diferentes leyes especiales que rigen en materia de frontera, posicionar la presencia institucional y del Estado de Chile en un sector de dif\u00edcil acceso y de alto valor geopol\u00edtico en la Regi\u00f3n de Ays\u00e9n.<\/p>\n<p dir=\"ltr\" style=\"text-align: justify;\">Cabe recordar que durante la temporada entre enero a marzo de 2025, Carabineros realiz\u00f3 una serie de controles a personas que ingresaron al territorio nacional a trav\u00e9s del paso Marconi, siendo la mayor parte de ellos extranjeros, en su gran mayor\u00eda europeos.<\/p>\n<p dir=\"ltr\" style=\"text-align: justify;\">De\u00a0 la totalidad de las personas controladas que ingresaron de infanter\u00eda desde el vecino pa\u00eds, 12 no contaban con situaci\u00f3n migratoria regular, es decir, no contaban con la autorizaci\u00f3n para estar en territorio nacional, siendo denunciados.<\/p>\n<p dir=\"ltr\" style=\"text-align: justify;\">La implementaci\u00f3n de la Avanzada Fronteriza Transitoria Marconi representa un esfuerzo log\u00edstico significativo y subraya el compromiso de Carabineros con la vigilancia y resguardo de las zonas fronterizas m\u00e1s australes y desafiantes del pa\u00eds.<\/p>\n<div class=\"yj6qo\" style=\"text-align: justify;\"><\/div>\n<div class=\"adL\" style=\"text-align: justify;\"><\/div>\n<\/div><\/section><\/div><div  style='height:50px' class='hr hr-invisible   avia-builder-el-6  el_after_av_one_full  el_before_av_social_share '><span class='hr-inner ' ><span class='hr-inner-style'><\/span><\/span><\/div><\/p>\n<div  class='av-social-sharing-box  avia-builder-el-7  el_after_av_hr  el_before_av_hr  '><div class='av-share-box'><h5 class='av-share-link-description av-no-toc '>Compartir esta noticia<\/h5><ul class='av-share-box-list noLightbox'><li class='av-share-link av-social-link-facebook' ><a target=\"_blank\" aria-label=\"Compartir en Facebook\" href='https:\/\/www.facebook.com\/sharer.php?u=https:\/\/radiorevelacionfm.cl\/?p=60059&#038;t=Carabineros%20Ays%C3%A9n%20prepara%20la%20avanzada%20fronteriza%20transitoria%20Paso%20Marconi%20en%20Campos%20de%20Hielo%20Sur' aria-hidden='false' data-av_icon='\ue8f3' data-av_iconfont='entypo-fontello' title='' data-avia-related-tooltip='Compartir en Facebook' rel=\"noopener\"><span class='avia_hidden_link_text'>Compartir en Facebook<\/span><\/a><\/li><li class='av-share-link av-social-link-twitter' ><a target=\"_blank\" aria-label=\"Compartir en Twitter\" href='https:\/\/twitter.com\/share?text=Carabineros%20Ays%C3%A9n%20prepara%20la%20avanzada%20fronteriza%20transitoria%20Paso%20Marconi%20en%20Campos%20de%20Hielo%20Sur&#038;url=https:\/\/radiorevelacionfm.cl\/?p=60059' aria-hidden='false' data-av_icon='\ue8f1' data-av_iconfont='entypo-fontello' title='' data-avia-related-tooltip='Compartir en Twitter' rel=\"noopener\"><span class='avia_hidden_link_text'>Compartir en Twitter<\/span><\/a><\/li><li class='av-share-link av-social-link-whatsapp' ><a target=\"_blank\" aria-label=\"Compartir en Whatsapp\" href='https:\/\/api.whatsapp.com\/send?text=https:\/\/radiorevelacionfm.cl\/?p=60059' aria-hidden='false' data-av_icon='\uf232' data-av_iconfont='entypo-fontello' title='' data-avia-related-tooltip='Compartir en Whatsapp' rel=\"noopener\"><span class='avia_hidden_link_text'>Compartir en Whatsapp<\/span><\/a><\/li><li class='av-share-link av-social-link-linkedin' ><a target=\"_blank\" aria-label=\"Compartir en LinkedIn\" href='https:\/\/linkedin.com\/shareArticle?mini=true&#038;title=Carabineros%20Ays%C3%A9n%20prepara%20la%20avanzada%20fronteriza%20transitoria%20Paso%20Marconi%20en%20Campos%20de%20Hielo%20Sur&#038;url=https:\/\/radiorevelacionfm.cl\/?p=60059' aria-hidden='false' data-av_icon='\ue8fc' data-av_iconfont='entypo-fontello' title='' data-avia-related-tooltip='Compartir en LinkedIn' rel=\"noopener\"><span class='avia_hidden_link_text'>Compartir en LinkedIn<\/span><\/a><\/li><li class='av-share-link av-social-link-mail' ><a  aria-label=\"Compartir por correo\" href='mailto:?subject=Carabineros%20Ays%C3%A9n%20prepara%20la%20avanzada%20fronteriza%20transitoria%20Paso%20Marconi%20en%20Campos%20de%20Hielo%20Sur&#038;body=https:\/\/radiorevelacionfm.cl\/?p=60059' aria-hidden='false' data-av_icon='\ue805' data-av_iconfont='entypo-fontello' title='' data-avia-related-tooltip='Compartir por correo'><span class='avia_hidden_link_text'>Compartir por correo<\/span><\/a><\/li><\/ul><\/div><\/div>\n<div  style='height:50px' class='hr hr-invisible   avia-builder-el-8  el_after_av_social_share  el_before_av_comments_list '><span class='hr-inner ' ><span class='hr-inner-style'><\/span><\/span><\/div>\n<div  class='av-buildercomment  av-blog-meta-html-info-disabled av-blog-meta-tag-disabled  '><\/div>\n","protected":false},"excerpt":{"rendered":"","protected":false},"author":1,"featured_media":60060,"comment_status":"closed","ping_status":"closed","sticky":false,"template":"","format":"standard","meta":{"footnotes":""},"categories":[36],"tags":[],"class_list":["post-60059","post","type-post","status-publish","format-standard","has-post-thumbnail","hentry","category-policial"],"jetpack_featured_media_url":"https:\/\/radiorevelacionfm.cl\/wp-content\/uploads\/2025\/10\/c5f8ff2e-0ae6-4234-8191-0e1d7a878e73-1_optimized-1.jpg","_links":{"self":[{"href":"https:\/\/radiorevelacionfm.cl\/index.php?rest_route=\/wp\/v2\/posts\/60059","targetHints":{"allow":["GET"]}}],"collection":[{"href":"https:\/\/radiorevelacionfm.cl\/index.php?rest_route=\/wp\/v2\/posts"}],"about":[{"href":"https:\/\/radiorevelacionfm.cl\/index.php?rest_route=\/wp\/v2\/types\/post"}],"author":[{"embeddable":true,"href":"https:\/\/radiorevelacionfm.cl\/index.php?rest_route=\/wp\/v2\/users\/1"}],"replies":[{"embeddable":true,"href":"https:\/\/radiorevelacionfm.cl\/index.php?rest_route=%2Fwp%2Fv2%2Fcomments&post=60059"}],"version-history":[{"count":2,"href":"https:\/\/radiorevelacionfm.cl\/index.php?rest_route=\/wp\/v2\/posts\/60059\/revisions"}],"predecessor-version":[{"id":60062,"href":"https:\/\/radiorevelacionfm.cl\/index.php?rest_route=\/wp\/v2\/posts\/60059\/revisions\/60062"}],"wp:featuredmedia":[{"embeddable":true,"href":"https:\/\/radiorevelacionfm.cl\/index.php?rest_route=\/wp\/v2\/media\/60060"}],"wp:attachment":[{"href":"https:\/\/radiorevelacionfm.cl\/index.php?rest_route=%2Fwp%2Fv2%2Fmedia&parent=60059"}],"wp:term":[{"taxonomy":"category","embeddable":true,"href":"https:\/\/radiorevelacionfm.cl\/index.php?rest_route=%2Fwp%2Fv2%2Fcategories&post=60059"},{"taxonomy":"post_tag","embeddable":true,"href":"https:\/\/radiorevelacionfm.cl\/index.php?rest_route=%2Fwp%2Fv2%2Ftags&post=60059"}],"curies":[{"name":"wp","href":"https:\/\/api.w.org\/{rel}","templated":true}]}}