{"id":60053,"date":"2025-10-07T21:37:31","date_gmt":"2025-10-08T00:37:31","guid":{"rendered":"https:\/\/radiorevelacionfm.cl\/?p=60053"},"modified":"2025-10-07T21:37:31","modified_gmt":"2025-10-08T00:37:31","slug":"dirigentes-manifiestan-preocupacion-por-licitacion-de-nueva-linea-de-colectivos-ante-delegado-presidencial","status":"publish","type":"post","link":"https:\/\/radiorevelacionfm.cl\/?p=60053","title":{"rendered":"Dirigentes manifiestan preocupaci\u00f3n por licitaci\u00f3n de nueva l\u00ednea de colectivos ante Delegado Presidencial"},"content":{"rendered":"<div class=\"flex_column av_one_full  flex_column_div av-zero-column-padding first  avia-builder-el-0  el_before_av_one_full  avia-builder-el-first  \" style='border-radius:0px; '><div  class='avia-image-container  av-styling-    avia-builder-el-1  avia-builder-el-no-sibling  avia-align-center '  itemprop=\"image\" itemscope=\"itemscope\" itemtype=\"https:\/\/schema.org\/ImageObject\"  ><div class='avia-image-container-inner'><div class='avia-image-overlay-wrap'><img decoding=\"async\" class='wp-image-60054 avia-img-lazy-loading-not-60054 avia_image' src=\"https:\/\/radiorevelacionfm.cl\/wp-content\/uploads\/2025\/10\/FOTO-CALISTO-Y-DIRIGENTES-REU-DELEGADO-1-1.jpg\" alt='' title='FOTO CALISTO Y DIRIGENTES REU DELEGADO (1) (1)' height=\"600\" width=\"1070\"  itemprop=\"thumbnailUrl\" srcset=\"https:\/\/radiorevelacionfm.cl\/wp-content\/uploads\/2025\/10\/FOTO-CALISTO-Y-DIRIGENTES-REU-DELEGADO-1-1.jpg 1070w, https:\/\/radiorevelacionfm.cl\/wp-content\/uploads\/2025\/10\/FOTO-CALISTO-Y-DIRIGENTES-REU-DELEGADO-1-1-300x168.jpg 300w, https:\/\/radiorevelacionfm.cl\/wp-content\/uploads\/2025\/10\/FOTO-CALISTO-Y-DIRIGENTES-REU-DELEGADO-1-1-1030x578.jpg 1030w, https:\/\/radiorevelacionfm.cl\/wp-content\/uploads\/2025\/10\/FOTO-CALISTO-Y-DIRIGENTES-REU-DELEGADO-1-1-768x431.jpg 768w, https:\/\/radiorevelacionfm.cl\/wp-content\/uploads\/2025\/10\/FOTO-CALISTO-Y-DIRIGENTES-REU-DELEGADO-1-1-705x395.jpg 705w, https:\/\/radiorevelacionfm.cl\/wp-content\/uploads\/2025\/10\/FOTO-CALISTO-Y-DIRIGENTES-REU-DELEGADO-1-1-450x252.jpg 450w, https:\/\/radiorevelacionfm.cl\/wp-content\/uploads\/2025\/10\/FOTO-CALISTO-Y-DIRIGENTES-REU-DELEGADO-1-1-600x336.jpg 600w\" sizes=\"(max-width: 1070px) 100vw, 1070px\" \/><\/div><\/div><\/div><\/div><div class=\"flex_column av_one_full  flex_column_div av-zero-column-padding first  avia-builder-el-2  el_after_av_one_full  el_before_av_one_full  column-top-margin\" style='border-radius:0px; '><section class=\"av_textblock_section \"  itemscope=\"itemscope\" itemtype=\"https:\/\/schema.org\/BlogPosting\" itemprop=\"blogPost\" ><div class='avia_textblock  '   itemprop=\"text\" ><p style=\"text-align: center;\"><strong><span style=\"font-size: 18pt;\">Dirigentes manifiestan preocupaci\u00f3n por licitaci\u00f3n de nueva l\u00ednea de colectivos ante Delegado Presidencial<\/span><\/strong><\/p>\n<div id=\"gtx-trans\" style=\"position: absolute; left: -50px; top: 4.31534px;\">\n<div class=\"gtx-trans-icon\"><\/div>\n<\/div>\n<\/div><\/section><\/div><div class=\"flex_column av_one_full  flex_column_div av-zero-column-padding first  avia-builder-el-4  el_after_av_one_full  el_before_av_hr  column-top-margin\" style='border-radius:0px; '><section class=\"av_textblock_section \"  itemscope=\"itemscope\" itemtype=\"https:\/\/schema.org\/BlogPosting\" itemprop=\"blogPost\" ><div class='avia_textblock  '   itemprop=\"text\" ><p style=\"font-weight: 400; text-align: justify;\">Junto a dirigentes del Sindicato de Choferes Profesionales Los Glaciares y l\u00edderes vecinales, el diputado Miguel \u00c1ngel Calisto se reuni\u00f3 con el delegado presidencial de la Regi\u00f3n de Ays\u00e9n, para expresar su profunda preocupaci\u00f3n por las bases del concurso de la nueva licitaci\u00f3n de la l\u00ednea de colectivos. En la instancia, que tambi\u00e9n cont\u00f3 con la participaci\u00f3n del diputado Ren\u00e9 Alinco y el Consejero Regional Pablo Guglielmi, los asistentes solicitaron modificaciones urgentes para garantizar una mayor cobertura y beneficiar a los choferes hist\u00f3ricos.<\/p>\n<p style=\"font-weight: 400; text-align: justify;\">El parlamentario Aysenino fue enf\u00e1tico al se\u00f1alar que la propuesta actual del Ministerio de Transportes no responde a la demanda ciudadana, especialmente en el sector alto de Coyhaique, asegurando que \u00ablo primero que estamos pidiendo es que se pueda responder a la necesidad y a la demanda de la ciudadan\u00eda. Hay cerca de 15.000 familias en el sector alto que necesitan el servicio de taxi, y la cantidad de patentes que se est\u00e1n ofreciendo no es suficiente. Creemos que se tiene que llegar al menos a 50 patentes de taxi y no a 30 como lo especifica la licitaci\u00f3n, porque eso, en definitiva, va en desmedro de la frecuencia y la gente no se ve beneficiada por los pocos taxis que est\u00e1n circulando, sobre todo en la ma\u00f1ana y al mediod\u00eda, cuando hay mayor necesidad del servicio\u201d.<\/p>\n<p style=\"font-weight: 400; text-align: justify;\">\u201cTambi\u00e9n queremos que se modifiquen las bases con la finalidad de garantizar y beneficiar a los choferes de taxi que han levantado esta propuesta. Creemos que la propuesta actual es sesgada, y por eso hemos hecho gestiones con el Ministro en el Congreso y las estamos haciendo ac\u00e1 directamente con la autoridad regional\u00bb, indic\u00f3 el diputado.<\/p>\n<p style=\"font-weight: 400; text-align: justify;\">El malestar tambi\u00e9n se hizo sentir por parte de los choferes y vecinos, quienes ven en las actuales bases un obst\u00e1culo para mejorar la locomoci\u00f3n en la ciudad. Luis Cuiti\u00f1o, presidente del Sindicato de Choferes Profesionales Los Glaciares, indic\u00f3 que \u00abestamos disconformes con la propuesta que est\u00e1 presentando la Seremi de Transporte, porque mucha gente queda fuera del sistema, y la cantidad de autos no da abasto con la frecuencia que se requiere\u201d.<\/p>\n<p style=\"font-weight: 400; text-align: justify;\">\u201cDoy las gracias a los diputados, a don Miguel \u00c1ngel Calisto, que nos han apoyado un mont\u00f3n en esta situaci\u00f3n, porque nosotros, los choferes, hemos sido olvidados muchos a\u00f1os\u201d, indic\u00f3 el dirigente de los colectiveros.<\/p>\n<p style=\"font-weight: 400; text-align: justify;\">Cecilia Opazo, dirigenta vecinal del sector Los Glaciares, asegur\u00f3 que \u00abcomo vecinos de la parte alta, estamos apoyando al sindicato en este tema de la locomoci\u00f3n. Llevamos bastante tiempo, desde el 2016-2017, esperando una soluci\u00f3n definitiva en la parte alta. Seguimos caminando, pasamos el invierno caminando, e incluso nos ha tocado llegar desde Los Glaciares al centro a pie. Nos han dado hartos &#8216;calmantes&#8217; por bastante tiempo, y por lo mismo, estamos apoyando al sindicato para que por fin nos den una soluci\u00f3n definitiva a los vecinos del sector alto.\u00bb<\/p>\n<p style=\"font-weight: 400; text-align: justify;\">Los participantes de la reuni\u00f3n esperan que el Delegado Presidencial acoja las demandas y act\u00fae como interlocutor ante el Ministerio de Transportes y Telecomunicaciones, con el objetivo de lograr una modificaci\u00f3n a las bases que permita aumentar el n\u00famero de patentes y asegurar la frecuencia necesaria para el sector alto de Coyhaique, adem\u00e1s de considerar la experiencia de los choferes que han trabajado por a\u00f1os en la regi\u00f3n.<\/p>\n<\/div><\/section><\/div><div  style='height:50px' class='hr hr-invisible   avia-builder-el-6  el_after_av_one_full  el_before_av_social_share '><span class='hr-inner ' ><span class='hr-inner-style'><\/span><\/span><\/div><\/p>\n<div  class='av-social-sharing-box  avia-builder-el-7  el_after_av_hr  el_before_av_hr  '><div class='av-share-box'><h5 class='av-share-link-description av-no-toc '>Compartir esta noticia<\/h5><ul class='av-share-box-list noLightbox'><li class='av-share-link av-social-link-facebook' ><a target=\"_blank\" aria-label=\"Compartir en Facebook\" href='https:\/\/www.facebook.com\/sharer.php?u=https:\/\/radiorevelacionfm.cl\/?p=60053&#038;t=Dirigentes%20manifiestan%20preocupaci%C3%B3n%20por%20licitaci%C3%B3n%20de%20nueva%20l%C3%ADnea%20de%20colectivos%20ante%20Delegado%20Presidencial' aria-hidden='false' data-av_icon='\ue8f3' data-av_iconfont='entypo-fontello' title='' data-avia-related-tooltip='Compartir en Facebook' rel=\"noopener\"><span class='avia_hidden_link_text'>Compartir en Facebook<\/span><\/a><\/li><li class='av-share-link av-social-link-twitter' ><a target=\"_blank\" aria-label=\"Compartir en Twitter\" href='https:\/\/twitter.com\/share?text=Dirigentes%20manifiestan%20preocupaci%C3%B3n%20por%20licitaci%C3%B3n%20de%20nueva%20l%C3%ADnea%20de%20colectivos%20ante%20Delegado%20Presidencial&#038;url=https:\/\/radiorevelacionfm.cl\/?p=60053' aria-hidden='false' data-av_icon='\ue8f1' data-av_iconfont='entypo-fontello' title='' data-avia-related-tooltip='Compartir en Twitter' rel=\"noopener\"><span class='avia_hidden_link_text'>Compartir en Twitter<\/span><\/a><\/li><li class='av-share-link av-social-link-whatsapp' ><a target=\"_blank\" aria-label=\"Compartir en Whatsapp\" href='https:\/\/api.whatsapp.com\/send?text=https:\/\/radiorevelacionfm.cl\/?p=60053' aria-hidden='false' data-av_icon='\uf232' data-av_iconfont='entypo-fontello' title='' data-avia-related-tooltip='Compartir en Whatsapp' rel=\"noopener\"><span class='avia_hidden_link_text'>Compartir en Whatsapp<\/span><\/a><\/li><li class='av-share-link av-social-link-linkedin' ><a target=\"_blank\" aria-label=\"Compartir en LinkedIn\" href='https:\/\/linkedin.com\/shareArticle?mini=true&#038;title=Dirigentes%20manifiestan%20preocupaci%C3%B3n%20por%20licitaci%C3%B3n%20de%20nueva%20l%C3%ADnea%20de%20colectivos%20ante%20Delegado%20Presidencial&#038;url=https:\/\/radiorevelacionfm.cl\/?p=60053' aria-hidden='false' data-av_icon='\ue8fc' data-av_iconfont='entypo-fontello' title='' data-avia-related-tooltip='Compartir en LinkedIn' rel=\"noopener\"><span class='avia_hidden_link_text'>Compartir en LinkedIn<\/span><\/a><\/li><li class='av-share-link av-social-link-mail' ><a  aria-label=\"Compartir por correo\" href='mailto:?subject=Dirigentes%20manifiestan%20preocupaci%C3%B3n%20por%20licitaci%C3%B3n%20de%20nueva%20l%C3%ADnea%20de%20colectivos%20ante%20Delegado%20Presidencial&#038;body=https:\/\/radiorevelacionfm.cl\/?p=60053' aria-hidden='false' data-av_icon='\ue805' data-av_iconfont='entypo-fontello' title='' data-avia-related-tooltip='Compartir por correo'><span class='avia_hidden_link_text'>Compartir por correo<\/span><\/a><\/li><\/ul><\/div><\/div>\n<div  style='height:50px' class='hr hr-invisible   avia-builder-el-8  el_after_av_social_share  el_before_av_comments_list '><span class='hr-inner ' ><span class='hr-inner-style'><\/span><\/span><\/div>\n<div  class='av-buildercomment  av-blog-meta-html-info-disabled av-blog-meta-tag-disabled  '><\/div>\n","protected":false},"excerpt":{"rendered":"","protected":false},"author":1,"featured_media":60054,"comment_status":"closed","ping_status":"closed","sticky":false,"template":"","format":"standard","meta":{"footnotes":""},"categories":[38],"tags":[],"class_list":["post-60053","post","type-post","status-publish","format-standard","has-post-thumbnail","hentry","category-regional"],"jetpack_featured_media_url":"https:\/\/radiorevelacionfm.cl\/wp-content\/uploads\/2025\/10\/FOTO-CALISTO-Y-DIRIGENTES-REU-DELEGADO-1-1.jpg","_links":{"self":[{"href":"https:\/\/radiorevelacionfm.cl\/index.php?rest_route=\/wp\/v2\/posts\/60053","targetHints":{"allow":["GET"]}}],"collection":[{"href":"https:\/\/radiorevelacionfm.cl\/index.php?rest_route=\/wp\/v2\/posts"}],"about":[{"href":"https:\/\/radiorevelacionfm.cl\/index.php?rest_route=\/wp\/v2\/types\/post"}],"author":[{"embeddable":true,"href":"https:\/\/radiorevelacionfm.cl\/index.php?rest_route=\/wp\/v2\/users\/1"}],"replies":[{"embeddable":true,"href":"https:\/\/radiorevelacionfm.cl\/index.php?rest_route=%2Fwp%2Fv2%2Fcomments&post=60053"}],"version-history":[{"count":2,"href":"https:\/\/radiorevelacionfm.cl\/index.php?rest_route=\/wp\/v2\/posts\/60053\/revisions"}],"predecessor-version":[{"id":60068,"href":"https:\/\/radiorevelacionfm.cl\/index.php?rest_route=\/wp\/v2\/posts\/60053\/revisions\/60068"}],"wp:featuredmedia":[{"embeddable":true,"href":"https:\/\/radiorevelacionfm.cl\/index.php?rest_route=\/wp\/v2\/media\/60054"}],"wp:attachment":[{"href":"https:\/\/radiorevelacionfm.cl\/index.php?rest_route=%2Fwp%2Fv2%2Fmedia&parent=60053"}],"wp:term":[{"taxonomy":"category","embeddable":true,"href":"https:\/\/radiorevelacionfm.cl\/index.php?rest_route=%2Fwp%2Fv2%2Fcategories&post=60053"},{"taxonomy":"post_tag","embeddable":true,"href":"https:\/\/radiorevelacionfm.cl\/index.php?rest_route=%2Fwp%2Fv2%2Ftags&post=60053"}],"curies":[{"name":"wp","href":"https:\/\/api.w.org\/{rel}","templated":true}]}}