{"id":60050,"date":"2025-10-08T11:07:18","date_gmt":"2025-10-08T14:07:18","guid":{"rendered":"https:\/\/radiorevelacionfm.cl\/?p=60050"},"modified":"2025-10-08T11:07:18","modified_gmt":"2025-10-08T14:07:18","slug":"delegado-presidencial-destaca-iniciativas-en-proyecto-de-ley-de-presupuesto-2026","status":"publish","type":"post","link":"https:\/\/radiorevelacionfm.cl\/?p=60050","title":{"rendered":"Delegado Presidencial destaca iniciativas en proyecto de Ley de Presupuesto 2026"},"content":{"rendered":"<div class=\"flex_column av_one_full  flex_column_div av-zero-column-padding first  avia-builder-el-0  el_before_av_one_full  avia-builder-el-first  \" style='border-radius:0px; '><div  class='avia-image-container  av-styling-    avia-builder-el-1  avia-builder-el-no-sibling  avia-align-center '  itemprop=\"image\" itemscope=\"itemscope\" itemtype=\"https:\/\/schema.org\/ImageObject\"  ><div class='avia-image-container-inner'><div class='avia-image-overlay-wrap'><img decoding=\"async\" class='wp-image-60051 avia-img-lazy-loading-not-60051 avia_image' src=\"https:\/\/radiorevelacionfm.cl\/wp-content\/uploads\/2025\/10\/Delegado-Presidencial-Regional-Jorge-Diaz-Guzman-1-1.jpg\" alt='' title='Delegado Presidencial Regional Jorge D\u00edaz Guzm\u00e1n (1) (1)' height=\"705\" width=\"803\"  itemprop=\"thumbnailUrl\" srcset=\"https:\/\/radiorevelacionfm.cl\/wp-content\/uploads\/2025\/10\/Delegado-Presidencial-Regional-Jorge-Diaz-Guzman-1-1.jpg 803w, https:\/\/radiorevelacionfm.cl\/wp-content\/uploads\/2025\/10\/Delegado-Presidencial-Regional-Jorge-Diaz-Guzman-1-1-300x263.jpg 300w, https:\/\/radiorevelacionfm.cl\/wp-content\/uploads\/2025\/10\/Delegado-Presidencial-Regional-Jorge-Diaz-Guzman-1-1-768x674.jpg 768w, https:\/\/radiorevelacionfm.cl\/wp-content\/uploads\/2025\/10\/Delegado-Presidencial-Regional-Jorge-Diaz-Guzman-1-1-705x619.jpg 705w, https:\/\/radiorevelacionfm.cl\/wp-content\/uploads\/2025\/10\/Delegado-Presidencial-Regional-Jorge-Diaz-Guzman-1-1-450x395.jpg 450w, https:\/\/radiorevelacionfm.cl\/wp-content\/uploads\/2025\/10\/Delegado-Presidencial-Regional-Jorge-Diaz-Guzman-1-1-600x527.jpg 600w\" sizes=\"(max-width: 803px) 100vw, 803px\" \/><\/div><\/div><\/div><\/div><div class=\"flex_column av_one_full  flex_column_div av-zero-column-padding first  avia-builder-el-2  el_after_av_one_full  el_before_av_one_full  column-top-margin\" style='border-radius:0px; '><section class=\"av_textblock_section \"  itemscope=\"itemscope\" itemtype=\"https:\/\/schema.org\/BlogPosting\" itemprop=\"blogPost\" ><div class='avia_textblock  '   itemprop=\"text\" ><p style=\"text-align: center;\"><span style=\"font-size: 18pt;\"><b>Delegado Presidencial destaca iniciativas en proyecto de Ley de Presupuesto 2026<\/b><\/span><\/p>\n<div id=\"gtx-trans\" style=\"position: absolute; left: -50px; top: 4.31534px;\">\n<div class=\"gtx-trans-icon\"><\/div>\n<\/div>\n<\/div><\/section><\/div><div class=\"flex_column av_one_full  flex_column_div av-zero-column-padding first  avia-builder-el-4  el_after_av_one_full  el_before_av_hr  column-top-margin\" style='border-radius:0px; '><section class=\"av_textblock_section \"  itemscope=\"itemscope\" itemtype=\"https:\/\/schema.org\/BlogPosting\" itemprop=\"blogPost\" ><div class='avia_textblock  '   itemprop=\"text\" ><p style=\"font-weight: 400; text-align: justify;\">El Delegado Presidencial de Ays\u00e9n, Jorge D\u00edaz Guzm\u00e1n, resalt\u00f3 las principales iniciativas regionales, consideradas en el proyecto de Ley de Presupuesto 2026.<\/p>\n<p style=\"font-weight: 400; text-align: justify;\">Se trata de la normalizaci\u00f3n del \u00e1rea de movimiento del aer\u00f3dromo Balmaceda, por m\u00e1s de 12.700 millones de pesos y m\u00e1s de 22.200 millones de pesos en el mejoramiento de la Ruta 7 Sur, en el sector de Cerro Castillo\u2013Puente Alcantarilla Cascada.<\/p>\n<p style=\"font-weight: 400; text-align: justify;\">Adem\u00e1s de cumplir con el plan de Normalizaci\u00f3n Presupuestaria que ha permitido ajustar las finanzas de los servicios de salud, para mejorar la gesti\u00f3n de recursos y garantizar la calidad de la atenci\u00f3n, se incluyen m\u00e1s de 83.400 millones de pesos para la incorporaci\u00f3n al mecanismo GRD de cuatro nuevos hospitales, entre los que se encuentra el Hospital de Puerto Ays\u00e9n.<\/p>\n<p style=\"font-weight: 400; text-align: justify;\">Se consideran m\u00e1s de 5.500 millones de pesos para la normalizaci\u00f3n del hospital Dr. Leopoldo Ortega en Chile Chico, como tambi\u00e9n m\u00e1s de 21.000 millones de pesos en la construcci\u00f3n del CESFAM de Coyhaique y la construcci\u00f3n del servicio de angiograf\u00eda en el Hospital Regional de Coyhaique.<\/p>\n<p style=\"font-weight: 400; text-align: justify;\">\u201cLos cuatro presupuestos que ha presentado el gobierno del presidente Boric son para que las familias vivan mejor y m\u00e1s tranquilas, y para que los avances sean permanentes\u201d, indic\u00f3 el Delegado Regional al destacar el foco en pensiones, seguridad p\u00fablica, vivienda y salud.<\/p>\n<p style=\"font-weight: 400; text-align: justify;\">\u201cEl Cesfam Coyhaique est\u00e1 dentro del presupuesto, el angi\u00f3grafo y el sistema de atenci\u00f3n a las listas de espera; est\u00e1 asegurado el presupuesto en Obras P\u00fablicas, lo que ha permitido iniciar la pavimentaci\u00f3n desde Cerro Castillo al sur y entre Confluencia-puente Chacabuco; tambi\u00e9n est\u00e1n contemplados los puentes Palena y Rosselot y el aer\u00f3dromo Balmaceda, que se transformar\u00e1 en aeropuerto internacional\u201d, indic\u00f3.<\/p>\n<p style=\"font-weight: 400; text-align: justify;\">Asimismo se consideran obras de conservaci\u00f3n en 15 viviendas tuteladas de la comuna de Coyhaique; se invertir\u00e1n m\u00e1s de 5.800 millones de pesos para la reposici\u00f3n del servicio m\u00e9dico legal de Coyhaique; y se destinar\u00e1n recursos para el 34\u00b0 llamado de pavimentos participativos en Ays\u00e9n, por m\u00e1s de 1.400 millones de pesos.<\/p>\n<p style=\"font-weight: 400; text-align: justify;\">En descentralizaci\u00f3n, desde 2023 los Gobiernos Regionales tienen una partida presupuestaria propia, independiente del Ministerio del Interior. En 2023 se present\u00f3 el proyecto de ley \u201cRegiones M\u00e1s Fuertes\u201d, y desde 2024 los recursos regionales y municipales se han fortalecido a trav\u00e9s del Royalty a la Miner\u00eda. Este reordenamiento ha robustecido la autonom\u00eda regional y ha asegurado que los recursos impacten directamente en las comunidades.<\/p>\n<\/div><\/section><\/div><div  style='height:50px' class='hr hr-invisible   avia-builder-el-6  el_after_av_one_full  el_before_av_social_share '><span class='hr-inner ' ><span class='hr-inner-style'><\/span><\/span><\/div><\/p>\n<div  class='av-social-sharing-box  avia-builder-el-7  el_after_av_hr  el_before_av_hr  '><div class='av-share-box'><h5 class='av-share-link-description av-no-toc '>Compartir esta noticia<\/h5><ul class='av-share-box-list noLightbox'><li class='av-share-link av-social-link-facebook' ><a target=\"_blank\" aria-label=\"Compartir en Facebook\" href='https:\/\/www.facebook.com\/sharer.php?u=https:\/\/radiorevelacionfm.cl\/?p=60050&#038;t=Delegado%20Presidencial%20destaca%20iniciativas%20en%20proyecto%20de%20Ley%20de%20Presupuesto%202026' aria-hidden='false' data-av_icon='\ue8f3' data-av_iconfont='entypo-fontello' title='' data-avia-related-tooltip='Compartir en Facebook' rel=\"noopener\"><span class='avia_hidden_link_text'>Compartir en Facebook<\/span><\/a><\/li><li class='av-share-link av-social-link-twitter' ><a target=\"_blank\" aria-label=\"Compartir en Twitter\" href='https:\/\/twitter.com\/share?text=Delegado%20Presidencial%20destaca%20iniciativas%20en%20proyecto%20de%20Ley%20de%20Presupuesto%202026&#038;url=https:\/\/radiorevelacionfm.cl\/?p=60050' aria-hidden='false' data-av_icon='\ue8f1' data-av_iconfont='entypo-fontello' title='' data-avia-related-tooltip='Compartir en Twitter' rel=\"noopener\"><span class='avia_hidden_link_text'>Compartir en Twitter<\/span><\/a><\/li><li class='av-share-link av-social-link-whatsapp' ><a target=\"_blank\" aria-label=\"Compartir en Whatsapp\" href='https:\/\/api.whatsapp.com\/send?text=https:\/\/radiorevelacionfm.cl\/?p=60050' aria-hidden='false' data-av_icon='\uf232' data-av_iconfont='entypo-fontello' title='' data-avia-related-tooltip='Compartir en Whatsapp' rel=\"noopener\"><span class='avia_hidden_link_text'>Compartir en Whatsapp<\/span><\/a><\/li><li class='av-share-link av-social-link-linkedin' ><a target=\"_blank\" aria-label=\"Compartir en LinkedIn\" href='https:\/\/linkedin.com\/shareArticle?mini=true&#038;title=Delegado%20Presidencial%20destaca%20iniciativas%20en%20proyecto%20de%20Ley%20de%20Presupuesto%202026&#038;url=https:\/\/radiorevelacionfm.cl\/?p=60050' aria-hidden='false' data-av_icon='\ue8fc' data-av_iconfont='entypo-fontello' title='' data-avia-related-tooltip='Compartir en LinkedIn' rel=\"noopener\"><span class='avia_hidden_link_text'>Compartir en LinkedIn<\/span><\/a><\/li><li class='av-share-link av-social-link-mail' ><a  aria-label=\"Compartir por correo\" href='mailto:?subject=Delegado%20Presidencial%20destaca%20iniciativas%20en%20proyecto%20de%20Ley%20de%20Presupuesto%202026&#038;body=https:\/\/radiorevelacionfm.cl\/?p=60050' aria-hidden='false' data-av_icon='\ue805' data-av_iconfont='entypo-fontello' title='' data-avia-related-tooltip='Compartir por correo'><span class='avia_hidden_link_text'>Compartir por correo<\/span><\/a><\/li><\/ul><\/div><\/div>\n<div  style='height:50px' class='hr hr-invisible   avia-builder-el-8  el_after_av_social_share  el_before_av_comments_list '><span class='hr-inner ' ><span class='hr-inner-style'><\/span><\/span><\/div>\n<div  class='av-buildercomment  av-blog-meta-html-info-disabled av-blog-meta-tag-disabled  '><\/div>\n","protected":false},"excerpt":{"rendered":"","protected":false},"author":1,"featured_media":60051,"comment_status":"closed","ping_status":"closed","sticky":false,"template":"","format":"standard","meta":{"footnotes":""},"categories":[38],"tags":[],"class_list":["post-60050","post","type-post","status-publish","format-standard","has-post-thumbnail","hentry","category-regional"],"jetpack_featured_media_url":"https:\/\/radiorevelacionfm.cl\/wp-content\/uploads\/2025\/10\/Delegado-Presidencial-Regional-Jorge-Diaz-Guzman-1-1.jpg","_links":{"self":[{"href":"https:\/\/radiorevelacionfm.cl\/index.php?rest_route=\/wp\/v2\/posts\/60050","targetHints":{"allow":["GET"]}}],"collection":[{"href":"https:\/\/radiorevelacionfm.cl\/index.php?rest_route=\/wp\/v2\/posts"}],"about":[{"href":"https:\/\/radiorevelacionfm.cl\/index.php?rest_route=\/wp\/v2\/types\/post"}],"author":[{"embeddable":true,"href":"https:\/\/radiorevelacionfm.cl\/index.php?rest_route=\/wp\/v2\/users\/1"}],"replies":[{"embeddable":true,"href":"https:\/\/radiorevelacionfm.cl\/index.php?rest_route=%2Fwp%2Fv2%2Fcomments&post=60050"}],"version-history":[{"count":2,"href":"https:\/\/radiorevelacionfm.cl\/index.php?rest_route=\/wp\/v2\/posts\/60050\/revisions"}],"predecessor-version":[{"id":60082,"href":"https:\/\/radiorevelacionfm.cl\/index.php?rest_route=\/wp\/v2\/posts\/60050\/revisions\/60082"}],"wp:featuredmedia":[{"embeddable":true,"href":"https:\/\/radiorevelacionfm.cl\/index.php?rest_route=\/wp\/v2\/media\/60051"}],"wp:attachment":[{"href":"https:\/\/radiorevelacionfm.cl\/index.php?rest_route=%2Fwp%2Fv2%2Fmedia&parent=60050"}],"wp:term":[{"taxonomy":"category","embeddable":true,"href":"https:\/\/radiorevelacionfm.cl\/index.php?rest_route=%2Fwp%2Fv2%2Fcategories&post=60050"},{"taxonomy":"post_tag","embeddable":true,"href":"https:\/\/radiorevelacionfm.cl\/index.php?rest_route=%2Fwp%2Fv2%2Ftags&post=60050"}],"curies":[{"name":"wp","href":"https:\/\/api.w.org\/{rel}","templated":true}]}}