{"id":6005,"date":"2021-07-06T19:25:24","date_gmt":"2021-07-06T22:25:24","guid":{"rendered":"https:\/\/radiorevelacionfm.cl\/?p=6005"},"modified":"2021-07-06T19:25:24","modified_gmt":"2021-07-06T22:25:24","slug":"aumento-de-camas-criticas-la-transformacion-del-hospital-regional-coyhaique-para-contener-la-pandemia","status":"publish","type":"post","link":"https:\/\/radiorevelacionfm.cl\/?p=6005","title":{"rendered":"Aumento de camas cr\u00edticas: La transformaci\u00f3n del Hospital Regional Coyhaique para contener la pandemia"},"content":{"rendered":"<div class=\"flex_column av_one_full  flex_column_div av-zero-column-padding first  avia-builder-el-0  el_before_av_one_full  avia-builder-el-first  \" style='border-radius:0px; '><div  class='avia-image-container  av-styling-    avia-builder-el-1  avia-builder-el-no-sibling  avia-align-center '  itemprop=\"image\" itemscope=\"itemscope\" itemtype=\"https:\/\/schema.org\/ImageObject\"  ><div class='avia-image-container-inner'><div class='avia-image-overlay-wrap'><img decoding=\"async\" class='wp-image-6006 avia-img-lazy-loading-not-6006 avia_image' src=\"https:\/\/radiorevelacionfm.cl\/wp-content\/uploads\/2021\/07\/UTI01-1-1.jpg\" alt='' title='UTI01 (1) (1)' height=\"600\" width=\"1003\"  itemprop=\"thumbnailUrl\" srcset=\"https:\/\/radiorevelacionfm.cl\/wp-content\/uploads\/2021\/07\/UTI01-1-1.jpg 1003w, https:\/\/radiorevelacionfm.cl\/wp-content\/uploads\/2021\/07\/UTI01-1-1-300x179.jpg 300w, https:\/\/radiorevelacionfm.cl\/wp-content\/uploads\/2021\/07\/UTI01-1-1-768x459.jpg 768w, https:\/\/radiorevelacionfm.cl\/wp-content\/uploads\/2021\/07\/UTI01-1-1-705x422.jpg 705w, https:\/\/radiorevelacionfm.cl\/wp-content\/uploads\/2021\/07\/UTI01-1-1-600x359.jpg 600w\" sizes=\"(max-width: 1003px) 100vw, 1003px\" \/><\/div><\/div><\/div><\/div><div class=\"flex_column av_one_full  flex_column_div av-zero-column-padding first  avia-builder-el-2  el_after_av_one_full  el_before_av_one_full  column-top-margin\" style='border-radius:0px; '><section class=\"av_textblock_section \"  itemscope=\"itemscope\" itemtype=\"https:\/\/schema.org\/BlogPosting\" itemprop=\"blogPost\" ><div class='avia_textblock  '   itemprop=\"text\" ><p style=\"text-align: center;\"><span style=\"font-size: 18pt;\"><strong>Aumento de camas cr\u00edticas: La transformaci\u00f3n del Hospital Regional Coyhaique para contener la pandemia<\/strong><\/span><\/p>\n<div id=\"gtx-trans\" style=\"position: absolute; left: -50px; top: 4.31534px;\">\n<div class=\"gtx-trans-icon\"><\/div>\n<\/div>\n<\/div><\/section><\/div><div class=\"flex_column av_one_full  flex_column_div av-zero-column-padding first  avia-builder-el-4  el_after_av_one_full  el_before_av_hr  column-top-margin\" style='border-radius:0px; '><section class=\"av_textblock_section \"  itemscope=\"itemscope\" itemtype=\"https:\/\/schema.org\/BlogPosting\" itemprop=\"blogPost\" ><div class='avia_textblock  '   itemprop=\"text\" ><p style=\"text-align: justify;\">Sin duda, la llegada de la pandemia transform\u00f3 por completo la forma de entregar salud en los hospitales de todo el mundo, y nuestra regi\u00f3n no estuvo exenta de este fen\u00f3meno, siendo el Hospital Regional Coyhaique el establecimiento de salud que m\u00e1s transformaciones ha sufrido durante este periodo, sobre todo considerando que es el \u00fanico en la regi\u00f3n que cuenta con Unidad de Paciente Cr\u00edtico (UPC) para contener a los pacientes m\u00e1s graves.<\/p>\n<p style=\"text-align: justify;\">Bajo este contexto, desde el a\u00f1o 2020 el Hospital Regional Coyhaique elabor\u00f3 un \u201cPlan de reconversi\u00f3n de camas\u201d, estrategia clave ante un eventual aumento de pacientes hospitalizados, el que lamentablemente tuvo que llevarse a cabo durante esta cuarentena, per\u00edodo que ha sido por lejos el m\u00e1s dif\u00edcil de sobrellevar en materia hospitalaria, donde se alcanz\u00f3 un peak de 49 hospitalizaciones y esperas en la sala de Urgencia que superaron las 10 horas, todo un r\u00e9cord para el \u00fanico centro hospitalario de alta complejidad de la regi\u00f3n de Ays\u00e9n.<\/p>\n<p style=\"text-align: justify;\">\u201cEn estas \u00faltimas 5 semanas hemos tenido que llevar a cabo un plan que involucra la decisi\u00f3n muy dolorosa y muy costosa de suspender gran parte de las cirug\u00edas programadas, muchas de ellas complejas. Esta cuarentena que ha sido larga y de alta demanda para nuestro Hospital, incluso tuvimos que ampliar la posibilidad de hacer ventilaci\u00f3n mec\u00e1nica en el Servicio de Urgencia de nuestro establecimiento\u201d, declara el director del Hospital Regional Coyhaique, Jaime L\u00f3pez.<\/p>\n<p style=\"text-align: justify;\">El director del HRC reconoce que si bien hubo un colapso en las distintas unidades del establecimiento, el plan de reconversi\u00f3n de camas fue clave, ya que permiti\u00f3 pasar de las 8 camas UCI a 17, las que se instalaron en distintos puntos del Hospital Regional, transformando y reacomodando diversos espacios del edificio de 20 mil metros cuadrados construidos.<\/p>\n<p style=\"text-align: justify;\">\u201cEsta pandemia lleg\u00f3 para quedarse, y no sabemos cu\u00e1nto tiempo va a afectar lo que nosotros llam\u00e1bamos normalidad\u201d, sostiene L\u00f3pez, recalcando que estos cambios han ido de la mano con la contrataci\u00f3n de personal y mayor capacitaci\u00f3n a los funcionarios. En efecto, durante el a\u00f1o 2020 se contrat\u00f3 a un total de 165 personas, incluyendo auxiliares, TENS, enfermeras, m\u00e9dicos y kinesi\u00f3logos, entre otros.<\/p>\n<p style=\"text-align: justify;\"><strong>TRANSFORMACIONES<\/strong><\/p>\n<p style=\"text-align: justify;\">La primera medida adoptada en el HRC fue convertir el Servicio de Medicina como el lugar de ingreso de los casos sospechosos, probables y confirmados de COVID-19 \u00a0y requerimiento de cama b\u00e1sica o aguda, m\u00e1s la dotaci\u00f3n de personal capacitado para recibir a este tipo de pacientes.<\/p>\n<p style=\"text-align: justify;\">Una de las dependencias que la pandemia hizo desaparecer (al menos por ahora) es el Servicio de Pensionado, que se convirti\u00f3 en la \u201cUnidad de Transici\u00f3n\u201d, sector donde se encuentran los pacientes que a\u00fan no tienen resultado de su PCR, test que se toma antes de ingresar a todos quienes ser\u00e1n hospitalizados. Una vez conocido su resultado, son derivados al servicio cl\u00ednico que corresponda.<\/p>\n<p style=\"text-align: justify;\">Otra de las estrategias para dar respuesta a la demanda, fue la complejizaci\u00f3n de la Unidad de Tratamientos Intermedios (UTI), que b\u00e1sicamente se convirti\u00f3 en una extensi\u00f3n de la Unidad de Cuidados Intensivos (UCI), disponi\u00e9ndose de \u00a06 camas cr\u00edticas.<\/p>\n<p style=\"text-align: justify;\">En una tercera fase, se cre\u00f3 una Unidad de Cuidados Intensivos especial para pacientes No COVID que necesiten ventilaci\u00f3n mec\u00e1nica, ubicada en la sala de recuperaci\u00f3n de pabell\u00f3n. Este espacio es habilitado s\u00f3lo cuando la demanda as\u00ed lo amerita.<\/p>\n<p style=\"text-align: justify;\">\u201cEs un trabajo de modificaci\u00f3n del mismo Hospital, con las mismas camas, que es lo que la gente ha visto que se hace en el resto de los hospitales del pa\u00eds, lo que ha significado un gran esfuerzo. Se ha tenido que contratar a mucho personal, enfermeras, TENS, incluso turnos de m\u00e9dicos extras para poder transformar casi la mitad del hospital en una unidad cr\u00edtica\u201d, destaca el Dr. Mauricio Tapia, jefe de la Unidad de Paciente Cr\u00edtico del HRC.<\/p>\n<p style=\"text-align: justify;\">El especialista agrega que no s\u00f3lo las unidades cr\u00edticas del HRC han sido transformadas para dar abasto al alto n\u00famero de pacientes que necesitan hospitalizaci\u00f3n, sino tambi\u00e9n el Servicio de Medicina \u201cen el que tenemos la capacidad para recibir 40 pacientes COVID, todos en aislamiento, y la mitad de ellos son manejados con criterios de Unidad de Intermedio COVID (UTI), lo que significa mucho personal, instrumentaci\u00f3n, monitores y m\u00e1quinas de oxigenoterapia, entre otros\u201d.<\/p>\n<p style=\"text-align: justify;\">Sin embargo, y pese a todo este esfuerzo, el Dr. Mauricio Tapia se\u00f1al\u00f3 que durante gran parte de esta cuarentena, \u201cestuvimos con periodos en que nos vimos sobrepasados, no ten\u00edamos d\u00f3nde m\u00e1s poner enfermos COVID, y por eso que la gente supo que muchos pacientes hubo que trasladarlos fuera de la regi\u00f3n para que pudieran seguir su tratamiento en ventiladores mec\u00e1nicos. Por el contrario, en otros periodos de esta pandemia hemos \u00a0sido nosotros los que recibimos enfermos del resto del pa\u00eds, que tambi\u00e9n se vieron sobrepasados\u201d.<\/p>\n<p style=\"text-align: justify;\">En efecto, desde el primer d\u00eda del mes de julio el HRC decidi\u00f3 cerrar completamente el pasillo central del establecimiento, en el sector de Medicina y Maternidad, el cual pas\u00f3 a denominarse \u201c\u00c1rea de Hospitalizaci\u00f3n COVID\u201d, esto con el fin de proteger y entregar mayor seguridad tanto a los funcionarios como a los usuarios del establecimiento, pensando tambi\u00e9n en que de momento, este virus seguir\u00e1 estando presente.<\/p>\n<p style=\"text-align: justify;\"><strong>COVID a largo plazo<\/strong><\/p>\n<p style=\"text-align: justify;\">\u201cVamos a tener que acostumbrarnos a manejar un hospital distinto, con un nivel de complejidad mucho mayor que el que ten\u00edamos cuando empez\u00f3 la pandemia. Hoy el Hospital Regional es capaz de resolver con mucha mejor prontitud y capacidad los problemas de atenci\u00f3n de medicina intensiva, sobre todo en el adulto y adulto mayor\u201d, se\u00f1ala tajantemente Jaime L\u00f3pez Quintana, a ra\u00edz de estos procesos en el establecimiento.<\/p>\n<p style=\"text-align: justify;\">En este contexto, el directivo reconoci\u00f3 el important\u00edsimo rol que han tenido los funcionarios del HRC en el transcurso de la pandemia, \u201cTodo este esfuerzo es absolutamente imposible sin tener el recurso humano competente y calificado para sostener la atenci\u00f3n de este tipo de pacientes. Durante el a\u00f1o 2020, capacitamos a un buen n\u00famero de profesionales que se desempe\u00f1an en \u00e1reas de mediana o baja complejidad para poder ir prepar\u00e1ndose para el escenario de que tuvi\u00e9ramos que ampliar nuestra dotaci\u00f3n de camas cr\u00edticas, as\u00ed se hizo\u201d expres\u00f3.<\/p>\n<\/div><\/section><\/div><div  style='height:50px' class='hr hr-invisible   avia-builder-el-6  el_after_av_one_full  el_before_av_social_share '><span class='hr-inner ' ><span class='hr-inner-style'><\/span><\/span><\/div><\/p>\n<div  class='av-social-sharing-box  avia-builder-el-7  el_after_av_hr  el_before_av_hr  '><div class='av-share-box'><h5 class='av-share-link-description av-no-toc '>Compartir esta noticia<\/h5><ul class='av-share-box-list noLightbox'><li class='av-share-link av-social-link-facebook' ><a target=\"_blank\" aria-label=\"Compartir en Facebook\" href='https:\/\/www.facebook.com\/sharer.php?u=https:\/\/radiorevelacionfm.cl\/?p=6005&#038;t=Aumento%20de%20camas%20cr%C3%ADticas%3A%20La%20transformaci%C3%B3n%20del%20Hospital%20Regional%20Coyhaique%20para%20contener%20la%20pandemia' aria-hidden='false' data-av_icon='\ue8f3' data-av_iconfont='entypo-fontello' title='' data-avia-related-tooltip='Compartir en Facebook' rel=\"noopener\"><span class='avia_hidden_link_text'>Compartir en Facebook<\/span><\/a><\/li><li class='av-share-link av-social-link-twitter' ><a target=\"_blank\" aria-label=\"Compartir en Twitter\" href='https:\/\/twitter.com\/share?text=Aumento%20de%20camas%20cr%C3%ADticas%3A%20La%20transformaci%C3%B3n%20del%20Hospital%20Regional%20Coyhaique%20para%20contener%20la%20pandemia&#038;url=https:\/\/radiorevelacionfm.cl\/?p=6005' aria-hidden='false' data-av_icon='\ue8f1' data-av_iconfont='entypo-fontello' title='' data-avia-related-tooltip='Compartir en Twitter' rel=\"noopener\"><span class='avia_hidden_link_text'>Compartir en Twitter<\/span><\/a><\/li><li class='av-share-link av-social-link-whatsapp' ><a target=\"_blank\" aria-label=\"Compartir en Whatsapp\" href='https:\/\/api.whatsapp.com\/send?text=https:\/\/radiorevelacionfm.cl\/?p=6005' aria-hidden='false' data-av_icon='\uf232' data-av_iconfont='entypo-fontello' title='' data-avia-related-tooltip='Compartir en Whatsapp' rel=\"noopener\"><span class='avia_hidden_link_text'>Compartir en Whatsapp<\/span><\/a><\/li><li class='av-share-link av-social-link-linkedin' ><a target=\"_blank\" aria-label=\"Compartir en LinkedIn\" href='https:\/\/linkedin.com\/shareArticle?mini=true&#038;title=Aumento%20de%20camas%20cr%C3%ADticas%3A%20La%20transformaci%C3%B3n%20del%20Hospital%20Regional%20Coyhaique%20para%20contener%20la%20pandemia&#038;url=https:\/\/radiorevelacionfm.cl\/?p=6005' aria-hidden='false' data-av_icon='\ue8fc' data-av_iconfont='entypo-fontello' title='' data-avia-related-tooltip='Compartir en LinkedIn' rel=\"noopener\"><span class='avia_hidden_link_text'>Compartir en LinkedIn<\/span><\/a><\/li><li class='av-share-link av-social-link-mail' ><a  aria-label=\"Compartir por correo\" href='mailto:?subject=Aumento%20de%20camas%20cr%C3%ADticas%3A%20La%20transformaci%C3%B3n%20del%20Hospital%20Regional%20Coyhaique%20para%20contener%20la%20pandemia&#038;body=https:\/\/radiorevelacionfm.cl\/?p=6005' aria-hidden='false' data-av_icon='\ue805' data-av_iconfont='entypo-fontello' title='' data-avia-related-tooltip='Compartir por correo'><span class='avia_hidden_link_text'>Compartir por correo<\/span><\/a><\/li><\/ul><\/div><\/div>\n<div  style='height:50px' class='hr hr-invisible   avia-builder-el-8  el_after_av_social_share  el_before_av_comments_list '><span class='hr-inner ' ><span class='hr-inner-style'><\/span><\/span><\/div>\n<div  class='av-buildercomment  av-blog-meta-html-info-disabled av-blog-meta-tag-disabled  '><\/div>\n","protected":false},"excerpt":{"rendered":"","protected":false},"author":1,"featured_media":6006,"comment_status":"open","ping_status":"open","sticky":false,"template":"","format":"standard","meta":{"footnotes":""},"categories":[46],"tags":[],"class_list":["post-6005","post","type-post","status-publish","format-standard","has-post-thumbnail","hentry","category-salud"],"jetpack_featured_media_url":"https:\/\/radiorevelacionfm.cl\/wp-content\/uploads\/2021\/07\/UTI01-1-1.jpg","_links":{"self":[{"href":"https:\/\/radiorevelacionfm.cl\/index.php?rest_route=\/wp\/v2\/posts\/6005","targetHints":{"allow":["GET"]}}],"collection":[{"href":"https:\/\/radiorevelacionfm.cl\/index.php?rest_route=\/wp\/v2\/posts"}],"about":[{"href":"https:\/\/radiorevelacionfm.cl\/index.php?rest_route=\/wp\/v2\/types\/post"}],"author":[{"embeddable":true,"href":"https:\/\/radiorevelacionfm.cl\/index.php?rest_route=\/wp\/v2\/users\/1"}],"replies":[{"embeddable":true,"href":"https:\/\/radiorevelacionfm.cl\/index.php?rest_route=%2Fwp%2Fv2%2Fcomments&post=6005"}],"version-history":[{"count":1,"href":"https:\/\/radiorevelacionfm.cl\/index.php?rest_route=\/wp\/v2\/posts\/6005\/revisions"}],"predecessor-version":[{"id":6007,"href":"https:\/\/radiorevelacionfm.cl\/index.php?rest_route=\/wp\/v2\/posts\/6005\/revisions\/6007"}],"wp:featuredmedia":[{"embeddable":true,"href":"https:\/\/radiorevelacionfm.cl\/index.php?rest_route=\/wp\/v2\/media\/6006"}],"wp:attachment":[{"href":"https:\/\/radiorevelacionfm.cl\/index.php?rest_route=%2Fwp%2Fv2%2Fmedia&parent=6005"}],"wp:term":[{"taxonomy":"category","embeddable":true,"href":"https:\/\/radiorevelacionfm.cl\/index.php?rest_route=%2Fwp%2Fv2%2Fcategories&post=6005"},{"taxonomy":"post_tag","embeddable":true,"href":"https:\/\/radiorevelacionfm.cl\/index.php?rest_route=%2Fwp%2Fv2%2Ftags&post=6005"}],"curies":[{"name":"wp","href":"https:\/\/api.w.org\/{rel}","templated":true}]}}