{"id":60043,"date":"2025-10-07T16:00:09","date_gmt":"2025-10-07T19:00:09","guid":{"rendered":"https:\/\/radiorevelacionfm.cl\/?p=60043"},"modified":"2025-10-07T16:00:09","modified_gmt":"2025-10-07T19:00:09","slug":"confirman-visita-del-subsecretario-de-agricultura-a-la-region-durante-las-proximas-horas","status":"publish","type":"post","link":"https:\/\/radiorevelacionfm.cl\/?p=60043","title":{"rendered":"Confirman visita del Subsecretario de Agricultura a la regi\u00f3n durante las pr\u00f3ximas horas"},"content":{"rendered":"<div class=\"flex_column av_one_full  flex_column_div av-zero-column-padding first  avia-builder-el-0  el_before_av_one_full  avia-builder-el-first  \" style='border-radius:0px; '><div  class='avia-image-container  av-styling-    avia-builder-el-1  avia-builder-el-no-sibling  avia-align-center '  itemprop=\"image\" itemscope=\"itemscope\" itemtype=\"https:\/\/schema.org\/ImageObject\"  ><div class='avia-image-container-inner'><div class='avia-image-overlay-wrap'><img decoding=\"async\" class='wp-image-60044 avia-img-lazy-loading-not-60044 avia_image' src=\"https:\/\/radiorevelacionfm.cl\/wp-content\/uploads\/2025\/10\/6839d70f36c8b_1200x719-1-1.jpg\" alt='' title='6839d70f36c8b_1200x719 (1) (1)' height=\"600\" width=\"1001\"  itemprop=\"thumbnailUrl\" srcset=\"https:\/\/radiorevelacionfm.cl\/wp-content\/uploads\/2025\/10\/6839d70f36c8b_1200x719-1-1.jpg 1001w, https:\/\/radiorevelacionfm.cl\/wp-content\/uploads\/2025\/10\/6839d70f36c8b_1200x719-1-1-300x180.jpg 300w, https:\/\/radiorevelacionfm.cl\/wp-content\/uploads\/2025\/10\/6839d70f36c8b_1200x719-1-1-768x460.jpg 768w, https:\/\/radiorevelacionfm.cl\/wp-content\/uploads\/2025\/10\/6839d70f36c8b_1200x719-1-1-705x423.jpg 705w, https:\/\/radiorevelacionfm.cl\/wp-content\/uploads\/2025\/10\/6839d70f36c8b_1200x719-1-1-450x270.jpg 450w, https:\/\/radiorevelacionfm.cl\/wp-content\/uploads\/2025\/10\/6839d70f36c8b_1200x719-1-1-600x360.jpg 600w\" sizes=\"(max-width: 1001px) 100vw, 1001px\" \/><\/div><\/div><\/div><\/div><div class=\"flex_column av_one_full  flex_column_div av-zero-column-padding first  avia-builder-el-2  el_after_av_one_full  el_before_av_one_full  column-top-margin\" style='border-radius:0px; '><section class=\"av_textblock_section \"  itemscope=\"itemscope\" itemtype=\"https:\/\/schema.org\/BlogPosting\" itemprop=\"blogPost\" ><div class='avia_textblock  '   itemprop=\"text\" ><p style=\"text-align: center;\"><strong><span style=\"font-size: 18pt;\">Confirman visita del Subsecretario de Agricultura a la regi\u00f3n durante las pr\u00f3ximas horas<\/span><\/strong><\/p>\n<div id=\"gtx-trans\" style=\"position: absolute; left: -50px; top: 4.31534px;\">\n<div class=\"gtx-trans-icon\"><\/div>\n<\/div>\n<\/div><\/section><\/div><div class=\"flex_column av_one_full  flex_column_div av-zero-column-padding first  avia-builder-el-4  el_after_av_one_full  el_before_av_hr  column-top-margin\" style='border-radius:0px; '><section class=\"av_textblock_section \"  itemscope=\"itemscope\" itemtype=\"https:\/\/schema.org\/BlogPosting\" itemprop=\"blogPost\" ><div class='avia_textblock  '   itemprop=\"text\" ><p style=\"text-align: justify;\"><em>La diputada Raphael agradeci\u00f3 que la autoridad de nivel central visite la regi\u00f3n y enfatiz\u00f3 en que lo importante es que los apoyos a las familias campesinas sean entregados ahora y no en los pr\u00f3ximos meses tras el reciente frente de mal tiempo.<\/em><\/p>\n<p style=\"text-align: justify;\">Con el objetivo de recorrer las zonas afectadas por el frente de mal tiempo reciente y a fin de entregar soluciones a las familias afectadas en la provincia de Capit\u00e1n Prat y distintas zonas de la regi\u00f3n, la diputada, Marcia Raphael, confirm\u00f3 la visita durante las pr\u00f3ximas horas del Subsecretario de Agricultura, Al\u00e1n Espinoza con quien se desplegar\u00e1 en terreno en Cochrane junto a autoridades locales a fin de otorgar los apoyos focalizados.<\/p>\n<p style=\"text-align: justify;\">Confirmando la visita de la autoridad del agro, la diputada de Renovaci\u00f3n Nacional, Marcia Raphael, coment\u00f3 que \u00abtras gestiones que hemos realizado y tomado contacto desde el inicio del frente de mal tiempo que ha afectado a las provincias de Capit\u00e1n Prat, \u00a0General Carrera y de Coyhaique, agradezco que el Subsecretario de Agricultura, Alan Espinoza ponga en prioridad de su agenda venir a la regi\u00f3n desde esta jornada a fin de poder atender en terreno a las familias afectadas y coordinar con las autoridades locales los requerimientos que han estado pendientes\u00bb.<\/p>\n<p style=\"text-align: justify;\">\u00abNos urge que el Subsecretario venga con soluciones que puedan entregarse en lo pronto a las familias que se han visto afectadas por p\u00e9rdidas de sus animales, productos que trabajan durante meses tambi\u00e9n en sus campos e incluso requerimientos de habitabilidad e infraestructura, no nos servir\u00eda que estos apoyos se entreguen a fin de a\u00f1o, deben ser ahora\u00bb, agreg\u00f3 Raphael.<\/p>\n<p style=\"text-align: justify;\">Por \u00faltimo, la representante de Ays\u00e9n en la C\u00e1mara Baja a\u00f1adi\u00f3 que estar\u00e1 tambi\u00e9n en terreno en la zona de Cochrane donde se concentrar\u00e1 el trabajo de la autoridad enviada por el gobierno. \u00abPor nuestra parte nos estaremos tambi\u00e9n desplegando en terreno en la zona de Capit\u00e1n Prat durante las pr\u00f3ximas horas, dado que a\u00fan hay varias urgencias que atender y que estaremos planteando le al Subsecretario,\u00a0Alan Espinoza\u00bb.<\/p>\n<\/div><\/section><\/div><div  style='height:50px' class='hr hr-invisible   avia-builder-el-6  el_after_av_one_full  el_before_av_social_share '><span class='hr-inner ' ><span class='hr-inner-style'><\/span><\/span><\/div><\/p>\n<div  class='av-social-sharing-box  avia-builder-el-7  el_after_av_hr  el_before_av_hr  '><div class='av-share-box'><h5 class='av-share-link-description av-no-toc '>Compartir esta noticia<\/h5><ul class='av-share-box-list noLightbox'><li class='av-share-link av-social-link-facebook' ><a target=\"_blank\" aria-label=\"Compartir en Facebook\" href='https:\/\/www.facebook.com\/sharer.php?u=https:\/\/radiorevelacionfm.cl\/?p=60043&#038;t=Confirman%20visita%20del%20Subsecretario%20de%20Agricultura%20a%20la%20regi%C3%B3n%20durante%20las%20pr%C3%B3ximas%20horas' aria-hidden='false' data-av_icon='\ue8f3' data-av_iconfont='entypo-fontello' title='' data-avia-related-tooltip='Compartir en Facebook' rel=\"noopener\"><span class='avia_hidden_link_text'>Compartir en Facebook<\/span><\/a><\/li><li class='av-share-link av-social-link-twitter' ><a target=\"_blank\" aria-label=\"Compartir en Twitter\" href='https:\/\/twitter.com\/share?text=Confirman%20visita%20del%20Subsecretario%20de%20Agricultura%20a%20la%20regi%C3%B3n%20durante%20las%20pr%C3%B3ximas%20horas&#038;url=https:\/\/radiorevelacionfm.cl\/?p=60043' aria-hidden='false' data-av_icon='\ue8f1' data-av_iconfont='entypo-fontello' title='' data-avia-related-tooltip='Compartir en Twitter' rel=\"noopener\"><span class='avia_hidden_link_text'>Compartir en Twitter<\/span><\/a><\/li><li class='av-share-link av-social-link-whatsapp' ><a target=\"_blank\" aria-label=\"Compartir en Whatsapp\" href='https:\/\/api.whatsapp.com\/send?text=https:\/\/radiorevelacionfm.cl\/?p=60043' aria-hidden='false' data-av_icon='\uf232' data-av_iconfont='entypo-fontello' title='' data-avia-related-tooltip='Compartir en Whatsapp' rel=\"noopener\"><span class='avia_hidden_link_text'>Compartir en Whatsapp<\/span><\/a><\/li><li class='av-share-link av-social-link-linkedin' ><a target=\"_blank\" aria-label=\"Compartir en LinkedIn\" href='https:\/\/linkedin.com\/shareArticle?mini=true&#038;title=Confirman%20visita%20del%20Subsecretario%20de%20Agricultura%20a%20la%20regi%C3%B3n%20durante%20las%20pr%C3%B3ximas%20horas&#038;url=https:\/\/radiorevelacionfm.cl\/?p=60043' aria-hidden='false' data-av_icon='\ue8fc' data-av_iconfont='entypo-fontello' title='' data-avia-related-tooltip='Compartir en LinkedIn' rel=\"noopener\"><span class='avia_hidden_link_text'>Compartir en LinkedIn<\/span><\/a><\/li><li class='av-share-link av-social-link-mail' ><a  aria-label=\"Compartir por correo\" href='mailto:?subject=Confirman%20visita%20del%20Subsecretario%20de%20Agricultura%20a%20la%20regi%C3%B3n%20durante%20las%20pr%C3%B3ximas%20horas&#038;body=https:\/\/radiorevelacionfm.cl\/?p=60043' aria-hidden='false' data-av_icon='\ue805' data-av_iconfont='entypo-fontello' title='' data-avia-related-tooltip='Compartir por correo'><span class='avia_hidden_link_text'>Compartir por correo<\/span><\/a><\/li><\/ul><\/div><\/div>\n<div  style='height:50px' class='hr hr-invisible   avia-builder-el-8  el_after_av_social_share  el_before_av_comments_list '><span class='hr-inner ' ><span class='hr-inner-style'><\/span><\/span><\/div>\n<div  class='av-buildercomment  av-blog-meta-html-info-disabled av-blog-meta-tag-disabled  '><\/div>\n","protected":false},"excerpt":{"rendered":"","protected":false},"author":1,"featured_media":60044,"comment_status":"closed","ping_status":"closed","sticky":false,"template":"","format":"standard","meta":{"footnotes":""},"categories":[38],"tags":[],"class_list":["post-60043","post","type-post","status-publish","format-standard","has-post-thumbnail","hentry","category-regional"],"jetpack_featured_media_url":"https:\/\/radiorevelacionfm.cl\/wp-content\/uploads\/2025\/10\/6839d70f36c8b_1200x719-1-1.jpg","_links":{"self":[{"href":"https:\/\/radiorevelacionfm.cl\/index.php?rest_route=\/wp\/v2\/posts\/60043","targetHints":{"allow":["GET"]}}],"collection":[{"href":"https:\/\/radiorevelacionfm.cl\/index.php?rest_route=\/wp\/v2\/posts"}],"about":[{"href":"https:\/\/radiorevelacionfm.cl\/index.php?rest_route=\/wp\/v2\/types\/post"}],"author":[{"embeddable":true,"href":"https:\/\/radiorevelacionfm.cl\/index.php?rest_route=\/wp\/v2\/users\/1"}],"replies":[{"embeddable":true,"href":"https:\/\/radiorevelacionfm.cl\/index.php?rest_route=%2Fwp%2Fv2%2Fcomments&post=60043"}],"version-history":[{"count":2,"href":"https:\/\/radiorevelacionfm.cl\/index.php?rest_route=\/wp\/v2\/posts\/60043\/revisions"}],"predecessor-version":[{"id":60046,"href":"https:\/\/radiorevelacionfm.cl\/index.php?rest_route=\/wp\/v2\/posts\/60043\/revisions\/60046"}],"wp:featuredmedia":[{"embeddable":true,"href":"https:\/\/radiorevelacionfm.cl\/index.php?rest_route=\/wp\/v2\/media\/60044"}],"wp:attachment":[{"href":"https:\/\/radiorevelacionfm.cl\/index.php?rest_route=%2Fwp%2Fv2%2Fmedia&parent=60043"}],"wp:term":[{"taxonomy":"category","embeddable":true,"href":"https:\/\/radiorevelacionfm.cl\/index.php?rest_route=%2Fwp%2Fv2%2Fcategories&post=60043"},{"taxonomy":"post_tag","embeddable":true,"href":"https:\/\/radiorevelacionfm.cl\/index.php?rest_route=%2Fwp%2Fv2%2Ftags&post=60043"}],"curies":[{"name":"wp","href":"https:\/\/api.w.org\/{rel}","templated":true}]}}