{"id":60038,"date":"2025-10-07T15:38:50","date_gmt":"2025-10-07T18:38:50","guid":{"rendered":"https:\/\/radiorevelacionfm.cl\/?p=60038"},"modified":"2025-10-07T15:38:50","modified_gmt":"2025-10-07T18:38:50","slug":"alcalde-de-cochrane-planteo-la-necesidad-de-fortalecer-la-capacidad-de-respuesta-regional-y-contar-con-un-helicoptero-permanente-en-la-region-de-aysen","status":"publish","type":"post","link":"https:\/\/radiorevelacionfm.cl\/?p=60038","title":{"rendered":"Alcalde de Cochrane plante\u00f3 la necesidad de fortalecer la capacidad de respuesta regional, y contar con un helic\u00f3ptero permanente en la Regi\u00f3n de Ays\u00e9n"},"content":{"rendered":"<div class=\"flex_column av_one_full  flex_column_div av-zero-column-padding first  avia-builder-el-0  el_before_av_one_full  avia-builder-el-first  \" style='border-radius:0px; '><div  class='avia-image-container  av-styling-    avia-builder-el-1  avia-builder-el-no-sibling  avia-align-center '  itemprop=\"image\" itemscope=\"itemscope\" itemtype=\"https:\/\/schema.org\/ImageObject\"  ><div class='avia-image-container-inner'><div class='avia-image-overlay-wrap'><img decoding=\"async\" class='wp-image-60040 avia-img-lazy-loading-not-60040 avia_image' src=\"https:\/\/radiorevelacionfm.cl\/wp-content\/uploads\/2025\/10\/REPORTE-9-COCHRANE-5-2-1.jpg\" alt='' title='REPORTE 9 COCHRANE (5) (2) (1)' height=\"600\" width=\"863\"  itemprop=\"thumbnailUrl\" srcset=\"https:\/\/radiorevelacionfm.cl\/wp-content\/uploads\/2025\/10\/REPORTE-9-COCHRANE-5-2-1.jpg 863w, https:\/\/radiorevelacionfm.cl\/wp-content\/uploads\/2025\/10\/REPORTE-9-COCHRANE-5-2-1-300x209.jpg 300w, https:\/\/radiorevelacionfm.cl\/wp-content\/uploads\/2025\/10\/REPORTE-9-COCHRANE-5-2-1-768x534.jpg 768w, https:\/\/radiorevelacionfm.cl\/wp-content\/uploads\/2025\/10\/REPORTE-9-COCHRANE-5-2-1-705x490.jpg 705w, https:\/\/radiorevelacionfm.cl\/wp-content\/uploads\/2025\/10\/REPORTE-9-COCHRANE-5-2-1-450x313.jpg 450w, https:\/\/radiorevelacionfm.cl\/wp-content\/uploads\/2025\/10\/REPORTE-9-COCHRANE-5-2-1-600x417.jpg 600w\" sizes=\"(max-width: 863px) 100vw, 863px\" \/><\/div><\/div><\/div><\/div><div class=\"flex_column av_one_full  flex_column_div av-zero-column-padding first  avia-builder-el-2  el_after_av_one_full  el_before_av_one_full  column-top-margin\" style='border-radius:0px; '><section class=\"av_textblock_section \"  itemscope=\"itemscope\" itemtype=\"https:\/\/schema.org\/BlogPosting\" itemprop=\"blogPost\" ><div class='avia_textblock  '   itemprop=\"text\" ><p style=\"text-align: center;\"><strong><span style=\"font-size: 18pt;\">Alcalde de Cochrane plante\u00f3 la necesidad de fortalecer la capacidad de respuesta regional, y contar con un helic\u00f3ptero permanente en la Regi\u00f3n de Ays\u00e9n <\/span><\/strong><\/p>\n<div id=\"gtx-trans\" style=\"position: absolute; left: -50px; top: 4.31534px;\">\n<div class=\"gtx-trans-icon\"><\/div>\n<\/div>\n<\/div><\/section><\/div><div class=\"flex_column av_one_full  flex_column_div av-zero-column-padding first  avia-builder-el-4  el_after_av_one_full  el_before_av_hr  column-top-margin\" style='border-radius:0px; '><section class=\"av_textblock_section \"  itemscope=\"itemscope\" itemtype=\"https:\/\/schema.org\/BlogPosting\" itemprop=\"blogPost\" ><div class='avia_textblock  '   itemprop=\"text\" ><p style=\"text-align: justify;\">Durante esta jornada (lunes) se desarrollaron diversas actividades encabezadas por el alcalde Patricio Ulloa Georgia, junto a autoridades regionales y dirigentes del mundo rural, en el marco de la emergencia agropecuaria que afecta a la comuna de Cochrane.<\/p>\n<p style=\"text-align: justify;\">MESA DE TRABAJO CON INDAP<\/p>\n<p style=\"text-align: justify;\">La jornada comenz\u00f3 con una reuni\u00f3n de coordinaci\u00f3n con la directora regional de INDAP, Yessica Lagos C\u00e1rdenas, donde participaron dirigentes de las Juntas de Vecinos Rurales, la AG R\u00edo Baker\u00a0y la Cooperativa Tierra Viva de Cochrane.<br \/>\nEl objetivo fue analizar la situaci\u00f3n del mundo rural\u00a0tras los efectos del temporal y definir medidas concretas de apoyo\u00a0para los productores y familias campesinas afectadas.<\/p>\n<p style=\"text-align: justify;\">Entre los acuerdos adoptados destacan:<\/p>\n<p style=\"text-align: justify;\">Revisi\u00f3n del\u00a0bono de emergencia de $400.000, considerando su insuficiencia frente a las p\u00e9rdidas registradas.<\/p>\n<p style=\"text-align: justify;\">Solicitud de un\u00a0plan sanitario animal\u00a0a trav\u00e9s del SAG, para prevenir enfermedades producto de las aguas estancadas.<\/p>\n<p style=\"text-align: justify;\">Compromiso de\u00a0priorizar recursos regionales\u00a0para la rehabilitaci\u00f3n de caminos rurales e intraprediales.<\/p>\n<p style=\"text-align: justify;\">Coordinaci\u00f3n con el\u00a0Ministerio de Agricultura\u00a0para la llegada de la\u00a0Seremi y del Subsecretario de Agricultura, programada para este\u00a0mi\u00e9rcoles 8 de octubre, con el fin de reforzar las ayudas y canalizar nuevos apoyos.<\/p>\n<p style=\"text-align: justify;\">VISITA DEL GOBERNADOR REGIONAL<\/p>\n<p style=\"text-align: justify;\">Posteriormente, la comuna recibi\u00f3 la visita del\u00a0Gobernador Regional de Ays\u00e9n, Marcelo Santana Vargas, quien\u00a0lleg\u00f3 hasta Cochrane con su equipo de trabajo\u00a0para recorrer los sectores de\u00a0San Lorenzo y Lago Brown, constatando en terreno los graves da\u00f1os que dej\u00f3 el evento meteorol\u00f3gico.<\/p>\n<p style=\"text-align: justify;\">En la ocasi\u00f3n, el Gobernador junto al alcalde Ulloa\u00a0conversaron con familias y productores afectados, verificando p\u00e9rdidas en ganado, forraje, cultivos y caminos intraprediales.<\/p>\n<p style=\"text-align: justify;\">M\u00e1s tarde, se desarroll\u00f3 una reuni\u00f3n ampliada en el Centro Cultural, que cont\u00f3 con la participaci\u00f3n de dirigentes rurales, concejales y representantes de las Juntas de Vecinos, instancia donde se acord\u00f3 canalizar recursos regionales a trav\u00e9s del Ministerio de Agricultura, priorizando el apoyo a productores afectados con alimentaci\u00f3n animal y recuperaci\u00f3n de praderas.<\/p>\n<p style=\"text-align: justify;\">El alcalde Ulloa subray\u00f3 adem\u00e1s la necesidad de\u00a0fortalecer la capacidad de respuesta regional, planteando formalmente la\u00a0importancia de contar con un helic\u00f3ptero permanente en la Regi\u00f3n de Ays\u00e9n\u00a0para emergencias futuras, propuesta que fue respaldada por dirigentes y autoridades comunales presentes.<\/p>\n<p style=\"text-align: justify;\">VOCES DE LA JORNADA<\/p>\n<p style=\"text-align: justify;\">Gobernador Regional Marcelo Santana Vargas: \u201cHemos estado en terreno junto al alcalde y nuestros equipos, recorriendo los sectores m\u00e1s afectados. Queremos destacar la labor de los dirigentes rurales y del municipio, que han estado desde el primer momento acompa\u00f1ando a las familias. Nos comprometemos a seguir trabajando junto al Ministerio de Agricultura para entregar apoyos concretos y oportunos.\u201d<\/p>\n<p style=\"text-align: justify;\">Alcalde Patricio Ulloa Georgia: \u201cEsta ha sido una emergencia muy dura para nuestra comuna, y lo importante es que hoy estamos viendo c\u00f3mo se suman apoyos y voluntades. Agradecemos la presencia del gobernador y las gestiones que se est\u00e1n realizando para llegar con recursos regionales y ministeriales a nuestros productores, quienes lo est\u00e1n pasando mal.\u201d<\/p>\n<p style=\"text-align: justify;\">Directora regional de INDAP, Yessica Lagos C\u00e1rdenas: \u201cHoy sostuvimos una importante jornada de trabajo en Cochrane junto al alcalde y los dirigentes rurales, escuchando directamente las necesidades del mundo campesino. Hemos comprometido todo nuestro apoyo para trabajar de manera conjunta y llegar con ayuda concreta lo antes posible a las familias afectadas. Nuestro equipo ha estado desplegado durante todo el fin de semana en terreno, levantando informaci\u00f3n y priorizando los casos m\u00e1s urgentes, porque sabemos que la situaci\u00f3n del mundo rural requiere respuestas inmediatas.\u201d<\/p>\n<p style=\"text-align: justify;\">CONCLUSI\u00d3N<\/p>\n<p style=\"text-align: justify;\">Este\u00a0Informe N\u00b09\u00a0refleja una jornada de\u00a0gesti\u00f3n intensa y trabajo colaborativo\u00a0entre el municipio, el Gobierno Regional, INDAP y las organizaciones rurales, que permiti\u00f3\u00a0avanzar en compromisos concretos\u00a0para enfrentar la emergencia agropecuaria y\u00a0acelerar la llegada de ayuda al mundo rural\u00a0de Cochrane.<\/p>\n<\/div><\/section><\/div><div  style='height:50px' class='hr hr-invisible   avia-builder-el-6  el_after_av_one_full  el_before_av_social_share '><span class='hr-inner ' ><span class='hr-inner-style'><\/span><\/span><\/div><\/p>\n<div  class='av-social-sharing-box  avia-builder-el-7  el_after_av_hr  el_before_av_hr  '><div class='av-share-box'><h5 class='av-share-link-description av-no-toc '>Compartir esta noticia<\/h5><ul class='av-share-box-list noLightbox'><li class='av-share-link av-social-link-facebook' ><a target=\"_blank\" aria-label=\"Compartir en Facebook\" href='https:\/\/www.facebook.com\/sharer.php?u=https:\/\/radiorevelacionfm.cl\/?p=60038&#038;t=Alcalde%20de%20Cochrane%20plante%C3%B3%20la%20necesidad%20de%20fortalecer%20la%20capacidad%20de%20respuesta%20regional%2C%20y%20contar%20con%20un%20helic%C3%B3ptero%20permanente%20en%20la%20Regi%C3%B3n%20de%20Ays%C3%A9n' aria-hidden='false' data-av_icon='\ue8f3' data-av_iconfont='entypo-fontello' title='' data-avia-related-tooltip='Compartir en Facebook' rel=\"noopener\"><span class='avia_hidden_link_text'>Compartir en Facebook<\/span><\/a><\/li><li class='av-share-link av-social-link-twitter' ><a target=\"_blank\" aria-label=\"Compartir en Twitter\" href='https:\/\/twitter.com\/share?text=Alcalde%20de%20Cochrane%20plante%C3%B3%20la%20necesidad%20de%20fortalecer%20la%20capacidad%20de%20respuesta%20regional%2C%20y%20contar%20con%20un%20helic%C3%B3ptero%20permanente%20en%20la%20Regi%C3%B3n%20de%20Ays%C3%A9n&#038;url=https:\/\/radiorevelacionfm.cl\/?p=60038' aria-hidden='false' data-av_icon='\ue8f1' data-av_iconfont='entypo-fontello' title='' data-avia-related-tooltip='Compartir en Twitter' rel=\"noopener\"><span class='avia_hidden_link_text'>Compartir en Twitter<\/span><\/a><\/li><li class='av-share-link av-social-link-whatsapp' ><a target=\"_blank\" aria-label=\"Compartir en Whatsapp\" href='https:\/\/api.whatsapp.com\/send?text=https:\/\/radiorevelacionfm.cl\/?p=60038' aria-hidden='false' data-av_icon='\uf232' data-av_iconfont='entypo-fontello' title='' data-avia-related-tooltip='Compartir en Whatsapp' rel=\"noopener\"><span class='avia_hidden_link_text'>Compartir en Whatsapp<\/span><\/a><\/li><li class='av-share-link av-social-link-linkedin' ><a target=\"_blank\" aria-label=\"Compartir en LinkedIn\" href='https:\/\/linkedin.com\/shareArticle?mini=true&#038;title=Alcalde%20de%20Cochrane%20plante%C3%B3%20la%20necesidad%20de%20fortalecer%20la%20capacidad%20de%20respuesta%20regional%2C%20y%20contar%20con%20un%20helic%C3%B3ptero%20permanente%20en%20la%20Regi%C3%B3n%20de%20Ays%C3%A9n&#038;url=https:\/\/radiorevelacionfm.cl\/?p=60038' aria-hidden='false' data-av_icon='\ue8fc' data-av_iconfont='entypo-fontello' title='' data-avia-related-tooltip='Compartir en LinkedIn' rel=\"noopener\"><span class='avia_hidden_link_text'>Compartir en LinkedIn<\/span><\/a><\/li><li class='av-share-link av-social-link-mail' ><a  aria-label=\"Compartir por correo\" href='mailto:?subject=Alcalde%20de%20Cochrane%20plante%C3%B3%20la%20necesidad%20de%20fortalecer%20la%20capacidad%20de%20respuesta%20regional%2C%20y%20contar%20con%20un%20helic%C3%B3ptero%20permanente%20en%20la%20Regi%C3%B3n%20de%20Ays%C3%A9n&#038;body=https:\/\/radiorevelacionfm.cl\/?p=60038' aria-hidden='false' data-av_icon='\ue805' data-av_iconfont='entypo-fontello' title='' data-avia-related-tooltip='Compartir por correo'><span class='avia_hidden_link_text'>Compartir por correo<\/span><\/a><\/li><\/ul><\/div><\/div>\n<div  style='height:50px' class='hr hr-invisible   avia-builder-el-8  el_after_av_social_share  el_before_av_comments_list '><span class='hr-inner ' ><span class='hr-inner-style'><\/span><\/span><\/div>\n<div  class='av-buildercomment  av-blog-meta-html-info-disabled av-blog-meta-tag-disabled  '><\/div>\n","protected":false},"excerpt":{"rendered":"","protected":false},"author":1,"featured_media":60040,"comment_status":"closed","ping_status":"closed","sticky":false,"template":"","format":"standard","meta":{"footnotes":""},"categories":[38],"tags":[],"class_list":["post-60038","post","type-post","status-publish","format-standard","has-post-thumbnail","hentry","category-regional"],"jetpack_featured_media_url":"https:\/\/radiorevelacionfm.cl\/wp-content\/uploads\/2025\/10\/REPORTE-9-COCHRANE-5-2-1.jpg","_links":{"self":[{"href":"https:\/\/radiorevelacionfm.cl\/index.php?rest_route=\/wp\/v2\/posts\/60038","targetHints":{"allow":["GET"]}}],"collection":[{"href":"https:\/\/radiorevelacionfm.cl\/index.php?rest_route=\/wp\/v2\/posts"}],"about":[{"href":"https:\/\/radiorevelacionfm.cl\/index.php?rest_route=\/wp\/v2\/types\/post"}],"author":[{"embeddable":true,"href":"https:\/\/radiorevelacionfm.cl\/index.php?rest_route=\/wp\/v2\/users\/1"}],"replies":[{"embeddable":true,"href":"https:\/\/radiorevelacionfm.cl\/index.php?rest_route=%2Fwp%2Fv2%2Fcomments&post=60038"}],"version-history":[{"count":2,"href":"https:\/\/radiorevelacionfm.cl\/index.php?rest_route=\/wp\/v2\/posts\/60038\/revisions"}],"predecessor-version":[{"id":60042,"href":"https:\/\/radiorevelacionfm.cl\/index.php?rest_route=\/wp\/v2\/posts\/60038\/revisions\/60042"}],"wp:featuredmedia":[{"embeddable":true,"href":"https:\/\/radiorevelacionfm.cl\/index.php?rest_route=\/wp\/v2\/media\/60040"}],"wp:attachment":[{"href":"https:\/\/radiorevelacionfm.cl\/index.php?rest_route=%2Fwp%2Fv2%2Fmedia&parent=60038"}],"wp:term":[{"taxonomy":"category","embeddable":true,"href":"https:\/\/radiorevelacionfm.cl\/index.php?rest_route=%2Fwp%2Fv2%2Fcategories&post=60038"},{"taxonomy":"post_tag","embeddable":true,"href":"https:\/\/radiorevelacionfm.cl\/index.php?rest_route=%2Fwp%2Fv2%2Ftags&post=60038"}],"curies":[{"name":"wp","href":"https:\/\/api.w.org\/{rel}","templated":true}]}}