{"id":60034,"date":"2025-10-07T15:10:12","date_gmt":"2025-10-07T18:10:12","guid":{"rendered":"https:\/\/radiorevelacionfm.cl\/?p=60034"},"modified":"2025-10-07T15:10:12","modified_gmt":"2025-10-07T18:10:12","slug":"estudiantes-del-liceo-tecnico-profesional-profesor-ricardo-navarrete-barria-conocieron-el-funcionamiento-de-la-corte-de-coyhaique","status":"publish","type":"post","link":"https:\/\/radiorevelacionfm.cl\/?p=60034","title":{"rendered":"Estudiantes del Liceo T\u00e9cnico Profesional Profesor Ricardo Navarrete Barr\u00eda conocieron el funcionamiento de la Corte de Coyhaique"},"content":{"rendered":"<div class=\"flex_column av_one_full  flex_column_div av-zero-column-padding first  avia-builder-el-0  el_before_av_one_full  avia-builder-el-first  \" style='border-radius:0px; '><div  class='avia-image-container  av-styling-    avia-builder-el-1  avia-builder-el-no-sibling  avia-align-center '  itemprop=\"image\" itemscope=\"itemscope\" itemtype=\"https:\/\/schema.org\/ImageObject\"  ><div class='avia-image-container-inner'><div class='avia-image-overlay-wrap'><img decoding=\"async\" class='wp-image-60035 avia-img-lazy-loading-not-60035 avia_image' src=\"https:\/\/radiorevelacionfm.cl\/wp-content\/uploads\/2025\/10\/dia8189-1_optimized.jpeg\" alt='' title='_dia8189-(1)_optimized' height=\"600\" width=\"900\"  itemprop=\"thumbnailUrl\" srcset=\"https:\/\/radiorevelacionfm.cl\/wp-content\/uploads\/2025\/10\/dia8189-1_optimized.jpeg 900w, https:\/\/radiorevelacionfm.cl\/wp-content\/uploads\/2025\/10\/dia8189-1_optimized-300x200.jpeg 300w, https:\/\/radiorevelacionfm.cl\/wp-content\/uploads\/2025\/10\/dia8189-1_optimized-768x512.jpeg 768w, https:\/\/radiorevelacionfm.cl\/wp-content\/uploads\/2025\/10\/dia8189-1_optimized-705x470.jpeg 705w, https:\/\/radiorevelacionfm.cl\/wp-content\/uploads\/2025\/10\/dia8189-1_optimized-450x300.jpeg 450w, https:\/\/radiorevelacionfm.cl\/wp-content\/uploads\/2025\/10\/dia8189-1_optimized-600x400.jpeg 600w\" sizes=\"(max-width: 900px) 100vw, 900px\" \/><\/div><\/div><\/div><\/div><div class=\"flex_column av_one_full  flex_column_div av-zero-column-padding first  avia-builder-el-2  el_after_av_one_full  el_before_av_one_full  column-top-margin\" style='border-radius:0px; '><section class=\"av_textblock_section \"  itemscope=\"itemscope\" itemtype=\"https:\/\/schema.org\/BlogPosting\" itemprop=\"blogPost\" ><div class='avia_textblock  '   itemprop=\"text\" ><p style=\"text-align: center;\"><span style=\"font-size: 18pt;\"><b>Estudiantes del Liceo T\u00e9cnico Profesional Profesor Ricardo Navarrete Barr\u00eda conocieron el funcionamiento de la Corte de Coyhaique<\/b><\/span><\/p>\n<div id=\"gtx-trans\" style=\"position: absolute; left: -50px; top: 4.31534px;\">\n<div class=\"gtx-trans-icon\"><\/div>\n<\/div>\n<\/div><\/section><\/div><div class=\"flex_column av_one_full  flex_column_div av-zero-column-padding first  avia-builder-el-4  el_after_av_one_full  el_before_av_hr  column-top-margin\" style='border-radius:0px; '><section class=\"av_textblock_section \"  itemscope=\"itemscope\" itemtype=\"https:\/\/schema.org\/BlogPosting\" itemprop=\"blogPost\" ><div class='avia_textblock  '   itemprop=\"text\" ><p style=\"text-align: justify;\">La Corte de Apelaciones de Coyhaique recibi\u00f3 hoy -martes 7 de octubre- la visita de un grupo de 13 estudiantes de octavo a\u00f1o b\u00e1sico del Liceo T\u00e9cnico Profesional Profesor Ricardo Navarrete Barr\u00eda, quienes participaron de una jornada de acercamiento al quehacer judicial en el contexto de la pol\u00edtica de Justicia Abierta que impulsa el Poder Judicial.<\/p>\n<p style=\"text-align: justify;\">Durante la actividad, los estudiantes fueron recibidos por el administrador del tribunal, \u00c1lvaro Guti\u00e9rrez, quien junto con Marcos P\u00e9rez, supervisor del Centro de Seguimiento de Medidas de Protecci\u00f3n, guiaron el recorrido por las distintas dependencias del edificio judicial y explicaron el funcionamiento de este poder del Estado.<\/p>\n<p style=\"text-align: justify;\">En la oportunidad, los alumnos y alumnas, acompa\u00f1ados de su profesora Luz Holmberg , conocieron aspectos fundamentales sobre el rol de los poderes del Estado, la estructura del Poder Judicial y las principales funciones de los tribunales de justicia, as\u00ed como el trabajo que realizan jueces, ministros y funcionarios en el desarrollo de los procesos judiciales.<\/p>\n<p style=\"text-align: justify;\">Asimismo, los j\u00f3venes visitaron la biblioteca judicial, la sala de presidencia y los espacios de trabajo de los funcionarios, finalizando la jornada con el ingreso a una audiencia de alegatos de un recurso de protecci\u00f3n, donde pudieron observar directamente el desarrollo de una vista de causa y formular consultas a los ministros presentes.<\/p>\n<p style=\"text-align: justify;\">El administrador \u00c1lvaro Guti\u00e9rrez destac\u00f3 la importancia de estas instancias de vinculaci\u00f3n con la comunidad educativa, se\u00f1alando que \u201cpermiten acercar la labor judicial a los estudiantes, derribando mitos y promoviendo una comprensi\u00f3n m\u00e1s cercana de c\u00f3mo funciona la justicia en nuestro pa\u00eds\u201d.<\/p>\n<p style=\"text-align: justify;\">Por su parte, Marcos P\u00e9rez valor\u00f3 el inter\u00e9s de los alumnos y su participaci\u00f3n durante la charla, enfatizando que \u201centender el rol de los tribunales y el respeto por el Estado de Derecho desde edades tempranas contribuye a formar ciudadanos conscientes y responsables\u201d.<\/p>\n<\/div><\/section><\/div><div  style='height:50px' class='hr hr-invisible   avia-builder-el-6  el_after_av_one_full  el_before_av_social_share '><span class='hr-inner ' ><span class='hr-inner-style'><\/span><\/span><\/div><\/p>\n<div  class='av-social-sharing-box  avia-builder-el-7  el_after_av_hr  el_before_av_hr  '><div class='av-share-box'><h5 class='av-share-link-description av-no-toc '>Compartir esta noticia<\/h5><ul class='av-share-box-list noLightbox'><li class='av-share-link av-social-link-facebook' ><a target=\"_blank\" aria-label=\"Compartir en Facebook\" href='https:\/\/www.facebook.com\/sharer.php?u=https:\/\/radiorevelacionfm.cl\/?p=60034&#038;t=Estudiantes%20del%20Liceo%20T%C3%A9cnico%20Profesional%20Profesor%20Ricardo%20Navarrete%20Barr%C3%ADa%20conocieron%20el%20funcionamiento%20de%20la%20Corte%20de%20Coyhaique' aria-hidden='false' data-av_icon='\ue8f3' data-av_iconfont='entypo-fontello' title='' data-avia-related-tooltip='Compartir en Facebook' rel=\"noopener\"><span class='avia_hidden_link_text'>Compartir en Facebook<\/span><\/a><\/li><li class='av-share-link av-social-link-twitter' ><a target=\"_blank\" aria-label=\"Compartir en Twitter\" href='https:\/\/twitter.com\/share?text=Estudiantes%20del%20Liceo%20T%C3%A9cnico%20Profesional%20Profesor%20Ricardo%20Navarrete%20Barr%C3%ADa%20conocieron%20el%20funcionamiento%20de%20la%20Corte%20de%20Coyhaique&#038;url=https:\/\/radiorevelacionfm.cl\/?p=60034' aria-hidden='false' data-av_icon='\ue8f1' data-av_iconfont='entypo-fontello' title='' data-avia-related-tooltip='Compartir en Twitter' rel=\"noopener\"><span class='avia_hidden_link_text'>Compartir en Twitter<\/span><\/a><\/li><li class='av-share-link av-social-link-whatsapp' ><a target=\"_blank\" aria-label=\"Compartir en Whatsapp\" href='https:\/\/api.whatsapp.com\/send?text=https:\/\/radiorevelacionfm.cl\/?p=60034' aria-hidden='false' data-av_icon='\uf232' data-av_iconfont='entypo-fontello' title='' data-avia-related-tooltip='Compartir en Whatsapp' rel=\"noopener\"><span class='avia_hidden_link_text'>Compartir en Whatsapp<\/span><\/a><\/li><li class='av-share-link av-social-link-linkedin' ><a target=\"_blank\" aria-label=\"Compartir en LinkedIn\" href='https:\/\/linkedin.com\/shareArticle?mini=true&#038;title=Estudiantes%20del%20Liceo%20T%C3%A9cnico%20Profesional%20Profesor%20Ricardo%20Navarrete%20Barr%C3%ADa%20conocieron%20el%20funcionamiento%20de%20la%20Corte%20de%20Coyhaique&#038;url=https:\/\/radiorevelacionfm.cl\/?p=60034' aria-hidden='false' data-av_icon='\ue8fc' data-av_iconfont='entypo-fontello' title='' data-avia-related-tooltip='Compartir en LinkedIn' rel=\"noopener\"><span class='avia_hidden_link_text'>Compartir en LinkedIn<\/span><\/a><\/li><li class='av-share-link av-social-link-mail' ><a  aria-label=\"Compartir por correo\" href='mailto:?subject=Estudiantes%20del%20Liceo%20T%C3%A9cnico%20Profesional%20Profesor%20Ricardo%20Navarrete%20Barr%C3%ADa%20conocieron%20el%20funcionamiento%20de%20la%20Corte%20de%20Coyhaique&#038;body=https:\/\/radiorevelacionfm.cl\/?p=60034' aria-hidden='false' data-av_icon='\ue805' data-av_iconfont='entypo-fontello' title='' data-avia-related-tooltip='Compartir por correo'><span class='avia_hidden_link_text'>Compartir por correo<\/span><\/a><\/li><\/ul><\/div><\/div>\n<div  style='height:50px' class='hr hr-invisible   avia-builder-el-8  el_after_av_social_share  el_before_av_comments_list '><span class='hr-inner ' ><span class='hr-inner-style'><\/span><\/span><\/div>\n<div  class='av-buildercomment  av-blog-meta-html-info-disabled av-blog-meta-tag-disabled  '><\/div>\n","protected":false},"excerpt":{"rendered":"","protected":false},"author":1,"featured_media":60035,"comment_status":"closed","ping_status":"closed","sticky":false,"template":"","format":"standard","meta":{"footnotes":""},"categories":[55],"tags":[],"class_list":["post-60034","post","type-post","status-publish","format-standard","has-post-thumbnail","hentry","category-justicia"],"jetpack_featured_media_url":"https:\/\/radiorevelacionfm.cl\/wp-content\/uploads\/2025\/10\/dia8189-1_optimized.jpeg","_links":{"self":[{"href":"https:\/\/radiorevelacionfm.cl\/index.php?rest_route=\/wp\/v2\/posts\/60034","targetHints":{"allow":["GET"]}}],"collection":[{"href":"https:\/\/radiorevelacionfm.cl\/index.php?rest_route=\/wp\/v2\/posts"}],"about":[{"href":"https:\/\/radiorevelacionfm.cl\/index.php?rest_route=\/wp\/v2\/types\/post"}],"author":[{"embeddable":true,"href":"https:\/\/radiorevelacionfm.cl\/index.php?rest_route=\/wp\/v2\/users\/1"}],"replies":[{"embeddable":true,"href":"https:\/\/radiorevelacionfm.cl\/index.php?rest_route=%2Fwp%2Fv2%2Fcomments&post=60034"}],"version-history":[{"count":2,"href":"https:\/\/radiorevelacionfm.cl\/index.php?rest_route=\/wp\/v2\/posts\/60034\/revisions"}],"predecessor-version":[{"id":60037,"href":"https:\/\/radiorevelacionfm.cl\/index.php?rest_route=\/wp\/v2\/posts\/60034\/revisions\/60037"}],"wp:featuredmedia":[{"embeddable":true,"href":"https:\/\/radiorevelacionfm.cl\/index.php?rest_route=\/wp\/v2\/media\/60035"}],"wp:attachment":[{"href":"https:\/\/radiorevelacionfm.cl\/index.php?rest_route=%2Fwp%2Fv2%2Fmedia&parent=60034"}],"wp:term":[{"taxonomy":"category","embeddable":true,"href":"https:\/\/radiorevelacionfm.cl\/index.php?rest_route=%2Fwp%2Fv2%2Fcategories&post=60034"},{"taxonomy":"post_tag","embeddable":true,"href":"https:\/\/radiorevelacionfm.cl\/index.php?rest_route=%2Fwp%2Fv2%2Ftags&post=60034"}],"curies":[{"name":"wp","href":"https:\/\/api.w.org\/{rel}","templated":true}]}}