{"id":60027,"date":"2025-10-07T10:58:24","date_gmt":"2025-10-07T13:58:24","guid":{"rendered":"https:\/\/radiorevelacionfm.cl\/?p=60027"},"modified":"2025-10-07T10:58:24","modified_gmt":"2025-10-07T13:58:24","slug":"destino-aysen-patagonia-participa-en-la-feria-internacional-de-turismo-vyva-2025","status":"publish","type":"post","link":"https:\/\/radiorevelacionfm.cl\/?p=60027","title":{"rendered":"Destino Ays\u00e9n Patagonia participa en la Feria Internacional de Turismo VYVA 2025"},"content":{"rendered":"<div class=\"flex_column av_one_full  flex_column_div av-zero-column-padding first  avia-builder-el-0  el_before_av_one_full  avia-builder-el-first  \" style='border-radius:0px; '><div  class='avia-image-container  av-styling-    avia-builder-el-1  avia-builder-el-no-sibling  avia-align-center '  itemprop=\"image\" itemscope=\"itemscope\" itemtype=\"https:\/\/schema.org\/ImageObject\"  ><div class='avia-image-container-inner'><div class='avia-image-overlay-wrap'><img decoding=\"async\" class='wp-image-60028 avia-img-lazy-loading-not-60028 avia_image' src=\"https:\/\/radiorevelacionfm.cl\/wp-content\/uploads\/2025\/10\/feria-vyva-001_optimized-1.jpg\" alt='' title='feria-vyva-001_optimized (1)' height=\"600\" width=\"1067\"  itemprop=\"thumbnailUrl\" srcset=\"https:\/\/radiorevelacionfm.cl\/wp-content\/uploads\/2025\/10\/feria-vyva-001_optimized-1.jpg 1067w, https:\/\/radiorevelacionfm.cl\/wp-content\/uploads\/2025\/10\/feria-vyva-001_optimized-1-300x169.jpg 300w, https:\/\/radiorevelacionfm.cl\/wp-content\/uploads\/2025\/10\/feria-vyva-001_optimized-1-1030x579.jpg 1030w, https:\/\/radiorevelacionfm.cl\/wp-content\/uploads\/2025\/10\/feria-vyva-001_optimized-1-768x432.jpg 768w, https:\/\/radiorevelacionfm.cl\/wp-content\/uploads\/2025\/10\/feria-vyva-001_optimized-1-705x396.jpg 705w, https:\/\/radiorevelacionfm.cl\/wp-content\/uploads\/2025\/10\/feria-vyva-001_optimized-1-450x253.jpg 450w, https:\/\/radiorevelacionfm.cl\/wp-content\/uploads\/2025\/10\/feria-vyva-001_optimized-1-600x337.jpg 600w\" sizes=\"(max-width: 1067px) 100vw, 1067px\" \/><\/div><\/div><\/div><\/div><div class=\"flex_column av_one_full  flex_column_div av-zero-column-padding first  avia-builder-el-2  el_after_av_one_full  el_before_av_one_full  column-top-margin\" style='border-radius:0px; '><section class=\"av_textblock_section \"  itemscope=\"itemscope\" itemtype=\"https:\/\/schema.org\/BlogPosting\" itemprop=\"blogPost\" ><div class='avia_textblock  '   itemprop=\"text\" ><p style=\"text-align: center;\"><span style=\"font-size: 18pt;\"><b>Destino Ays\u00e9n Patagonia participa en la Feria Internacional de Turismo VYVA 2025<\/b><\/span><\/p>\n<div id=\"gtx-trans\" style=\"position: absolute; left: -50px; top: 4.31534px;\">\n<div class=\"gtx-trans-icon\"><\/div>\n<\/div>\n<\/div><\/section><\/div><div class=\"flex_column av_one_full  flex_column_div av-zero-column-padding first  avia-builder-el-4  el_after_av_one_full  el_before_av_hr  column-top-margin\" style='border-radius:0px; '><section class=\"av_textblock_section \"  itemscope=\"itemscope\" itemtype=\"https:\/\/schema.org\/BlogPosting\" itemprop=\"blogPost\" ><div class='avia_textblock  '   itemprop=\"text\" ><p style=\"text-align: justify;\"><em>La regi\u00f3n form\u00f3 parte de la principal vitrina nacional del turismo, destacando por su participaci\u00f3n junto a operadores y operadoras tur\u00edsticas regionales y empresas gastron\u00f3micas de la comuna de Ays\u00e9n.<\/em><\/p>\n<p style=\"text-align: justify;\">Con una destacada participaci\u00f3n en la Feria Internacional de Turismo VYVA 2025, \u00a0el Destino Ays\u00e9n Patagonia estuvo presente en este importante encuentro desarrollado en Ciudad Empresarial en la capital nacional, present\u00e1ndose como un territorio con identidad, naturaleza y experiencias \u00fanicas para visitantes nacionales e internacionales.<\/p>\n<p style=\"text-align: justify;\">Tras seis a\u00f1os de ausencia, la feria regres\u00f3 con m\u00e1s de 300 expositores de todo el pa\u00eds y el mundo, convirti\u00e9ndose en una plataforma clave para la promoci\u00f3n de destinos y la generaci\u00f3n de redes comerciales, sum\u00e1ndose de esta manera al circuito de las prestigiosas ferias de turismo a nivel mundial.<\/p>\n<p style=\"text-align: justify;\">En este marco, Ays\u00e9n Patagonia se present\u00f3 con un stand regional junto a 12 empresas tur\u00edsticas y 6 emprendimientos gastron\u00f3micos de la comuna de Ays\u00e9n, que dieron a conocer su oferta gastron\u00f3mica y su visi\u00f3n de desarrollo sustentable a los m\u00e1s de 15 mil visitantes que tuvo esta nueva versi\u00f3n durante sus tres d\u00edas de ejecuci\u00f3n.<\/p>\n<p style=\"text-align: justify;\">La participaci\u00f3n regional forma parte del trabajo que se encuentra ejecutando Sernatur Ays\u00e9n, gracias al financiamiento del Gobierno Regional de Ays\u00e9n y su Consejo, permitiendo de esta manera, relevar el relato del territorio a partir de sus propios protagonistas: los operadores y emprendedores tur\u00edsticos regionales.<\/p>\n<p style=\"text-align: justify;\">Claudio Montecinos, Director Regional de Sernatur Ays\u00e9n, valor\u00f3 la posibilidad de ser parte de esta importante instancia nacional. \u201cNuestra participaci\u00f3n en la Feria VYVA es parte de la Estrategia Regional de Posicionamiento del Destino Ays\u00e9n Patagonia, que realizamos con el apoyo del Gobierno Regional de Ays\u00e9n y su Consejo, y que nos permite venir junto a empresarios regionales a posicionar nuestros productos, servicios tur\u00edsticos y nuestro destino\u201d, destac\u00f3 el director regional.<\/p>\n<p style=\"text-align: justify;\">Adem\u00e1s de su presencia en el espacio expositivo, las empresas de la regi\u00f3n participaron en la rueda de negocios nacional, instancia que permiti\u00f3 generar v\u00ednculos con tour operadores, agencias y representantes de destinos internacionales, abriendo nuevas oportunidades de comercializaci\u00f3n y alianzas estrat\u00e9gicas para el turismo de la Patagonia. Mauricio Otarola, de Turismo R\u00edo Baker, valor\u00f3 la experiencia de ser parte de esta instancia nacional. \u201cEsta es una oportunidad que podemos aprovechar todos los emprendedores para darnos a conocer con operadores de Santiago y del extranjero. Agradezco la posibilidad que nos da Sernatur para venir a estas ferias. Si bien represento mi emprendimiento, creo que todos podemos representar a la regi\u00f3n\u201d, indic\u00f3 el represente del sector.<\/p>\n<p style=\"text-align: justify;\">Durante el desarrollo de la feria, Marcelo Santana Vargas, Gobernador Regional de Ays\u00e9n, visit\u00f3 el pabell\u00f3n del Destino Ays\u00e9n Patagonia para poder conversar con los operadores y operadoras tur\u00edsticas y adem\u00e1s conocer los servicios tur\u00edsticos presentes en la instancia nacional. En la ocasi\u00f3n, la autoridad regional destac\u00f3 la posibilidad de estar presente en la feria de turismo m\u00e1s importante del pa\u00eds. \u201cEstamos junto a doce empresas de turismo y seis empresas gastron\u00f3micas de Ays\u00e9n que est\u00e1n participando de esta feria VYVA. Esta feria es una de las m\u00e1s importantes de Chile en materia de promoci\u00f3n tur\u00edstica. Hace seis o siete a\u00f1os que no se hac\u00eda, y hoy ha vuelto con un stand especial de Ays\u00e9n Patagonia. Por lo tanto, estamos contentos tambi\u00e9n de estar a la altura de los eventos tur\u00edsticos m\u00e1s importantes del pa\u00eds, promocionando nuestro bello destino\u201d, recalc\u00f3 el gobernador regional.<\/p>\n<p style=\"text-align: justify;\"><strong>Activaci\u00f3n gastron\u00f3mica Destino Ays\u00e9n Patagonia<\/strong><\/p>\n<p style=\"text-align: justify;\">La participaci\u00f3n regional del destino tambi\u00e9n incluy\u00f3 una activaci\u00f3n gastron\u00f3mica organizada por el proyecto \u201cLa aventura del salm\u00f3n\u201d (financiado por Corfo), \u00a0denominada \u201cGastronom\u00eda Sustentable de Ays\u00e9n\u201d, a cargo del reconocido chef Rodrigo Bara\u00f1ao, junto a emprendedores gastron\u00f3micos de Puerto Ays\u00e9n, quienes ofrecieron degustaciones con productos locales como salm\u00f3n y calafate, que reflejaron la autenticidad y la diversidad de la gastronom\u00eda Aysenina.<\/p>\n<p style=\"text-align: justify;\">Uno de los stands del destino estuvo a cargo de la Corporaci\u00f3n Provincia de los Glaciares, quienes representados por Karla Rojas del Centro Eco Familiar Laguna Esmeralda, tuvo la responsabilidad de dar a conocer todos los atractivos y oportunidades de visitar la provincia. \u201cBueno, para nosotros es muy importante, ya que necesitamos visibilizarnos que primero existimos como provincia, como Cochrane, como Tortel, como Villa O\u2019Higgins, que la carretera austral tiene un final, hay una gran variedad de gu\u00edas, de hoteles, de hospedajes, de alimentaci\u00f3n y la idea es que nosotros ac\u00e1 visibilicemos a los operadores locales y podamos entregar la informaci\u00f3n y coordinarnos para que lleguen con m\u00e1s informaci\u00f3n anticipada hacia la provincia de Los Glaciares\u201d, indic\u00f3.<\/p>\n<p style=\"text-align: justify;\">En tanto, visitantes y profesionales del turismo destacaron la oportunidad de conocer directamente la oferta del sur austral, relevando la amabilidad de sus representantes y el valor de contar con informaci\u00f3n entregada desde la experiencia de quienes viven en el territorio. \u201cMe gusta mucho la regi\u00f3n, muy bonita, realmente lo que tenemos en Chile es extraordinario y sobre todo esa parte, yo fui a la carretera austral sur en oto\u00f1o y lo recomiendo, extraordinario. Estoy muy interesada en la carretera austral norte, en eso he estado buscando harta informaci\u00f3n y \u00a0las personas que lo est\u00e1n son muy amables y tienen todo el tiempo del mundo para explicar con muchos detalles y hay mucha gente que es de la zona, entonces eso es lo valioso\u201d, indic\u00f3 Irene visitante del destino Ays\u00e9n Patagonia.<\/p>\n<p style=\"text-align: justify;\">Con su participaci\u00f3n en la Feria Internacional VYVA 2025, el Destino Ays\u00e9n Patagonia sigue avanzando en su estrategia de difusi\u00f3n tur\u00edstica, promoviendo \u00a0un turismo sostenible, diverso y con identidad, fortaleciendo su posicionamiento en los principales circuitos tur\u00edsticos de Chile y del mundo.<\/p>\n<\/div><\/section><\/div><div  style='height:50px' class='hr hr-invisible   avia-builder-el-6  el_after_av_one_full  el_before_av_social_share '><span class='hr-inner ' ><span class='hr-inner-style'><\/span><\/span><\/div><\/p>\n<div  class='av-social-sharing-box  avia-builder-el-7  el_after_av_hr  el_before_av_hr  '><div class='av-share-box'><h5 class='av-share-link-description av-no-toc '>Compartir esta noticia<\/h5><ul class='av-share-box-list noLightbox'><li class='av-share-link av-social-link-facebook' ><a target=\"_blank\" aria-label=\"Compartir en Facebook\" href='https:\/\/www.facebook.com\/sharer.php?u=https:\/\/radiorevelacionfm.cl\/?p=60027&#038;t=Destino%20Ays%C3%A9n%20Patagonia%20participa%20en%20la%20Feria%20Internacional%20de%20Turismo%20VYVA%202025' aria-hidden='false' data-av_icon='\ue8f3' data-av_iconfont='entypo-fontello' title='' data-avia-related-tooltip='Compartir en Facebook' rel=\"noopener\"><span class='avia_hidden_link_text'>Compartir en Facebook<\/span><\/a><\/li><li class='av-share-link av-social-link-twitter' ><a target=\"_blank\" aria-label=\"Compartir en Twitter\" href='https:\/\/twitter.com\/share?text=Destino%20Ays%C3%A9n%20Patagonia%20participa%20en%20la%20Feria%20Internacional%20de%20Turismo%20VYVA%202025&#038;url=https:\/\/radiorevelacionfm.cl\/?p=60027' aria-hidden='false' data-av_icon='\ue8f1' data-av_iconfont='entypo-fontello' title='' data-avia-related-tooltip='Compartir en Twitter' rel=\"noopener\"><span class='avia_hidden_link_text'>Compartir en Twitter<\/span><\/a><\/li><li class='av-share-link av-social-link-whatsapp' ><a target=\"_blank\" aria-label=\"Compartir en Whatsapp\" href='https:\/\/api.whatsapp.com\/send?text=https:\/\/radiorevelacionfm.cl\/?p=60027' aria-hidden='false' data-av_icon='\uf232' data-av_iconfont='entypo-fontello' title='' data-avia-related-tooltip='Compartir en Whatsapp' rel=\"noopener\"><span class='avia_hidden_link_text'>Compartir en Whatsapp<\/span><\/a><\/li><li class='av-share-link av-social-link-linkedin' ><a target=\"_blank\" aria-label=\"Compartir en LinkedIn\" href='https:\/\/linkedin.com\/shareArticle?mini=true&#038;title=Destino%20Ays%C3%A9n%20Patagonia%20participa%20en%20la%20Feria%20Internacional%20de%20Turismo%20VYVA%202025&#038;url=https:\/\/radiorevelacionfm.cl\/?p=60027' aria-hidden='false' data-av_icon='\ue8fc' data-av_iconfont='entypo-fontello' title='' data-avia-related-tooltip='Compartir en LinkedIn' rel=\"noopener\"><span class='avia_hidden_link_text'>Compartir en LinkedIn<\/span><\/a><\/li><li class='av-share-link av-social-link-mail' ><a  aria-label=\"Compartir por correo\" href='mailto:?subject=Destino%20Ays%C3%A9n%20Patagonia%20participa%20en%20la%20Feria%20Internacional%20de%20Turismo%20VYVA%202025&#038;body=https:\/\/radiorevelacionfm.cl\/?p=60027' aria-hidden='false' data-av_icon='\ue805' data-av_iconfont='entypo-fontello' title='' data-avia-related-tooltip='Compartir por correo'><span class='avia_hidden_link_text'>Compartir por correo<\/span><\/a><\/li><\/ul><\/div><\/div>\n<div  style='height:50px' class='hr hr-invisible   avia-builder-el-8  el_after_av_social_share  el_before_av_comments_list '><span class='hr-inner ' ><span class='hr-inner-style'><\/span><\/span><\/div>\n<div  class='av-buildercomment  av-blog-meta-html-info-disabled av-blog-meta-tag-disabled  '><\/div>\n","protected":false},"excerpt":{"rendered":"","protected":false},"author":1,"featured_media":60028,"comment_status":"closed","ping_status":"closed","sticky":false,"template":"","format":"standard","meta":{"footnotes":""},"categories":[54],"tags":[],"class_list":["post-60027","post","type-post","status-publish","format-standard","has-post-thumbnail","hentry","category-turismo"],"jetpack_featured_media_url":"https:\/\/radiorevelacionfm.cl\/wp-content\/uploads\/2025\/10\/feria-vyva-001_optimized-1.jpg","_links":{"self":[{"href":"https:\/\/radiorevelacionfm.cl\/index.php?rest_route=\/wp\/v2\/posts\/60027","targetHints":{"allow":["GET"]}}],"collection":[{"href":"https:\/\/radiorevelacionfm.cl\/index.php?rest_route=\/wp\/v2\/posts"}],"about":[{"href":"https:\/\/radiorevelacionfm.cl\/index.php?rest_route=\/wp\/v2\/types\/post"}],"author":[{"embeddable":true,"href":"https:\/\/radiorevelacionfm.cl\/index.php?rest_route=\/wp\/v2\/users\/1"}],"replies":[{"embeddable":true,"href":"https:\/\/radiorevelacionfm.cl\/index.php?rest_route=%2Fwp%2Fv2%2Fcomments&post=60027"}],"version-history":[{"count":2,"href":"https:\/\/radiorevelacionfm.cl\/index.php?rest_route=\/wp\/v2\/posts\/60027\/revisions"}],"predecessor-version":[{"id":60030,"href":"https:\/\/radiorevelacionfm.cl\/index.php?rest_route=\/wp\/v2\/posts\/60027\/revisions\/60030"}],"wp:featuredmedia":[{"embeddable":true,"href":"https:\/\/radiorevelacionfm.cl\/index.php?rest_route=\/wp\/v2\/media\/60028"}],"wp:attachment":[{"href":"https:\/\/radiorevelacionfm.cl\/index.php?rest_route=%2Fwp%2Fv2%2Fmedia&parent=60027"}],"wp:term":[{"taxonomy":"category","embeddable":true,"href":"https:\/\/radiorevelacionfm.cl\/index.php?rest_route=%2Fwp%2Fv2%2Fcategories&post=60027"},{"taxonomy":"post_tag","embeddable":true,"href":"https:\/\/radiorevelacionfm.cl\/index.php?rest_route=%2Fwp%2Fv2%2Ftags&post=60027"}],"curies":[{"name":"wp","href":"https:\/\/api.w.org\/{rel}","templated":true}]}}