{"id":60021,"date":"2025-10-07T10:45:11","date_gmt":"2025-10-07T13:45:11","guid":{"rendered":"https:\/\/radiorevelacionfm.cl\/?p=60021"},"modified":"2025-10-07T10:45:11","modified_gmt":"2025-10-07T13:45:11","slug":"aprueban-proyecto-que-permitiria-una-unidad-de-dialisis-en-el-nuevo-hospital-de-chile-chico","status":"publish","type":"post","link":"https:\/\/radiorevelacionfm.cl\/?p=60021","title":{"rendered":"Aprueban proyecto que permitir\u00eda una unidad de di\u00e1lisis en el nuevo Hospital de Chile Chico"},"content":{"rendered":"<div class=\"flex_column av_one_full  flex_column_div av-zero-column-padding first  avia-builder-el-0  el_before_av_one_full  avia-builder-el-first  \" style='border-radius:0px; '><div  class='avia-image-container  av-styling-    avia-builder-el-1  avia-builder-el-no-sibling  avia-align-center '  itemprop=\"image\" itemscope=\"itemscope\" itemtype=\"https:\/\/schema.org\/ImageObject\"  ><div class='avia-image-container-inner'><div class='avia-image-overlay-wrap'><img decoding=\"async\" class='wp-image-60022 avia-img-lazy-loading-not-60022 avia_image' src=\"https:\/\/radiorevelacionfm.cl\/wp-content\/uploads\/2025\/10\/Hospital-Chile-Chico-2025-1-1.jpg\" alt='' title='Hospital Chile Chico 2025 (1) (1)' height=\"600\" width=\"900\"  itemprop=\"thumbnailUrl\" srcset=\"https:\/\/radiorevelacionfm.cl\/wp-content\/uploads\/2025\/10\/Hospital-Chile-Chico-2025-1-1.jpg 900w, https:\/\/radiorevelacionfm.cl\/wp-content\/uploads\/2025\/10\/Hospital-Chile-Chico-2025-1-1-300x200.jpg 300w, https:\/\/radiorevelacionfm.cl\/wp-content\/uploads\/2025\/10\/Hospital-Chile-Chico-2025-1-1-768x512.jpg 768w, https:\/\/radiorevelacionfm.cl\/wp-content\/uploads\/2025\/10\/Hospital-Chile-Chico-2025-1-1-705x470.jpg 705w, https:\/\/radiorevelacionfm.cl\/wp-content\/uploads\/2025\/10\/Hospital-Chile-Chico-2025-1-1-450x300.jpg 450w, https:\/\/radiorevelacionfm.cl\/wp-content\/uploads\/2025\/10\/Hospital-Chile-Chico-2025-1-1-600x400.jpg 600w\" sizes=\"(max-width: 900px) 100vw, 900px\" \/><\/div><\/div><\/div><\/div><div class=\"flex_column av_one_full  flex_column_div av-zero-column-padding first  avia-builder-el-2  el_after_av_one_full  el_before_av_one_full  column-top-margin\" style='border-radius:0px; '><section class=\"av_textblock_section \"  itemscope=\"itemscope\" itemtype=\"https:\/\/schema.org\/BlogPosting\" itemprop=\"blogPost\" ><div class='avia_textblock  '   itemprop=\"text\" ><p style=\"text-align: center;\"><strong><span style=\"font-size: 18pt;\">Aprueban proyecto que permitir\u00eda una unidad de di\u00e1lisis en el nuevo Hospital de Chile Chico<\/span><\/strong><\/p>\n<div id=\"gtx-trans\" style=\"position: absolute; left: -50px; top: 4.31534px;\">\n<div class=\"gtx-trans-icon\"><\/div>\n<\/div>\n<\/div><\/section><\/div><div class=\"flex_column av_one_full  flex_column_div av-zero-column-padding first  avia-builder-el-4  el_after_av_one_full  el_before_av_hr  column-top-margin\" style='border-radius:0px; '><section class=\"av_textblock_section \"  itemscope=\"itemscope\" itemtype=\"https:\/\/schema.org\/BlogPosting\" itemprop=\"blogPost\" ><div class='avia_textblock  '   itemprop=\"text\" ><p style=\"font-weight: 400; text-align: justify;\"><em>El requerimiento de la unidad de di\u00e1lisis en la ciudad del Sol ha sido tambi\u00e9n impulsado por el Concejo Municipal y organizaciones sociales de la localidad, lo que fue respaldado desde la C\u00e1mara por la diputada Raphael.<\/em><\/p>\n<p style=\"font-weight: 400; text-align: justify;\">Por unanimidad\u00a0en la C\u00e1mara de Diputados se\u00a0aprob\u00f3 el proyecto de resoluci\u00f3n presentado por la diputada\u00a0(RN),\u00a0Marcia Raphael Mora, en el que solicita al Ministerio de Salud la instalaci\u00f3n de una unidad de di\u00e1lisis en el nuevo Hospital de Chile Chico, actualmente en marcha blanca.<\/p>\n<p style=\"font-weight: 400; text-align: justify;\">La iniciativa busca responder a una necesidad de los habitantes de la Provincia de General Carrera y alrededores, quienes\u00a0deben realizar importantes esfuerzos econ\u00f3micos, log\u00edsticos y otros a nivel familiar para poder acceder a tratamientos de di\u00e1lisis\u00a0en la capital regional, principalmente.<\/p>\n<p style=\"font-weight: 400; text-align: justify;\">En la intervenci\u00f3n realizada en sala, la diputada, Marcia Raphael explic\u00f3 que\u00a0\u201clos pacientes de di\u00e1lisis de nuestra\u00a0Regi\u00f3n de Ays\u00e9n deben realizar enormes sacrificios, ya que existen localidades ubicadas a seis, ocho o incluso m\u00e1s horas de distancia de Coyhaique o Puerto Ays\u00e9n, donde se concentran los servicios de salud especializados. Por ende, esta situaci\u00f3n los obliga, muchas veces, a cambiar su lugar de residencia, perdiendo su arraigo social y familiar\u00a0debido a los requerimientos propios del tratamiento\u201d.<\/p>\n<p style=\"font-weight: 400; text-align: justify;\">La diputada detall\u00f3 a sus pares que esta realidad genera altos costos tambi\u00e9n para algunos\u00a0municipios y servicios sociales, que deben destinar recursos para transporte y alojamiento de los pacientes que se trasladan regularmente a las ciudades donde est\u00e1n los centros de di\u00e1lisis.<\/p>\n<p style=\"font-weight: 400; text-align: justify;\">En ese contexto, destac\u00f3 que la puesta en marcha del nuevo hospital de Chile Chico hab\u00eda generado \u201cuna gran expectativa\u201d entre los habitantes de la comuna y de localidades cercanas, quienes esperaban que el recinto contara con esta prestaci\u00f3n. Sin embargo, el dise\u00f1o actual no contempla una unidad de di\u00e1lisis, frustrando dicho anhelo.<\/p>\n<p style=\"font-weight: 400; text-align: justify;\">\u201cPor eso presentamos este proyecto de resoluci\u00f3n, para que el Ejecutivo y el Ministerio de Salud consideren la posibilidad de instalar una unidad de di\u00e1lisis en el hospital de Chile Chico, tal como tambi\u00e9n lo ha solicitado el propio alcalde de la comuna\u201d, enfatiz\u00f3\u00a0la parlamentaria.<\/p>\n<p style=\"font-weight: 400; text-align: justify;\">\u201cA trav\u00e9s de este proyecto, adem\u00e1s de solicitar implementar la unidad en este Hospital, podr\u00edan tambi\u00e9n\u00a0reducirse\u00a0los traslados, aliviar el gasto p\u00fablico asociado a subsidios y mejorar significativamente la calidad de vida de los pacientes con enfermedad renal que se encuentran en la zona sur de la regi\u00f3n\u201d, concluy\u00f3 la diputada Marcia Raphael.<\/p>\n<\/div><\/section><\/div><div  style='height:50px' class='hr hr-invisible   avia-builder-el-6  el_after_av_one_full  el_before_av_social_share '><span class='hr-inner ' ><span class='hr-inner-style'><\/span><\/span><\/div><\/p>\n<div  class='av-social-sharing-box  avia-builder-el-7  el_after_av_hr  el_before_av_hr  '><div class='av-share-box'><h5 class='av-share-link-description av-no-toc '>Compartir esta noticia<\/h5><ul class='av-share-box-list noLightbox'><li class='av-share-link av-social-link-facebook' ><a target=\"_blank\" aria-label=\"Compartir en Facebook\" href='https:\/\/www.facebook.com\/sharer.php?u=https:\/\/radiorevelacionfm.cl\/?p=60021&#038;t=Aprueban%20proyecto%20que%20permitir%C3%ADa%20una%20unidad%20de%20di%C3%A1lisis%20en%20el%20nuevo%20Hospital%20de%20Chile%20Chico' aria-hidden='false' data-av_icon='\ue8f3' data-av_iconfont='entypo-fontello' title='' data-avia-related-tooltip='Compartir en Facebook' rel=\"noopener\"><span class='avia_hidden_link_text'>Compartir en Facebook<\/span><\/a><\/li><li class='av-share-link av-social-link-twitter' ><a target=\"_blank\" aria-label=\"Compartir en Twitter\" href='https:\/\/twitter.com\/share?text=Aprueban%20proyecto%20que%20permitir%C3%ADa%20una%20unidad%20de%20di%C3%A1lisis%20en%20el%20nuevo%20Hospital%20de%20Chile%20Chico&#038;url=https:\/\/radiorevelacionfm.cl\/?p=60021' aria-hidden='false' data-av_icon='\ue8f1' data-av_iconfont='entypo-fontello' title='' data-avia-related-tooltip='Compartir en Twitter' rel=\"noopener\"><span class='avia_hidden_link_text'>Compartir en Twitter<\/span><\/a><\/li><li class='av-share-link av-social-link-whatsapp' ><a target=\"_blank\" aria-label=\"Compartir en Whatsapp\" href='https:\/\/api.whatsapp.com\/send?text=https:\/\/radiorevelacionfm.cl\/?p=60021' aria-hidden='false' data-av_icon='\uf232' data-av_iconfont='entypo-fontello' title='' data-avia-related-tooltip='Compartir en Whatsapp' rel=\"noopener\"><span class='avia_hidden_link_text'>Compartir en Whatsapp<\/span><\/a><\/li><li class='av-share-link av-social-link-linkedin' ><a target=\"_blank\" aria-label=\"Compartir en LinkedIn\" href='https:\/\/linkedin.com\/shareArticle?mini=true&#038;title=Aprueban%20proyecto%20que%20permitir%C3%ADa%20una%20unidad%20de%20di%C3%A1lisis%20en%20el%20nuevo%20Hospital%20de%20Chile%20Chico&#038;url=https:\/\/radiorevelacionfm.cl\/?p=60021' aria-hidden='false' data-av_icon='\ue8fc' data-av_iconfont='entypo-fontello' title='' data-avia-related-tooltip='Compartir en LinkedIn' rel=\"noopener\"><span class='avia_hidden_link_text'>Compartir en LinkedIn<\/span><\/a><\/li><li class='av-share-link av-social-link-mail' ><a  aria-label=\"Compartir por correo\" href='mailto:?subject=Aprueban%20proyecto%20que%20permitir%C3%ADa%20una%20unidad%20de%20di%C3%A1lisis%20en%20el%20nuevo%20Hospital%20de%20Chile%20Chico&#038;body=https:\/\/radiorevelacionfm.cl\/?p=60021' aria-hidden='false' data-av_icon='\ue805' data-av_iconfont='entypo-fontello' title='' data-avia-related-tooltip='Compartir por correo'><span class='avia_hidden_link_text'>Compartir por correo<\/span><\/a><\/li><\/ul><\/div><\/div>\n<div  style='height:50px' class='hr hr-invisible   avia-builder-el-8  el_after_av_social_share  el_before_av_comments_list '><span class='hr-inner ' ><span class='hr-inner-style'><\/span><\/span><\/div>\n<div  class='av-buildercomment  av-blog-meta-html-info-disabled av-blog-meta-tag-disabled  '><\/div>\n","protected":false},"excerpt":{"rendered":"","protected":false},"author":1,"featured_media":60022,"comment_status":"closed","ping_status":"closed","sticky":false,"template":"","format":"standard","meta":{"footnotes":""},"categories":[38],"tags":[],"class_list":["post-60021","post","type-post","status-publish","format-standard","has-post-thumbnail","hentry","category-regional"],"jetpack_featured_media_url":"https:\/\/radiorevelacionfm.cl\/wp-content\/uploads\/2025\/10\/Hospital-Chile-Chico-2025-1-1.jpg","_links":{"self":[{"href":"https:\/\/radiorevelacionfm.cl\/index.php?rest_route=\/wp\/v2\/posts\/60021","targetHints":{"allow":["GET"]}}],"collection":[{"href":"https:\/\/radiorevelacionfm.cl\/index.php?rest_route=\/wp\/v2\/posts"}],"about":[{"href":"https:\/\/radiorevelacionfm.cl\/index.php?rest_route=\/wp\/v2\/types\/post"}],"author":[{"embeddable":true,"href":"https:\/\/radiorevelacionfm.cl\/index.php?rest_route=\/wp\/v2\/users\/1"}],"replies":[{"embeddable":true,"href":"https:\/\/radiorevelacionfm.cl\/index.php?rest_route=%2Fwp%2Fv2%2Fcomments&post=60021"}],"version-history":[{"count":2,"href":"https:\/\/radiorevelacionfm.cl\/index.php?rest_route=\/wp\/v2\/posts\/60021\/revisions"}],"predecessor-version":[{"id":60026,"href":"https:\/\/radiorevelacionfm.cl\/index.php?rest_route=\/wp\/v2\/posts\/60021\/revisions\/60026"}],"wp:featuredmedia":[{"embeddable":true,"href":"https:\/\/radiorevelacionfm.cl\/index.php?rest_route=\/wp\/v2\/media\/60022"}],"wp:attachment":[{"href":"https:\/\/radiorevelacionfm.cl\/index.php?rest_route=%2Fwp%2Fv2%2Fmedia&parent=60021"}],"wp:term":[{"taxonomy":"category","embeddable":true,"href":"https:\/\/radiorevelacionfm.cl\/index.php?rest_route=%2Fwp%2Fv2%2Fcategories&post=60021"},{"taxonomy":"post_tag","embeddable":true,"href":"https:\/\/radiorevelacionfm.cl\/index.php?rest_route=%2Fwp%2Fv2%2Ftags&post=60021"}],"curies":[{"name":"wp","href":"https:\/\/api.w.org\/{rel}","templated":true}]}}