{"id":6002,"date":"2021-07-07T10:50:04","date_gmt":"2021-07-07T13:50:04","guid":{"rendered":"https:\/\/radiorevelacionfm.cl\/?p=6002"},"modified":"2021-07-07T10:50:04","modified_gmt":"2021-07-07T13:50:04","slug":"fosis-y-barrios-prioritarios-trabajan-fortaleciendo-desarrollo-socio-comunitario-de-poblacion-ampliacion-pablo-neruda","status":"publish","type":"post","link":"https:\/\/radiorevelacionfm.cl\/?p=6002","title":{"rendered":"FOSIS y Barrios Prioritarios trabajan fortaleciendo desarrollo socio-comunitario de poblaci\u00f3n Ampliaci\u00f3n Pablo Neruda"},"content":{"rendered":"<div class=\"flex_column av_one_full  flex_column_div av-zero-column-padding first  avia-builder-el-0  el_before_av_one_full  avia-builder-el-first  \" style='border-radius:0px; '><div  class='avia-image-container  av-styling-    avia-builder-el-1  avia-builder-el-no-sibling  avia-align-center '  itemprop=\"image\" itemscope=\"itemscope\" itemtype=\"https:\/\/schema.org\/ImageObject\"  ><div class='avia-image-container-inner'><div class='avia-image-overlay-wrap'><img decoding=\"async\" class='wp-image-0 avia-img-lazy-loading-not-0 avia_image' src=\"https:\/\/radiorevelacionfm.cl\/wp-content\/uploads\/2021\/07\/bp3-1_optimized.jpg\" alt='' title=''   itemprop=\"thumbnailUrl\"  \/><\/div><\/div><\/div><\/div><div class=\"flex_column av_one_full  flex_column_div av-zero-column-padding first  avia-builder-el-2  el_after_av_one_full  el_before_av_one_full  column-top-margin\" style='border-radius:0px; '><section class=\"av_textblock_section \"  itemscope=\"itemscope\" itemtype=\"https:\/\/schema.org\/BlogPosting\" itemprop=\"blogPost\" ><div class='avia_textblock  '   itemprop=\"text\" ><p style=\"text-align: center;\"><span style=\"font-size: 18pt;\"><strong>FOSIS y Barrios Prioritarios trabajan fortaleciendo desarrollo socio-comunitario de poblaci\u00f3n Ampliaci\u00f3n Pablo Neruda <\/strong><\/span><\/p>\n<div id=\"gtx-trans\" style=\"position: absolute; left: -50px; top: 4.31534px;\">\n<div class=\"gtx-trans-icon\"><\/div>\n<\/div>\n<\/div><\/section><\/div><div class=\"flex_column av_one_full  flex_column_div av-zero-column-padding first  avia-builder-el-4  el_after_av_one_full  el_before_av_hr  column-top-margin\" style='border-radius:0px; '><section class=\"av_textblock_section \"  itemscope=\"itemscope\" itemtype=\"https:\/\/schema.org\/BlogPosting\" itemprop=\"blogPost\" ><div class='avia_textblock  '   itemprop=\"text\" ><p style=\"text-align: justify;\">El plan Barrios Prioritarios, de la Subsecretaria de Prevenci\u00f3n del Delito en convenio con el FOSIS, realiza su intervenci\u00f3n en la comuna de Coyhaique donde trabaja con las juntas de vecinos de Villa Patagonia, Comit\u00e9 Villa Bicentenario, Poblaci\u00f3n El Bosque y Achen; en este pol\u00edgono denominado Ampliaci\u00f3n Pablo Neruda.<\/p>\n<p style=\"text-align: justify;\">El trabajo que desarrolla Barrios Prioritarios se funda en 4 pilares: Policial, Comunidad, Familias y Barrios. La intervenci\u00f3n que realiza FOSIS busca fortalecer y consolidar los pilares Comunidad y Familia, poniendo en pr\u00e1ctica experiencias exitosas de participaci\u00f3n y gesti\u00f3n sociocomunitaria en el marco del programa Acci\u00f3n Local.<\/p>\n<p style=\"text-align: justify;\">Gracias a esta iniciativa se ha logrado concretar la realizaci\u00f3n de un Gobierno en Terreno, en coordinaci\u00f3n con la Gobernaci\u00f3n Provincial de Coyhaique, donde participaron Servicios P\u00fablicos, Carabineros y PDI; 5 vacunatorios Covid-19 e Influenza, 6 operativos para gestionar Pase de Movilidad, Registro Social de Hogares, postulaciones al Ingreso Familiar de Emergencia, postulaciones al Plan Recambio de Calefactores y Clave \u00danica, 9 jornadas informativas puerta a puerta y otras actividades m\u00e1s focalizadas presentando la oferta program\u00e1tica de Sernameg, Prodemu, Divisi\u00f3n de Organizaciones Sociales, Senama, Senda, Seremi de Gobierno y Gobernaci\u00f3n Provincial de Coyhaique.<\/p>\n<p style=\"text-align: justify;\">Otras entidades que han participado de las jornadas informativas puerta a puerta han sido la Seremi de Desarrollo Social y Familia, Seremi de Vivienda, Seremi de Medio Ambiente, Seremi del Deporte, Seremi de Educaci\u00f3n, Seremi de Bienes Nacionales, Seremi de la Mujer y Equidad de G\u00e9nero, Seremi de Energ\u00eda y la Gobernaci\u00f3n Provincial de Coyhaique.<\/p>\n<p style=\"text-align: justify;\">Ver\u00f3nica Legue, presidenta de la Junta de Vecinos Achen Ampliaci\u00f3n Pablo Neruda en Coyhaique, destac\u00f3 la labor del Barrios Prioritarios y asegur\u00f3 que \u201cha sido muy importante especialmente en la etapa en que estamos nosotros con esta pandemia. El trabajo que han hecho ellos, en haber tra\u00eddo a todos los Servicios P\u00fablicos a nuestra sede, el puerta a puerta que realizaron, preocupados de los vecinos, para apoyar que la gente pueda postular al IFE, sacar clave \u00fanica y la vacunaci\u00f3n ha sido muy importante. Ac\u00e1 los vecinos est\u00e1n felices con el trabajo que se ha hecho Barrios Prioritarios y con las autoridades en terreno y todos los servicios p\u00fablicos. Felices y contentos por este tremendo trabajo que se ha hecho, traer un Gobierno en Terreno a una poblaci\u00f3n en tiempos de pandemia ha sido muy bueno, ya que la gente ha hecho sus tr\u00e1mites ac\u00e1 si la necesidad de bajar al centro.\u201d<\/p>\n<p style=\"text-align: justify;\">Dominique Br\u00e4utigam, Directora Regional del FOSIS en Ays\u00e9n, destac\u00f3 la labor conjunta que se ha llevado a cabo gracias a al plan Barrios Prioritarios en Coyhaique. \u201cEn apoyo a la Subsecretar\u00eda de Prevenci\u00f3n del Delito, hemos estado trabajando en terreno con 4 juntas de vecinos, acerando a los vecinos a las distintas ofertas program\u00e1ticas del Estado, donde se han sumado diversos Servicios P\u00fablicos que nos han apoyado en esta tarea. Gracias a esta iniciativa hemos podido canalizar las demandas, requerimientos y necesidades para ir en apoyo de cada uno de los vecinos. Se agradece este trabajo colaborativo que se enmarca en el programa Barrios en Acci\u00f3n, que ejecuta FOSIS gracias al apoyo de la Subsecretar\u00eda de Prevenci\u00f3n del Delito y que nos permitir\u00e1 financiar una iniciativa que puedan priorizar los vecinos y vecinas de este sector, apuntando a mejorar su calidad de vida y bienestar colectivo.\u201d<\/p>\n<p style=\"text-align: justify;\">Rodrigo Solo de Zald\u00edvar, Coordinador Regional de Seguridad P\u00fablica de la Subsecretar\u00eda de Prevenci\u00f3n del Delito, asegur\u00f3 que Barrios Prioritarios \u201cse inici\u00f3 en 2019 con un estudio que se realiz\u00f3 en terreno con las Polic\u00edas y la Municipalidad de Coyhaique. En base a esto se identific\u00f3 un pol\u00edgono que considera 4 poblaciones donde se realizaron jornadas exploratorias junto a otras instituciones, las que nos dieron a conocer qu\u00e9 pod\u00edamos ofertar en este sector. Se hizo un trabajo conjunto con FOSIS donde contamos con nuestra Coordinadora Barrial, Ana Mar\u00eda Gallardo. Gracias a la labor conjunta hemos podido introducir oferta program\u00e1tica y beneficios de diferentes instituciones que el Gobierno tiene disponible en este momento. El convenio con FOSIS ha sido primordial, ya que hemos podido trabajar a la par y se considera un programa de Barrios en Acci\u00f3n donde se va a trabajar con este pol\u00edgono.\u201d<\/p>\n<p style=\"text-align: justify;\">El programa Barrios en Acci\u00f3n, pr\u00f3ximo a ejecutarse con Barrios Prioritarios, busca mitigar los efectos del debilitamiento del capital social, a trav\u00e9s del fortalecimiento de las capacidades de gesti\u00f3n sociocomunitaria, integraci\u00f3n social de barrios prioritarios y el fortalecimiento de alianzas p\u00fablico-privadas.<\/p>\n<\/div><\/section><\/div><div  style='height:50px' class='hr hr-invisible   avia-builder-el-6  el_after_av_one_full  el_before_av_social_share '><span class='hr-inner ' ><span class='hr-inner-style'><\/span><\/span><\/div><\/p>\n<div  class='av-social-sharing-box  avia-builder-el-7  el_after_av_hr  el_before_av_hr  '><div class='av-share-box'><h5 class='av-share-link-description av-no-toc '>Compartir esta noticia<\/h5><ul class='av-share-box-list noLightbox'><li class='av-share-link av-social-link-facebook' ><a target=\"_blank\" aria-label=\"Compartir en Facebook\" href='https:\/\/www.facebook.com\/sharer.php?u=https:\/\/radiorevelacionfm.cl\/?p=6002&#038;t=FOSIS%20y%20Barrios%20Prioritarios%20trabajan%20fortaleciendo%20desarrollo%20socio-comunitario%20de%20poblaci%C3%B3n%20Ampliaci%C3%B3n%20Pablo%20Neruda' aria-hidden='false' data-av_icon='\ue8f3' data-av_iconfont='entypo-fontello' title='' data-avia-related-tooltip='Compartir en Facebook' rel=\"noopener\"><span class='avia_hidden_link_text'>Compartir en Facebook<\/span><\/a><\/li><li class='av-share-link av-social-link-twitter' ><a target=\"_blank\" aria-label=\"Compartir en Twitter\" href='https:\/\/twitter.com\/share?text=FOSIS%20y%20Barrios%20Prioritarios%20trabajan%20fortaleciendo%20desarrollo%20socio-comunitario%20de%20poblaci%C3%B3n%20Ampliaci%C3%B3n%20Pablo%20Neruda&#038;url=https:\/\/radiorevelacionfm.cl\/?p=6002' aria-hidden='false' data-av_icon='\ue8f1' data-av_iconfont='entypo-fontello' title='' data-avia-related-tooltip='Compartir en Twitter' rel=\"noopener\"><span class='avia_hidden_link_text'>Compartir en Twitter<\/span><\/a><\/li><li class='av-share-link av-social-link-whatsapp' ><a target=\"_blank\" aria-label=\"Compartir en Whatsapp\" href='https:\/\/api.whatsapp.com\/send?text=https:\/\/radiorevelacionfm.cl\/?p=6002' aria-hidden='false' data-av_icon='\uf232' data-av_iconfont='entypo-fontello' title='' data-avia-related-tooltip='Compartir en Whatsapp' rel=\"noopener\"><span class='avia_hidden_link_text'>Compartir en Whatsapp<\/span><\/a><\/li><li class='av-share-link av-social-link-linkedin' ><a target=\"_blank\" aria-label=\"Compartir en LinkedIn\" href='https:\/\/linkedin.com\/shareArticle?mini=true&#038;title=FOSIS%20y%20Barrios%20Prioritarios%20trabajan%20fortaleciendo%20desarrollo%20socio-comunitario%20de%20poblaci%C3%B3n%20Ampliaci%C3%B3n%20Pablo%20Neruda&#038;url=https:\/\/radiorevelacionfm.cl\/?p=6002' aria-hidden='false' data-av_icon='\ue8fc' data-av_iconfont='entypo-fontello' title='' data-avia-related-tooltip='Compartir en LinkedIn' rel=\"noopener\"><span class='avia_hidden_link_text'>Compartir en LinkedIn<\/span><\/a><\/li><li class='av-share-link av-social-link-mail' ><a  aria-label=\"Compartir por correo\" href='mailto:?subject=FOSIS%20y%20Barrios%20Prioritarios%20trabajan%20fortaleciendo%20desarrollo%20socio-comunitario%20de%20poblaci%C3%B3n%20Ampliaci%C3%B3n%20Pablo%20Neruda&#038;body=https:\/\/radiorevelacionfm.cl\/?p=6002' aria-hidden='false' data-av_icon='\ue805' data-av_iconfont='entypo-fontello' title='' data-avia-related-tooltip='Compartir por correo'><span class='avia_hidden_link_text'>Compartir por correo<\/span><\/a><\/li><\/ul><\/div><\/div>\n<div  style='height:50px' class='hr hr-invisible   avia-builder-el-8  el_after_av_social_share  el_before_av_comments_list '><span class='hr-inner ' ><span class='hr-inner-style'><\/span><\/span><\/div>\n<div  class='av-buildercomment  av-blog-meta-html-info-disabled av-blog-meta-tag-disabled  '><\/div>\n","protected":false},"excerpt":{"rendered":"","protected":false},"author":1,"featured_media":0,"comment_status":"open","ping_status":"open","sticky":false,"template":"","format":"standard","meta":{"footnotes":""},"categories":[38],"tags":[],"class_list":["post-6002","post","type-post","status-publish","format-standard","hentry","category-regional"],"jetpack_featured_media_url":"","_links":{"self":[{"href":"https:\/\/radiorevelacionfm.cl\/index.php?rest_route=\/wp\/v2\/posts\/6002","targetHints":{"allow":["GET"]}}],"collection":[{"href":"https:\/\/radiorevelacionfm.cl\/index.php?rest_route=\/wp\/v2\/posts"}],"about":[{"href":"https:\/\/radiorevelacionfm.cl\/index.php?rest_route=\/wp\/v2\/types\/post"}],"author":[{"embeddable":true,"href":"https:\/\/radiorevelacionfm.cl\/index.php?rest_route=\/wp\/v2\/users\/1"}],"replies":[{"embeddable":true,"href":"https:\/\/radiorevelacionfm.cl\/index.php?rest_route=%2Fwp%2Fv2%2Fcomments&post=6002"}],"version-history":[{"count":1,"href":"https:\/\/radiorevelacionfm.cl\/index.php?rest_route=\/wp\/v2\/posts\/6002\/revisions"}],"predecessor-version":[{"id":6004,"href":"https:\/\/radiorevelacionfm.cl\/index.php?rest_route=\/wp\/v2\/posts\/6002\/revisions\/6004"}],"wp:attachment":[{"href":"https:\/\/radiorevelacionfm.cl\/index.php?rest_route=%2Fwp%2Fv2%2Fmedia&parent=6002"}],"wp:term":[{"taxonomy":"category","embeddable":true,"href":"https:\/\/radiorevelacionfm.cl\/index.php?rest_route=%2Fwp%2Fv2%2Fcategories&post=6002"},{"taxonomy":"post_tag","embeddable":true,"href":"https:\/\/radiorevelacionfm.cl\/index.php?rest_route=%2Fwp%2Fv2%2Ftags&post=6002"}],"curies":[{"name":"wp","href":"https:\/\/api.w.org\/{rel}","templated":true}]}}