{"id":60014,"date":"2025-10-06T21:28:37","date_gmt":"2025-10-07T00:28:37","guid":{"rendered":"https:\/\/radiorevelacionfm.cl\/?p=60014"},"modified":"2025-10-06T21:28:37","modified_gmt":"2025-10-07T00:28:37","slug":"edelaysen-avanza-con-multiples-frentes-de-trabajo-para-reponer-suministro-en-la-zona-sur-de-la-region-de-aysen","status":"publish","type":"post","link":"https:\/\/radiorevelacionfm.cl\/?p=60014","title":{"rendered":"Edelaysen avanza con m\u00faltiples frentes de trabajo para reponer suministro en la zona sur de la Regi\u00f3n de Ays\u00e9n"},"content":{"rendered":"<div class=\"flex_column av_one_full  flex_column_div av-zero-column-padding first  avia-builder-el-0  el_before_av_one_full  avia-builder-el-first  \" style='border-radius:0px; '><div  class='avia-image-container  av-styling-    avia-builder-el-1  avia-builder-el-no-sibling  avia-align-center '  itemprop=\"image\" itemscope=\"itemscope\" itemtype=\"https:\/\/schema.org\/ImageObject\"  ><div class='avia-image-container-inner'><div class='avia-image-overlay-wrap'><img decoding=\"async\" class='wp-image-60015 avia-img-lazy-loading-not-60015 avia_image' src=\"https:\/\/radiorevelacionfm.cl\/wp-content\/uploads\/2025\/10\/emergencia-climaetica-20-1-1.jpeg\" alt='' title='emergencia clima\u011btica 20 (1) (1)' height=\"660\" width=\"803\"  itemprop=\"thumbnailUrl\" srcset=\"https:\/\/radiorevelacionfm.cl\/wp-content\/uploads\/2025\/10\/emergencia-climaetica-20-1-1.jpeg 803w, https:\/\/radiorevelacionfm.cl\/wp-content\/uploads\/2025\/10\/emergencia-climaetica-20-1-1-300x247.jpeg 300w, https:\/\/radiorevelacionfm.cl\/wp-content\/uploads\/2025\/10\/emergencia-climaetica-20-1-1-768x631.jpeg 768w, https:\/\/radiorevelacionfm.cl\/wp-content\/uploads\/2025\/10\/emergencia-climaetica-20-1-1-705x579.jpeg 705w, https:\/\/radiorevelacionfm.cl\/wp-content\/uploads\/2025\/10\/emergencia-climaetica-20-1-1-450x370.jpeg 450w, https:\/\/radiorevelacionfm.cl\/wp-content\/uploads\/2025\/10\/emergencia-climaetica-20-1-1-600x493.jpeg 600w\" sizes=\"(max-width: 803px) 100vw, 803px\" \/><\/div><\/div><\/div><\/div><div class=\"flex_column av_one_full  flex_column_div av-zero-column-padding first  avia-builder-el-2  el_after_av_one_full  el_before_av_one_full  column-top-margin\" style='border-radius:0px; '><section class=\"av_textblock_section \"  itemscope=\"itemscope\" itemtype=\"https:\/\/schema.org\/BlogPosting\" itemprop=\"blogPost\" ><div class='avia_textblock  '   itemprop=\"text\" ><p style=\"text-align: center;\"><strong><span style=\"font-size: 18pt;\">Edelaysen avanza con m\u00faltiples frentes de trabajo para reponer suministro en la zona sur de la Regi\u00f3n de Ays\u00e9n<\/span><\/strong><\/p>\n<div id=\"gtx-trans\" style=\"position: absolute; left: -50px; top: 4.31534px;\">\n<div class=\"gtx-trans-icon\"><\/div>\n<\/div>\n<\/div><\/section><\/div><div class=\"flex_column av_one_full  flex_column_div av-zero-column-padding first  avia-builder-el-4  el_after_av_one_full  el_before_av_hr  column-top-margin\" style='border-radius:0px; '><section class=\"av_textblock_section \"  itemscope=\"itemscope\" itemtype=\"https:\/\/schema.org\/BlogPosting\" itemprop=\"blogPost\" ><div class='avia_textblock  '   itemprop=\"text\" ><p style=\"text-align: justify;\"><em>Durante la jornada de este lunes personal t\u00e9cnico ejecuta diversas labores entre Bah\u00eda Murta y Puerto S\u00e1nchez, enfocadas en la reparaci\u00f3n de estructuras da\u00f1adas y el restablecimiento progresivo del servicio el\u00e9ctrico.<\/em><\/p>\n<p style=\"text-align: justify;\">Edelaysen inform\u00f3 que mantiene sus equipos t\u00e9cnicos desplegados en la comuna de R\u00edo Ib\u00e1\u00f1ez, continuando las labores de reposici\u00f3n del suministro el\u00e9ctrico entre los sectores de Bah\u00eda Murta y Puerto S\u00e1nchez, afectados por los fuertes vientos que provocaron da\u00f1os en la red el\u00e9ctrica producto de ca\u00edda de \u00e1rboles y ramas sobre las l\u00edneas.<\/p>\n<p style=\"text-align: justify;\">Durante la jornada, las brigadas pesadas han trabajado de forma continua en los mismos puntos cr\u00edticos identificados previamente, realizando reposici\u00f3n de tramos da\u00f1ados, nivelaci\u00f3n de estructuras y despeje de vegetaci\u00f3n. Las principales dificultades se deben a los desplazamientos a pie, ya que en varios sectores los accesos vehiculares permanecen inhabilitados, obligando al personal a transportar manualmente herramientas y equipamiento. A esto se suma el inicio de una lluvia leve, que ha complejizado las condiciones del trabajo en terreno.<\/p>\n<p style=\"text-align: justify;\">En tanto, el personal de operaciones, junto al equipo de supervisi\u00f3n en terreno, ya concluy\u00f3 sus labores iniciales y se reincorpor\u00f3 durante la tarde para apoyar directamente a las brigadas que trabajan en la zona m\u00e1s compleja. El plan contempla mantener los trabajos hasta entrada la noche, con el objetivo de seguir avanzando hacia el sector del cementerio de Murta y lograr nuevos progresos en la reposici\u00f3n del servicio.<\/p>\n<p style=\"text-align: justify;\">\u201cSabemos que las condiciones en terreno son exigentes, pero nuestros equipos est\u00e1n trabajando con compromiso y todos los recursos disponibles para llegar a los sectores m\u00e1s afectados. Agradecemos la comprensi\u00f3n de nuestros vecinos y la colaboraci\u00f3n de las autoridades, que han sido fundamentales para avanzar con seguridad\u201d, se\u00f1al\u00f3 Juan Cifra, jefe de distribuci\u00f3n de Edelaysen.<\/p>\n<p style=\"text-align: justify;\">Edelaysen reiter\u00f3 su compromiso con la comunidad de R\u00edo Ib\u00e1\u00f1ez y destac\u00f3 que continuar\u00e1 informando los avances de los trabajos, priorizando siempre la seguridad del personal y la pronta recuperaci\u00f3n del suministro el\u00e9ctrico.<\/p>\n<\/div><\/section><\/div><div  style='height:50px' class='hr hr-invisible   avia-builder-el-6  el_after_av_one_full  el_before_av_social_share '><span class='hr-inner ' ><span class='hr-inner-style'><\/span><\/span><\/div><\/p>\n<div  class='av-social-sharing-box  avia-builder-el-7  el_after_av_hr  el_before_av_hr  '><div class='av-share-box'><h5 class='av-share-link-description av-no-toc '>Compartir esta noticia<\/h5><ul class='av-share-box-list noLightbox'><li class='av-share-link av-social-link-facebook' ><a target=\"_blank\" aria-label=\"Compartir en Facebook\" href='https:\/\/www.facebook.com\/sharer.php?u=https:\/\/radiorevelacionfm.cl\/?p=60014&#038;t=Edelaysen%20avanza%20con%20m%C3%BAltiples%20frentes%20de%20trabajo%20para%20reponer%20suministro%20en%20la%20zona%20sur%20de%20la%20Regi%C3%B3n%20de%20Ays%C3%A9n' aria-hidden='false' data-av_icon='\ue8f3' data-av_iconfont='entypo-fontello' title='' data-avia-related-tooltip='Compartir en Facebook' rel=\"noopener\"><span class='avia_hidden_link_text'>Compartir en Facebook<\/span><\/a><\/li><li class='av-share-link av-social-link-twitter' ><a target=\"_blank\" aria-label=\"Compartir en Twitter\" href='https:\/\/twitter.com\/share?text=Edelaysen%20avanza%20con%20m%C3%BAltiples%20frentes%20de%20trabajo%20para%20reponer%20suministro%20en%20la%20zona%20sur%20de%20la%20Regi%C3%B3n%20de%20Ays%C3%A9n&#038;url=https:\/\/radiorevelacionfm.cl\/?p=60014' aria-hidden='false' data-av_icon='\ue8f1' data-av_iconfont='entypo-fontello' title='' data-avia-related-tooltip='Compartir en Twitter' rel=\"noopener\"><span class='avia_hidden_link_text'>Compartir en Twitter<\/span><\/a><\/li><li class='av-share-link av-social-link-whatsapp' ><a target=\"_blank\" aria-label=\"Compartir en Whatsapp\" href='https:\/\/api.whatsapp.com\/send?text=https:\/\/radiorevelacionfm.cl\/?p=60014' aria-hidden='false' data-av_icon='\uf232' data-av_iconfont='entypo-fontello' title='' data-avia-related-tooltip='Compartir en Whatsapp' rel=\"noopener\"><span class='avia_hidden_link_text'>Compartir en Whatsapp<\/span><\/a><\/li><li class='av-share-link av-social-link-linkedin' ><a target=\"_blank\" aria-label=\"Compartir en LinkedIn\" href='https:\/\/linkedin.com\/shareArticle?mini=true&#038;title=Edelaysen%20avanza%20con%20m%C3%BAltiples%20frentes%20de%20trabajo%20para%20reponer%20suministro%20en%20la%20zona%20sur%20de%20la%20Regi%C3%B3n%20de%20Ays%C3%A9n&#038;url=https:\/\/radiorevelacionfm.cl\/?p=60014' aria-hidden='false' data-av_icon='\ue8fc' data-av_iconfont='entypo-fontello' title='' data-avia-related-tooltip='Compartir en LinkedIn' rel=\"noopener\"><span class='avia_hidden_link_text'>Compartir en LinkedIn<\/span><\/a><\/li><li class='av-share-link av-social-link-mail' ><a  aria-label=\"Compartir por correo\" href='mailto:?subject=Edelaysen%20avanza%20con%20m%C3%BAltiples%20frentes%20de%20trabajo%20para%20reponer%20suministro%20en%20la%20zona%20sur%20de%20la%20Regi%C3%B3n%20de%20Ays%C3%A9n&#038;body=https:\/\/radiorevelacionfm.cl\/?p=60014' aria-hidden='false' data-av_icon='\ue805' data-av_iconfont='entypo-fontello' title='' data-avia-related-tooltip='Compartir por correo'><span class='avia_hidden_link_text'>Compartir por correo<\/span><\/a><\/li><\/ul><\/div><\/div>\n<div  style='height:50px' class='hr hr-invisible   avia-builder-el-8  el_after_av_social_share  el_before_av_comments_list '><span class='hr-inner ' ><span class='hr-inner-style'><\/span><\/span><\/div>\n<div  class='av-buildercomment  av-blog-meta-html-info-disabled av-blog-meta-tag-disabled  '><\/div>\n","protected":false},"excerpt":{"rendered":"","protected":false},"author":1,"featured_media":60015,"comment_status":"closed","ping_status":"closed","sticky":false,"template":"","format":"standard","meta":{"footnotes":""},"categories":[38],"tags":[],"class_list":["post-60014","post","type-post","status-publish","format-standard","has-post-thumbnail","hentry","category-regional"],"jetpack_featured_media_url":"https:\/\/radiorevelacionfm.cl\/wp-content\/uploads\/2025\/10\/emergencia-climaetica-20-1-1.jpeg","_links":{"self":[{"href":"https:\/\/radiorevelacionfm.cl\/index.php?rest_route=\/wp\/v2\/posts\/60014","targetHints":{"allow":["GET"]}}],"collection":[{"href":"https:\/\/radiorevelacionfm.cl\/index.php?rest_route=\/wp\/v2\/posts"}],"about":[{"href":"https:\/\/radiorevelacionfm.cl\/index.php?rest_route=\/wp\/v2\/types\/post"}],"author":[{"embeddable":true,"href":"https:\/\/radiorevelacionfm.cl\/index.php?rest_route=\/wp\/v2\/users\/1"}],"replies":[{"embeddable":true,"href":"https:\/\/radiorevelacionfm.cl\/index.php?rest_route=%2Fwp%2Fv2%2Fcomments&post=60014"}],"version-history":[{"count":2,"href":"https:\/\/radiorevelacionfm.cl\/index.php?rest_route=\/wp\/v2\/posts\/60014\/revisions"}],"predecessor-version":[{"id":60017,"href":"https:\/\/radiorevelacionfm.cl\/index.php?rest_route=\/wp\/v2\/posts\/60014\/revisions\/60017"}],"wp:featuredmedia":[{"embeddable":true,"href":"https:\/\/radiorevelacionfm.cl\/index.php?rest_route=\/wp\/v2\/media\/60015"}],"wp:attachment":[{"href":"https:\/\/radiorevelacionfm.cl\/index.php?rest_route=%2Fwp%2Fv2%2Fmedia&parent=60014"}],"wp:term":[{"taxonomy":"category","embeddable":true,"href":"https:\/\/radiorevelacionfm.cl\/index.php?rest_route=%2Fwp%2Fv2%2Fcategories&post=60014"},{"taxonomy":"post_tag","embeddable":true,"href":"https:\/\/radiorevelacionfm.cl\/index.php?rest_route=%2Fwp%2Fv2%2Ftags&post=60014"}],"curies":[{"name":"wp","href":"https:\/\/api.w.org\/{rel}","templated":true}]}}