{"id":60009,"date":"2025-10-06T19:40:01","date_gmt":"2025-10-06T22:40:01","guid":{"rendered":"https:\/\/radiorevelacionfm.cl\/?p=60009"},"modified":"2025-10-06T19:40:01","modified_gmt":"2025-10-06T22:40:01","slug":"equipos-viales-rompen-y-cruzan-rodado-abren-ruta-7-sur-para-el-transito-vehicular-y-conectividad-de-la-comunidad","status":"publish","type":"post","link":"https:\/\/radiorevelacionfm.cl\/?p=60009","title":{"rendered":"Equipos viales rompen y cruzan rodado: Abren Ruta 7 Sur para el tr\u00e1nsito vehicular y conectividad de la comunidad"},"content":{"rendered":"<div class=\"flex_column av_one_full  flex_column_div av-zero-column-padding first  avia-builder-el-0  el_before_av_one_full  avia-builder-el-first  \" style='border-radius:0px; '><div  class='avia-image-container  av-styling-    avia-builder-el-1  avia-builder-el-no-sibling  avia-align-center '  itemprop=\"image\" itemscope=\"itemscope\" itemtype=\"https:\/\/schema.org\/ImageObject\"  ><div class='avia-image-container-inner'><div class='avia-image-overlay-wrap'><img decoding=\"async\" class='wp-image-60010 avia-img-lazy-loading-not-60010 avia_image' src=\"https:\/\/radiorevelacionfm.cl\/wp-content\/uploads\/2025\/10\/IMG-20251005-WA0037-1-1.jpg\" alt='' title='IMG-20251005-WA0037 (1) (1)' height=\"600\" width=\"798\"  itemprop=\"thumbnailUrl\" srcset=\"https:\/\/radiorevelacionfm.cl\/wp-content\/uploads\/2025\/10\/IMG-20251005-WA0037-1-1.jpg 798w, https:\/\/radiorevelacionfm.cl\/wp-content\/uploads\/2025\/10\/IMG-20251005-WA0037-1-1-300x226.jpg 300w, https:\/\/radiorevelacionfm.cl\/wp-content\/uploads\/2025\/10\/IMG-20251005-WA0037-1-1-768x577.jpg 768w, https:\/\/radiorevelacionfm.cl\/wp-content\/uploads\/2025\/10\/IMG-20251005-WA0037-1-1-705x530.jpg 705w, https:\/\/radiorevelacionfm.cl\/wp-content\/uploads\/2025\/10\/IMG-20251005-WA0037-1-1-450x338.jpg 450w, https:\/\/radiorevelacionfm.cl\/wp-content\/uploads\/2025\/10\/IMG-20251005-WA0037-1-1-600x451.jpg 600w\" sizes=\"(max-width: 798px) 100vw, 798px\" \/><\/div><\/div><\/div><\/div><div class=\"flex_column av_one_full  flex_column_div av-zero-column-padding first  avia-builder-el-2  el_after_av_one_full  el_before_av_one_full  column-top-margin\" style='border-radius:0px; '><section class=\"av_textblock_section \"  itemscope=\"itemscope\" itemtype=\"https:\/\/schema.org\/BlogPosting\" itemprop=\"blogPost\" ><div class='avia_textblock  '   itemprop=\"text\" ><p style=\"text-align: center;\"><strong><span style=\"font-size: 18pt;\">Equipos viales rompen y cruzan rodado: Abren Ruta 7 Sur para el tr\u00e1nsito vehicular y conectividad de la comunidad<\/span><\/strong><\/p>\n<div id=\"gtx-trans\" style=\"position: absolute; left: -50px; top: 4.31534px;\">\n<div class=\"gtx-trans-icon\"><\/div>\n<\/div>\n<\/div><\/section><\/div><div class=\"flex_column av_one_full  flex_column_div av-zero-column-padding first  avia-builder-el-4  el_after_av_one_full  el_before_av_hr  column-top-margin\" style='border-radius:0px; '><section class=\"av_textblock_section \"  itemscope=\"itemscope\" itemtype=\"https:\/\/schema.org\/BlogPosting\" itemprop=\"blogPost\" ><div class='avia_textblock  '   itemprop=\"text\" ><p style=\"text-align: justify;\">Desde Cochrane viaj\u00f3 esta ma\u00f1ana hasta el sector puente Traihuanca, en el km 785 aproximado de la Ruta 7 Sur la Secretaria Regional Ministerial de Obras P\u00fablicas, Paloma Jara Vald\u00e9s junto al Delegado Presidencial de la Provincia General Carrera Crist\u00f3bal Barcel\u00f3 Veas, el Secretario Regional Ministerial de Transportes y Telecomunicaciones Hans Zimmermann Due\u00f1as y el Jefe de Contratos de Vialidad MOP regi\u00f3n de Ays\u00e9n Patricio Duran, para constatar los trabajos realizados por los equipos tanto de empresas contratistas como viales que rompieron y cruzaron el rodado de 6 mil metros c\u00fabicos y m\u00e1s de cinco metros de altura para abrir la Ruta 7 Sur definitivamente para el tr\u00e1nsito vehicular y entregar conectividad a la comunidad.<\/p>\n<p style=\"text-align: justify;\">Desde la zona de los trabajos, la Seremi del MOP Paloma Jara Vald\u00e9s, inform\u00f3 la apertura de la Ruta. \u201cEste lunes 6 de octubre, a las 17: 00 horas estamos dando apertura a la Ruta 7 Sur, en el kil\u00f3metro 785 cerca del puente Traihuanca aproximadamente, tras rodado que manten\u00eda cortada esta v\u00eda. Nos sentimos muy contentos, como Ministerio de Obras P\u00fablicas por el tremendo trabajo realizado por las empresas y por los equipos de nuestra Administraci\u00f3n Directa\u201d, destac\u00f3 la autoridad regional de Obras P\u00fablicas.<\/p>\n<p style=\"text-align: justify;\">En tanto, el Delegado Presidencial de la Provincia General Carrera, Crist\u00f3bal Barcel\u00f3 manifest\u00f3 que esta es una gran noticia, y destac\u00f3 el trabajo mancomunado que han realizado con Vialidad. \u201cHemos trabajado mano a mano con el Ministerio de Obras P\u00fablicas, en particular con la direcci\u00f3n de Vialidad, que han avanzado de una manera muy r\u00e1pida, pero tambi\u00e9n muy efectiva para poder dar continuidad a la conectividad\u201d.<\/p>\n<p style=\"text-align: justify;\">Cabe se\u00f1alar que, considerando las condiciones clim\u00e1ticas se tomar\u00e1n dos medidas. Se mantendr\u00e1 cierre preventivo nocturno desde Cerro Castillo por el norte, hasta cruce Murta por el sur, desde las 19:00 horas de hoy lunes 06 de octubre y hasta las 08:30 horas de ma\u00f1ana martes 07 de octubre; y adem\u00e1s, se mantendr\u00e1 restringido\u00a0 el tr\u00e1nsito para veh\u00edculos de hasta 20 toneladas en el km 785 aproximadamente. Ma\u00f1ana martes 07 de octubre se evaluar\u00e1 subir tonelaje, de acuerdo a funcionamiento de terrapl\u00e9n.<\/p>\n<\/div><\/section><\/div><div  style='height:50px' class='hr hr-invisible   avia-builder-el-6  el_after_av_one_full  el_before_av_social_share '><span class='hr-inner ' ><span class='hr-inner-style'><\/span><\/span><\/div><\/p>\n<div  class='av-social-sharing-box  avia-builder-el-7  el_after_av_hr  el_before_av_hr  '><div class='av-share-box'><h5 class='av-share-link-description av-no-toc '>Compartir esta noticia<\/h5><ul class='av-share-box-list noLightbox'><li class='av-share-link av-social-link-facebook' ><a target=\"_blank\" aria-label=\"Compartir en Facebook\" href='https:\/\/www.facebook.com\/sharer.php?u=https:\/\/radiorevelacionfm.cl\/?p=60009&#038;t=Equipos%20viales%20rompen%20y%20cruzan%20rodado%3A%20Abren%20Ruta%207%20Sur%20para%20el%20tr%C3%A1nsito%20vehicular%20y%20conectividad%20de%20la%20comunidad' aria-hidden='false' data-av_icon='\ue8f3' data-av_iconfont='entypo-fontello' title='' data-avia-related-tooltip='Compartir en Facebook' rel=\"noopener\"><span class='avia_hidden_link_text'>Compartir en Facebook<\/span><\/a><\/li><li class='av-share-link av-social-link-twitter' ><a target=\"_blank\" aria-label=\"Compartir en Twitter\" href='https:\/\/twitter.com\/share?text=Equipos%20viales%20rompen%20y%20cruzan%20rodado%3A%20Abren%20Ruta%207%20Sur%20para%20el%20tr%C3%A1nsito%20vehicular%20y%20conectividad%20de%20la%20comunidad&#038;url=https:\/\/radiorevelacionfm.cl\/?p=60009' aria-hidden='false' data-av_icon='\ue8f1' data-av_iconfont='entypo-fontello' title='' data-avia-related-tooltip='Compartir en Twitter' rel=\"noopener\"><span class='avia_hidden_link_text'>Compartir en Twitter<\/span><\/a><\/li><li class='av-share-link av-social-link-whatsapp' ><a target=\"_blank\" aria-label=\"Compartir en Whatsapp\" href='https:\/\/api.whatsapp.com\/send?text=https:\/\/radiorevelacionfm.cl\/?p=60009' aria-hidden='false' data-av_icon='\uf232' data-av_iconfont='entypo-fontello' title='' data-avia-related-tooltip='Compartir en Whatsapp' rel=\"noopener\"><span class='avia_hidden_link_text'>Compartir en Whatsapp<\/span><\/a><\/li><li class='av-share-link av-social-link-linkedin' ><a target=\"_blank\" aria-label=\"Compartir en LinkedIn\" href='https:\/\/linkedin.com\/shareArticle?mini=true&#038;title=Equipos%20viales%20rompen%20y%20cruzan%20rodado%3A%20Abren%20Ruta%207%20Sur%20para%20el%20tr%C3%A1nsito%20vehicular%20y%20conectividad%20de%20la%20comunidad&#038;url=https:\/\/radiorevelacionfm.cl\/?p=60009' aria-hidden='false' data-av_icon='\ue8fc' data-av_iconfont='entypo-fontello' title='' data-avia-related-tooltip='Compartir en LinkedIn' rel=\"noopener\"><span class='avia_hidden_link_text'>Compartir en LinkedIn<\/span><\/a><\/li><li class='av-share-link av-social-link-mail' ><a  aria-label=\"Compartir por correo\" href='mailto:?subject=Equipos%20viales%20rompen%20y%20cruzan%20rodado%3A%20Abren%20Ruta%207%20Sur%20para%20el%20tr%C3%A1nsito%20vehicular%20y%20conectividad%20de%20la%20comunidad&#038;body=https:\/\/radiorevelacionfm.cl\/?p=60009' aria-hidden='false' data-av_icon='\ue805' data-av_iconfont='entypo-fontello' title='' data-avia-related-tooltip='Compartir por correo'><span class='avia_hidden_link_text'>Compartir por correo<\/span><\/a><\/li><\/ul><\/div><\/div>\n<div  style='height:50px' class='hr hr-invisible   avia-builder-el-8  el_after_av_social_share  el_before_av_comments_list '><span class='hr-inner ' ><span class='hr-inner-style'><\/span><\/span><\/div>\n<div  class='av-buildercomment  av-blog-meta-html-info-disabled av-blog-meta-tag-disabled  '><\/div>\n","protected":false},"excerpt":{"rendered":"","protected":false},"author":1,"featured_media":60010,"comment_status":"closed","ping_status":"closed","sticky":false,"template":"","format":"standard","meta":{"footnotes":""},"categories":[38],"tags":[],"class_list":["post-60009","post","type-post","status-publish","format-standard","has-post-thumbnail","hentry","category-regional"],"jetpack_featured_media_url":"https:\/\/radiorevelacionfm.cl\/wp-content\/uploads\/2025\/10\/IMG-20251005-WA0037-1-1.jpg","_links":{"self":[{"href":"https:\/\/radiorevelacionfm.cl\/index.php?rest_route=\/wp\/v2\/posts\/60009","targetHints":{"allow":["GET"]}}],"collection":[{"href":"https:\/\/radiorevelacionfm.cl\/index.php?rest_route=\/wp\/v2\/posts"}],"about":[{"href":"https:\/\/radiorevelacionfm.cl\/index.php?rest_route=\/wp\/v2\/types\/post"}],"author":[{"embeddable":true,"href":"https:\/\/radiorevelacionfm.cl\/index.php?rest_route=\/wp\/v2\/users\/1"}],"replies":[{"embeddable":true,"href":"https:\/\/radiorevelacionfm.cl\/index.php?rest_route=%2Fwp%2Fv2%2Fcomments&post=60009"}],"version-history":[{"count":2,"href":"https:\/\/radiorevelacionfm.cl\/index.php?rest_route=\/wp\/v2\/posts\/60009\/revisions"}],"predecessor-version":[{"id":60012,"href":"https:\/\/radiorevelacionfm.cl\/index.php?rest_route=\/wp\/v2\/posts\/60009\/revisions\/60012"}],"wp:featuredmedia":[{"embeddable":true,"href":"https:\/\/radiorevelacionfm.cl\/index.php?rest_route=\/wp\/v2\/media\/60010"}],"wp:attachment":[{"href":"https:\/\/radiorevelacionfm.cl\/index.php?rest_route=%2Fwp%2Fv2%2Fmedia&parent=60009"}],"wp:term":[{"taxonomy":"category","embeddable":true,"href":"https:\/\/radiorevelacionfm.cl\/index.php?rest_route=%2Fwp%2Fv2%2Fcategories&post=60009"},{"taxonomy":"post_tag","embeddable":true,"href":"https:\/\/radiorevelacionfm.cl\/index.php?rest_route=%2Fwp%2Fv2%2Ftags&post=60009"}],"curies":[{"name":"wp","href":"https:\/\/api.w.org\/{rel}","templated":true}]}}