{"id":60006,"date":"2025-10-07T09:33:50","date_gmt":"2025-10-07T12:33:50","guid":{"rendered":"https:\/\/radiorevelacionfm.cl\/?p=60006"},"modified":"2025-10-07T09:33:50","modified_gmt":"2025-10-07T12:33:50","slug":"funcionarios-de-salud-se-capacitaron-en-protocolos-de-atencion-a-victimas-y-permisos-de-residencia-humanitaria-para-personas-migrantes","status":"publish","type":"post","link":"https:\/\/radiorevelacionfm.cl\/?p=60006","title":{"rendered":"Funcionarios de salud se capacitaron en \u201cProtocolos de Atenci\u00f3n a V\u00edctimas y Permisos de Residencia Humanitaria para Personas Migrantes\u201d"},"content":{"rendered":"<div class=\"flex_column av_one_full  flex_column_div av-zero-column-padding first  avia-builder-el-0  el_before_av_one_full  avia-builder-el-first  \" style='border-radius:0px; '><div  class='avia-image-container  av-styling-    avia-builder-el-1  avia-builder-el-no-sibling  avia-align-center '  itemprop=\"image\" itemscope=\"itemscope\" itemtype=\"https:\/\/schema.org\/ImageObject\"  ><div class='avia-image-container-inner'><div class='avia-image-overlay-wrap'><img decoding=\"async\" class='wp-image-60007 avia-img-lazy-loading-not-60007 avia_image' src=\"https:\/\/radiorevelacionfm.cl\/wp-content\/uploads\/2025\/10\/capacitacion-trata-1-1-1.jpg\" alt='' title='capacitacion trata 1 (1) (1)' height=\"600\" width=\"800\"  itemprop=\"thumbnailUrl\" srcset=\"https:\/\/radiorevelacionfm.cl\/wp-content\/uploads\/2025\/10\/capacitacion-trata-1-1-1.jpg 800w, https:\/\/radiorevelacionfm.cl\/wp-content\/uploads\/2025\/10\/capacitacion-trata-1-1-1-300x225.jpg 300w, https:\/\/radiorevelacionfm.cl\/wp-content\/uploads\/2025\/10\/capacitacion-trata-1-1-1-768x576.jpg 768w, https:\/\/radiorevelacionfm.cl\/wp-content\/uploads\/2025\/10\/capacitacion-trata-1-1-1-705x529.jpg 705w, https:\/\/radiorevelacionfm.cl\/wp-content\/uploads\/2025\/10\/capacitacion-trata-1-1-1-450x338.jpg 450w, https:\/\/radiorevelacionfm.cl\/wp-content\/uploads\/2025\/10\/capacitacion-trata-1-1-1-600x450.jpg 600w\" sizes=\"(max-width: 800px) 100vw, 800px\" \/><\/div><\/div><\/div><\/div><div class=\"flex_column av_one_full  flex_column_div av-zero-column-padding first  avia-builder-el-2  el_after_av_one_full  el_before_av_one_full  column-top-margin\" style='border-radius:0px; '><section class=\"av_textblock_section \"  itemscope=\"itemscope\" itemtype=\"https:\/\/schema.org\/BlogPosting\" itemprop=\"blogPost\" ><div class='avia_textblock  '   itemprop=\"text\" ><p style=\"text-align: center;\"><span style=\"font-size: 18pt;\"><strong>Funcionarios de salud se capacitaron en <\/strong><strong>\u201cProtocolos de Atenci\u00f3n a V\u00edctimas y Permisos de Residencia Humanitaria para Personas Migrantes\u201d<\/strong><\/span><\/p>\n<div id=\"gtx-trans\" style=\"position: absolute; left: -50px; top: 4.31534px;\">\n<div class=\"gtx-trans-icon\"><\/div>\n<\/div>\n<\/div><\/section><\/div><div class=\"flex_column av_one_full  flex_column_div av-zero-column-padding first  avia-builder-el-4  el_after_av_one_full  el_before_av_hr  column-top-margin\" style='border-radius:0px; '><section class=\"av_textblock_section \"  itemscope=\"itemscope\" itemtype=\"https:\/\/schema.org\/BlogPosting\" itemprop=\"blogPost\" ><div class='avia_textblock  '   itemprop=\"text\" ><p style=\"text-align: justify;\">Funcionarios del sector salud participaron el pasado viernes de una capacitaci\u00f3n denominada \u201cProtocolos de Atenci\u00f3n a V\u00edctimas y Permisos de Residencia Humanitaria para Personas Migrantes\u201d, actividad enmarcada en el trabajo que ha venido desarrollando durante el presente a\u00f1o la Mesa Regional de Trata de Personas encabezada por el seremi de Justicia y Derechos Humanos, Samuel Navarro Castro.<\/p>\n<p style=\"text-align: justify;\">Cabe se\u00f1alar que la iniciativa se realiz\u00f3 en el auditorio del Servicio de Salud tanto de forma presencial como online y cont\u00f3 con la presencia de funcionarios de diversos establecimientos de salud a nivel regional, quienes pudieron conocer diversos aspectos de este grave delito, esto a trav\u00e9s de las exposiciones \u201cProtocolo de Apoyo y Protecci\u00f3n de V\u00edctimas de Trata de Personas\u201d realizada por la coordinadora del Centro de Apoyo a V\u00edctimas del Delito del Ministerio de Seguridad P\u00fablica, Andrea Campos Mu\u00f1oz y Permisos de Residencia Humanitaria para Personas Migrantes\u201d a cargo de la Directora Regional de Migraciones Maritza Fern\u00e1ndez Briones quienes desde sus \u00e1mbitos de competencia abordaron dicha tem\u00e1tica.<\/p>\n<p style=\"text-align: justify;\">El seremi de Justicia y Derechos Humanos Samuel Navarro abord\u00f3 la importancia de realizar nuevamente esta capacitaci\u00f3n ahora a equipos de salud indicando que \u201cefectivamente pudimos desarrollar junto a los funcionarios y funcionarias del Servicio de Salud y de diversas instancias tanto en forma presencial como en l\u00ednea, una capacitaci\u00f3n sobre la tem\u00e1tica de Trata de Personas, este delito que afecta la dignidad de la humanidad y entregarles herramientas y competencias, agradecer la participaci\u00f3n del Centro de Atenci\u00f3n de Apoyo a V\u00edctimas del Delito del Ministerio de Seguridad P\u00fablica y del Servicio de Migraciones cuyas profesionales fueron las que entregaron esta capacitaci\u00f3n como instituciones integrantes de la Mesa de Trata de Personas a nivel local y ello nos permite avanzar en entregarles contenidos, herramientas, competencias para que puedan detectar, saber activar los protocolos correspondientes y de esta forma prevenir y contribuir a la persecuci\u00f3n del delito de Trata de Personas, creemos que este tipo de actividades debemos como mesa seguir desarrollando y esperamos prontamente poder entregar esta capacitaci\u00f3n en otras \u00e1reas, en otros servicios, en otras instituciones como parte del trabajo permanente de la Mesa de Trata de Personas\u201d.<\/p>\n<p style=\"text-align: justify;\">Mientras que la coordinadora del Centro de Apoyo a V\u00edctimas del Delito del Ministerio de Seguridad P\u00fablica, Andrea Campos Mu\u00f1oz qui\u00e9n expuso en esta oportunidad sobre el protocolo y protecci\u00f3n a v\u00edctimas se\u00f1al\u00f3 que \u201cen esta oportunidad nos aproximamos al delito de Trata de Personas y al Delito de Tr\u00e1fico de Migrantes que corresponden a delitos emergentes en nuestra regi\u00f3n presentamos tambi\u00e9n el protocolo de atenci\u00f3n\u00a0 a personas que han sido v\u00edctimas de este delito de Trata, abordamos las caracter\u00edsticas, los rasgos distintivos a fin de poder sensibilizar a los profesionales de la salud y poder contribuir a la detecci\u00f3n temprana de este tipo de delitos\u201d.<\/p>\n<p style=\"text-align: justify;\">Por su parte, la directora regional de Migraciones Maritza Fern\u00e1ndez Briones se refiri\u00f3 a su exposici\u00f3n manifestando que \u201cesta instancia es altamente relevante ya que se puso a disposici\u00f3n informaci\u00f3n sobre los delitos de Trata de Personas y Tr\u00e1fico Il\u00edcito de Personas Migrantes se les dio a conocer el protocolo que existe para las personas v\u00edctimas de Trata de Personas y adem\u00e1s se puso a disposici\u00f3n de ellos la informaci\u00f3n de los permisos de residencia por razones humanitarias dirigidos a personas v\u00edctimas de ambos delitos, un permiso de residencia directamente para Trata de Personas y el otro permiso para el tr\u00e1fico il\u00edcito agravado de personas migrantes, contar con profesionales, especialmente de salud capacitados en estos temas tiene gran impacto en la poblaci\u00f3n, ya que los funcionarios de salud son principalmente muchas veces el primer contacto o la primera persona que podr\u00edan pesquisar que una persona est\u00e1 siendo v\u00edctima de alguno de estos tipos de delitos y poder hacer la denuncia, y as\u00ed podemos contar con un mayor numero de personas que puedan pesquisar este tipo de delitos y denunciarlo, ah\u00ed esta la invitaci\u00f3n a poder seguir replicando instancias as\u00ed, seguir capacitando a funcionarios de salud por su rol clave en la pesquisa de estos delitos, y mientras m\u00e1s funcionarios tengamos capacitados mayor oportunidad de pesquisa y denuncia tendremos en la regi\u00f3n, en el caso que estuvieran ocurriendo cualquiera de los dos delitos\u201d.<\/p>\n<p style=\"text-align: justify;\">Finalmente, cabe indicar que esta instancia se enmarca en los compromisos adquiridos en la Mesa de Trata de Personas, en la cual participan diversos servicios p\u00fablicos y que busca sensibilizar y concientizar respecto a este grave delito, y a la obligaci\u00f3n que tienen los funcionarios p\u00fablicos de denunciar.<\/p>\n<\/div><\/section><\/div><div  style='height:50px' class='hr hr-invisible   avia-builder-el-6  el_after_av_one_full  el_before_av_social_share '><span class='hr-inner ' ><span class='hr-inner-style'><\/span><\/span><\/div><\/p>\n<div  class='av-social-sharing-box  avia-builder-el-7  el_after_av_hr  el_before_av_hr  '><div class='av-share-box'><h5 class='av-share-link-description av-no-toc '>Compartir esta noticia<\/h5><ul class='av-share-box-list noLightbox'><li class='av-share-link av-social-link-facebook' ><a target=\"_blank\" aria-label=\"Compartir en Facebook\" href='https:\/\/www.facebook.com\/sharer.php?u=https:\/\/radiorevelacionfm.cl\/?p=60006&#038;t=Funcionarios%20de%20salud%20se%20capacitaron%20en%20%E2%80%9CProtocolos%20de%20Atenci%C3%B3n%20a%20V%C3%ADctimas%20y%20Permisos%20de%20Residencia%20Humanitaria%20para%20Personas%20Migrantes%E2%80%9D' aria-hidden='false' data-av_icon='\ue8f3' data-av_iconfont='entypo-fontello' title='' data-avia-related-tooltip='Compartir en Facebook' rel=\"noopener\"><span class='avia_hidden_link_text'>Compartir en Facebook<\/span><\/a><\/li><li class='av-share-link av-social-link-twitter' ><a target=\"_blank\" aria-label=\"Compartir en Twitter\" href='https:\/\/twitter.com\/share?text=Funcionarios%20de%20salud%20se%20capacitaron%20en%20%E2%80%9CProtocolos%20de%20Atenci%C3%B3n%20a%20V%C3%ADctimas%20y%20Permisos%20de%20Residencia%20Humanitaria%20para%20Personas%20Migrantes%E2%80%9D&#038;url=https:\/\/radiorevelacionfm.cl\/?p=60006' aria-hidden='false' data-av_icon='\ue8f1' data-av_iconfont='entypo-fontello' title='' data-avia-related-tooltip='Compartir en Twitter' rel=\"noopener\"><span class='avia_hidden_link_text'>Compartir en Twitter<\/span><\/a><\/li><li class='av-share-link av-social-link-whatsapp' ><a target=\"_blank\" aria-label=\"Compartir en Whatsapp\" href='https:\/\/api.whatsapp.com\/send?text=https:\/\/radiorevelacionfm.cl\/?p=60006' aria-hidden='false' data-av_icon='\uf232' data-av_iconfont='entypo-fontello' title='' data-avia-related-tooltip='Compartir en Whatsapp' rel=\"noopener\"><span class='avia_hidden_link_text'>Compartir en Whatsapp<\/span><\/a><\/li><li class='av-share-link av-social-link-linkedin' ><a target=\"_blank\" aria-label=\"Compartir en LinkedIn\" href='https:\/\/linkedin.com\/shareArticle?mini=true&#038;title=Funcionarios%20de%20salud%20se%20capacitaron%20en%20%E2%80%9CProtocolos%20de%20Atenci%C3%B3n%20a%20V%C3%ADctimas%20y%20Permisos%20de%20Residencia%20Humanitaria%20para%20Personas%20Migrantes%E2%80%9D&#038;url=https:\/\/radiorevelacionfm.cl\/?p=60006' aria-hidden='false' data-av_icon='\ue8fc' data-av_iconfont='entypo-fontello' title='' data-avia-related-tooltip='Compartir en LinkedIn' rel=\"noopener\"><span class='avia_hidden_link_text'>Compartir en LinkedIn<\/span><\/a><\/li><li class='av-share-link av-social-link-mail' ><a  aria-label=\"Compartir por correo\" href='mailto:?subject=Funcionarios%20de%20salud%20se%20capacitaron%20en%20%E2%80%9CProtocolos%20de%20Atenci%C3%B3n%20a%20V%C3%ADctimas%20y%20Permisos%20de%20Residencia%20Humanitaria%20para%20Personas%20Migrantes%E2%80%9D&#038;body=https:\/\/radiorevelacionfm.cl\/?p=60006' aria-hidden='false' data-av_icon='\ue805' data-av_iconfont='entypo-fontello' title='' data-avia-related-tooltip='Compartir por correo'><span class='avia_hidden_link_text'>Compartir por correo<\/span><\/a><\/li><\/ul><\/div><\/div>\n<div  style='height:50px' class='hr hr-invisible   avia-builder-el-8  el_after_av_social_share  el_before_av_comments_list '><span class='hr-inner ' ><span class='hr-inner-style'><\/span><\/span><\/div>\n<div  class='av-buildercomment  av-blog-meta-html-info-disabled av-blog-meta-tag-disabled  '><\/div>\n","protected":false},"excerpt":{"rendered":"","protected":false},"author":1,"featured_media":60007,"comment_status":"closed","ping_status":"closed","sticky":false,"template":"","format":"standard","meta":{"footnotes":""},"categories":[55],"tags":[],"class_list":["post-60006","post","type-post","status-publish","format-standard","has-post-thumbnail","hentry","category-justicia"],"jetpack_featured_media_url":"https:\/\/radiorevelacionfm.cl\/wp-content\/uploads\/2025\/10\/capacitacion-trata-1-1-1.jpg","_links":{"self":[{"href":"https:\/\/radiorevelacionfm.cl\/index.php?rest_route=\/wp\/v2\/posts\/60006","targetHints":{"allow":["GET"]}}],"collection":[{"href":"https:\/\/radiorevelacionfm.cl\/index.php?rest_route=\/wp\/v2\/posts"}],"about":[{"href":"https:\/\/radiorevelacionfm.cl\/index.php?rest_route=\/wp\/v2\/types\/post"}],"author":[{"embeddable":true,"href":"https:\/\/radiorevelacionfm.cl\/index.php?rest_route=\/wp\/v2\/users\/1"}],"replies":[{"embeddable":true,"href":"https:\/\/radiorevelacionfm.cl\/index.php?rest_route=%2Fwp%2Fv2%2Fcomments&post=60006"}],"version-history":[{"count":2,"href":"https:\/\/radiorevelacionfm.cl\/index.php?rest_route=\/wp\/v2\/posts\/60006\/revisions"}],"predecessor-version":[{"id":60025,"href":"https:\/\/radiorevelacionfm.cl\/index.php?rest_route=\/wp\/v2\/posts\/60006\/revisions\/60025"}],"wp:featuredmedia":[{"embeddable":true,"href":"https:\/\/radiorevelacionfm.cl\/index.php?rest_route=\/wp\/v2\/media\/60007"}],"wp:attachment":[{"href":"https:\/\/radiorevelacionfm.cl\/index.php?rest_route=%2Fwp%2Fv2%2Fmedia&parent=60006"}],"wp:term":[{"taxonomy":"category","embeddable":true,"href":"https:\/\/radiorevelacionfm.cl\/index.php?rest_route=%2Fwp%2Fv2%2Fcategories&post=60006"},{"taxonomy":"post_tag","embeddable":true,"href":"https:\/\/radiorevelacionfm.cl\/index.php?rest_route=%2Fwp%2Fv2%2Ftags&post=60006"}],"curies":[{"name":"wp","href":"https:\/\/api.w.org\/{rel}","templated":true}]}}