{"id":59995,"date":"2025-10-06T16:42:38","date_gmt":"2025-10-06T19:42:38","guid":{"rendered":"https:\/\/radiorevelacionfm.cl\/?p=59995"},"modified":"2025-10-06T16:42:38","modified_gmt":"2025-10-06T19:42:38","slug":"elige-vivir-sano-entrega-implementos-deportivos-a-ind-aysen-en-apoyo-al-programa-deporte-y-participacion-social","status":"publish","type":"post","link":"https:\/\/radiorevelacionfm.cl\/?p=59995","title":{"rendered":"Elige Vivir Sano entrega implementos deportivos a IND Ays\u00e9n en apoyo al programa deporte y participaci\u00f3n social"},"content":{"rendered":"<div class=\"flex_column av_one_full  flex_column_div av-zero-column-padding first  avia-builder-el-0  el_before_av_one_full  avia-builder-el-first  \" style='border-radius:0px; '><div  class='avia-image-container  av-styling-    avia-builder-el-1  avia-builder-el-no-sibling  avia-align-center '  itemprop=\"image\" itemscope=\"itemscope\" itemtype=\"https:\/\/schema.org\/ImageObject\"  ><div class='avia-image-container-inner'><div class='avia-image-overlay-wrap'><img decoding=\"async\" class='wp-image-59997 avia-img-lazy-loading-not-59997 avia_image' src=\"https:\/\/radiorevelacionfm.cl\/wp-content\/uploads\/2025\/10\/implementos-ind-1-1_optimized.jpeg\" alt='' title='implementos-ind-1-(1)_optimized' height=\"600\" width=\"800\"  itemprop=\"thumbnailUrl\" srcset=\"https:\/\/radiorevelacionfm.cl\/wp-content\/uploads\/2025\/10\/implementos-ind-1-1_optimized.jpeg 800w, https:\/\/radiorevelacionfm.cl\/wp-content\/uploads\/2025\/10\/implementos-ind-1-1_optimized-300x225.jpeg 300w, https:\/\/radiorevelacionfm.cl\/wp-content\/uploads\/2025\/10\/implementos-ind-1-1_optimized-768x576.jpeg 768w, https:\/\/radiorevelacionfm.cl\/wp-content\/uploads\/2025\/10\/implementos-ind-1-1_optimized-705x529.jpeg 705w, https:\/\/radiorevelacionfm.cl\/wp-content\/uploads\/2025\/10\/implementos-ind-1-1_optimized-450x338.jpeg 450w, https:\/\/radiorevelacionfm.cl\/wp-content\/uploads\/2025\/10\/implementos-ind-1-1_optimized-600x450.jpeg 600w\" sizes=\"(max-width: 800px) 100vw, 800px\" \/><\/div><\/div><\/div><\/div><div class=\"flex_column av_one_full  flex_column_div av-zero-column-padding first  avia-builder-el-2  el_after_av_one_full  el_before_av_one_full  column-top-margin\" style='border-radius:0px; '><section class=\"av_textblock_section \"  itemscope=\"itemscope\" itemtype=\"https:\/\/schema.org\/BlogPosting\" itemprop=\"blogPost\" ><div class='avia_textblock  '   itemprop=\"text\" ><p style=\"text-align: center;\"><strong><span style=\"font-size: 18pt;\">Elige Vivir Sano entrega implementos deportivos a IND Ays\u00e9n en apoyo al programa deporte y participaci\u00f3n social<\/span><\/strong><\/p>\n<div id=\"gtx-trans\" style=\"position: absolute; left: -50px; top: 4.31534px;\">\n<div class=\"gtx-trans-icon\"><\/div>\n<\/div>\n<\/div><\/section><\/div><div class=\"flex_column av_one_full  flex_column_div av-zero-column-padding first  avia-builder-el-4  el_after_av_one_full  el_before_av_hr  column-top-margin\" style='border-radius:0px; '><section class=\"av_textblock_section \"  itemscope=\"itemscope\" itemtype=\"https:\/\/schema.org\/BlogPosting\" itemprop=\"blogPost\" ><div class='avia_textblock  '   itemprop=\"text\" ><p style=\"text-align: justify;\">En el marco del Programa Elige Vivir Sano del Ministerio de Desarrollo Social y Familia es que se entreg\u00f3 al Instituto Nacional del Deporte IND equipamiento e implementos deportivos por un monto de $3.500.000 para complementar su Programa Deporte y Participaci\u00f3n Social que se ejecuta a lo largo de la regi\u00f3n de Ays\u00e9n.<\/p>\n<p style=\"text-align: justify;\">El financiamiento se dirigir\u00e1 a fortalecer la articulaci\u00f3n intersectorial de la Mesa Elige Vivir Sano (EVS), apoyando los proyectos con Material Did\u00e1ctico, Recreativo y Deportivo para fomentar la pr\u00e1ctica de actividad f\u00edsica, deporte, vida saludable, el desarrollo familiar, autocuidado, entre otras.<\/p>\n<p style=\"text-align: justify;\">As\u00ed lo explic\u00f3 la Seremi de Desarrollo Social y Familia, Karina Acevedo quien agreg\u00f3 que \u201cEs una forma de colaborar a trav\u00e9s del Elige Vivir Sano a otras entidades en este caso al Instituto Nacional de Deportes IND a quienes les hicimos entrega de equipos deportivos que apoyar\u00e1n sus talleres en los distintos puntos de la regi\u00f3n. Para nosotros es importante colaborar con el IND porque llegan directo a la comunidad y esta es una de varias entregas que hemos realizado en este periodo y esperamos seguir colaborando desde el Programa Elige Vivir Sano a otras instituciones con el fin de seguir fomentando una vida activa, sana y en movimiento\u201d.<\/p>\n<p style=\"text-align: justify;\">Por su lado el director regional del Instituto Nacional de Deportes, Javier Medina destac\u00f3 el aporte \u201cestamos acostumbrados a ser nosotros quienes entregan implementos, as\u00ed que muy agradecidos de que en esta oportunidad nos colabore Elige Vivir Sano a trav\u00e9s de una postulaci\u00f3n que hicimos, as\u00ed que estos materiales van a ser muy bien utilizados a trav\u00e9s de los talleres y eventos nuestros en donde relevaremos el programa en todas las comunas donde llegamos\u201d.<\/p>\n<p style=\"text-align: justify;\">Deporte y Participaci\u00f3n Social es el nombre del programa en donde quedar\u00e1n los implementos deportivos, entre ellos, escaleras de motricidad, pesas, pesas balones, kit de mancuernas, kit de bandas de resistencias, entre otros, los que aportar\u00e1n en incrementar la pr\u00e1ctica regular y sistem\u00e1tica de la actividad f\u00edsica en j\u00f3venes, adultos y aquellos que pertenecen a la tercera edad a trav\u00e9s de talleres y encuentros deportivos.<\/p>\n<\/div><\/section><\/div><div  style='height:50px' class='hr hr-invisible   avia-builder-el-6  el_after_av_one_full  el_before_av_social_share '><span class='hr-inner ' ><span class='hr-inner-style'><\/span><\/span><\/div><\/p>\n<div  class='av-social-sharing-box  avia-builder-el-7  el_after_av_hr  el_before_av_hr  '><div class='av-share-box'><h5 class='av-share-link-description av-no-toc '>Compartir esta noticia<\/h5><ul class='av-share-box-list noLightbox'><li class='av-share-link av-social-link-facebook' ><a target=\"_blank\" aria-label=\"Compartir en Facebook\" href='https:\/\/www.facebook.com\/sharer.php?u=https:\/\/radiorevelacionfm.cl\/?p=59995&#038;t=Elige%20Vivir%20Sano%20entrega%20implementos%20deportivos%20a%20IND%20Ays%C3%A9n%20en%20apoyo%20al%20programa%20deporte%20y%20participaci%C3%B3n%20social' aria-hidden='false' data-av_icon='\ue8f3' data-av_iconfont='entypo-fontello' title='' data-avia-related-tooltip='Compartir en Facebook' rel=\"noopener\"><span class='avia_hidden_link_text'>Compartir en Facebook<\/span><\/a><\/li><li class='av-share-link av-social-link-twitter' ><a target=\"_blank\" aria-label=\"Compartir en Twitter\" href='https:\/\/twitter.com\/share?text=Elige%20Vivir%20Sano%20entrega%20implementos%20deportivos%20a%20IND%20Ays%C3%A9n%20en%20apoyo%20al%20programa%20deporte%20y%20participaci%C3%B3n%20social&#038;url=https:\/\/radiorevelacionfm.cl\/?p=59995' aria-hidden='false' data-av_icon='\ue8f1' data-av_iconfont='entypo-fontello' title='' data-avia-related-tooltip='Compartir en Twitter' rel=\"noopener\"><span class='avia_hidden_link_text'>Compartir en Twitter<\/span><\/a><\/li><li class='av-share-link av-social-link-whatsapp' ><a target=\"_blank\" aria-label=\"Compartir en Whatsapp\" href='https:\/\/api.whatsapp.com\/send?text=https:\/\/radiorevelacionfm.cl\/?p=59995' aria-hidden='false' data-av_icon='\uf232' data-av_iconfont='entypo-fontello' title='' data-avia-related-tooltip='Compartir en Whatsapp' rel=\"noopener\"><span class='avia_hidden_link_text'>Compartir en Whatsapp<\/span><\/a><\/li><li class='av-share-link av-social-link-linkedin' ><a target=\"_blank\" aria-label=\"Compartir en LinkedIn\" href='https:\/\/linkedin.com\/shareArticle?mini=true&#038;title=Elige%20Vivir%20Sano%20entrega%20implementos%20deportivos%20a%20IND%20Ays%C3%A9n%20en%20apoyo%20al%20programa%20deporte%20y%20participaci%C3%B3n%20social&#038;url=https:\/\/radiorevelacionfm.cl\/?p=59995' aria-hidden='false' data-av_icon='\ue8fc' data-av_iconfont='entypo-fontello' title='' data-avia-related-tooltip='Compartir en LinkedIn' rel=\"noopener\"><span class='avia_hidden_link_text'>Compartir en LinkedIn<\/span><\/a><\/li><li class='av-share-link av-social-link-mail' ><a  aria-label=\"Compartir por correo\" href='mailto:?subject=Elige%20Vivir%20Sano%20entrega%20implementos%20deportivos%20a%20IND%20Ays%C3%A9n%20en%20apoyo%20al%20programa%20deporte%20y%20participaci%C3%B3n%20social&#038;body=https:\/\/radiorevelacionfm.cl\/?p=59995' aria-hidden='false' data-av_icon='\ue805' data-av_iconfont='entypo-fontello' title='' data-avia-related-tooltip='Compartir por correo'><span class='avia_hidden_link_text'>Compartir por correo<\/span><\/a><\/li><\/ul><\/div><\/div>\n<div  style='height:50px' class='hr hr-invisible   avia-builder-el-8  el_after_av_social_share  el_before_av_comments_list '><span class='hr-inner ' ><span class='hr-inner-style'><\/span><\/span><\/div>\n<div  class='av-buildercomment  av-blog-meta-html-info-disabled av-blog-meta-tag-disabled  '><\/div>\n","protected":false},"excerpt":{"rendered":"","protected":false},"author":1,"featured_media":59997,"comment_status":"closed","ping_status":"closed","sticky":false,"template":"","format":"standard","meta":{"footnotes":""},"categories":[38],"tags":[],"class_list":["post-59995","post","type-post","status-publish","format-standard","has-post-thumbnail","hentry","category-regional"],"jetpack_featured_media_url":"https:\/\/radiorevelacionfm.cl\/wp-content\/uploads\/2025\/10\/implementos-ind-1-1_optimized.jpeg","_links":{"self":[{"href":"https:\/\/radiorevelacionfm.cl\/index.php?rest_route=\/wp\/v2\/posts\/59995","targetHints":{"allow":["GET"]}}],"collection":[{"href":"https:\/\/radiorevelacionfm.cl\/index.php?rest_route=\/wp\/v2\/posts"}],"about":[{"href":"https:\/\/radiorevelacionfm.cl\/index.php?rest_route=\/wp\/v2\/types\/post"}],"author":[{"embeddable":true,"href":"https:\/\/radiorevelacionfm.cl\/index.php?rest_route=\/wp\/v2\/users\/1"}],"replies":[{"embeddable":true,"href":"https:\/\/radiorevelacionfm.cl\/index.php?rest_route=%2Fwp%2Fv2%2Fcomments&post=59995"}],"version-history":[{"count":2,"href":"https:\/\/radiorevelacionfm.cl\/index.php?rest_route=\/wp\/v2\/posts\/59995\/revisions"}],"predecessor-version":[{"id":59999,"href":"https:\/\/radiorevelacionfm.cl\/index.php?rest_route=\/wp\/v2\/posts\/59995\/revisions\/59999"}],"wp:featuredmedia":[{"embeddable":true,"href":"https:\/\/radiorevelacionfm.cl\/index.php?rest_route=\/wp\/v2\/media\/59997"}],"wp:attachment":[{"href":"https:\/\/radiorevelacionfm.cl\/index.php?rest_route=%2Fwp%2Fv2%2Fmedia&parent=59995"}],"wp:term":[{"taxonomy":"category","embeddable":true,"href":"https:\/\/radiorevelacionfm.cl\/index.php?rest_route=%2Fwp%2Fv2%2Fcategories&post=59995"},{"taxonomy":"post_tag","embeddable":true,"href":"https:\/\/radiorevelacionfm.cl\/index.php?rest_route=%2Fwp%2Fv2%2Ftags&post=59995"}],"curies":[{"name":"wp","href":"https:\/\/api.w.org\/{rel}","templated":true}]}}