{"id":59986,"date":"2025-10-06T18:51:49","date_gmt":"2025-10-06T21:51:49","guid":{"rendered":"https:\/\/radiorevelacionfm.cl\/?p=59986"},"modified":"2025-10-06T18:51:49","modified_gmt":"2025-10-06T21:51:49","slug":"fuas-seremi-de-educacion-llama-a-postular-a-gratuidad-y-beneficios-estudiantiles-para-la-educacion-superior-2026","status":"publish","type":"post","link":"https:\/\/radiorevelacionfm.cl\/?p=59986","title":{"rendered":"FUAS: Seremi de Educaci\u00f3n llama a postular a gratuidad y beneficios estudiantiles para la educaci\u00f3n superior 2026"},"content":{"rendered":"<div class=\"flex_column av_one_full  flex_column_div av-zero-column-padding first  avia-builder-el-0  el_before_av_one_full  avia-builder-el-first  \" style='border-radius:0px; '><div  class='avia-image-container  av-styling-    avia-builder-el-1  avia-builder-el-no-sibling  avia-align-center '  itemprop=\"image\" itemscope=\"itemscope\" itemtype=\"https:\/\/schema.org\/ImageObject\"  ><div class='avia-image-container-inner'><div class='avia-image-overlay-wrap'><img decoding=\"async\" class='wp-image-57716 avia-img-lazy-loading-not-57716 avia_image' src=\"https:\/\/radiorevelacionfm.cl\/wp-content\/uploads\/2025\/08\/Seremi-katherine-Miqueles-1-1.jpeg\" alt='' title='Seremi katherine Miqueles (1) (1)' height=\"600\" width=\"900\"  itemprop=\"thumbnailUrl\" srcset=\"https:\/\/radiorevelacionfm.cl\/wp-content\/uploads\/2025\/08\/Seremi-katherine-Miqueles-1-1.jpeg 900w, https:\/\/radiorevelacionfm.cl\/wp-content\/uploads\/2025\/08\/Seremi-katherine-Miqueles-1-1-300x200.jpeg 300w, https:\/\/radiorevelacionfm.cl\/wp-content\/uploads\/2025\/08\/Seremi-katherine-Miqueles-1-1-768x512.jpeg 768w, https:\/\/radiorevelacionfm.cl\/wp-content\/uploads\/2025\/08\/Seremi-katherine-Miqueles-1-1-705x470.jpeg 705w, https:\/\/radiorevelacionfm.cl\/wp-content\/uploads\/2025\/08\/Seremi-katherine-Miqueles-1-1-450x300.jpeg 450w, https:\/\/radiorevelacionfm.cl\/wp-content\/uploads\/2025\/08\/Seremi-katherine-Miqueles-1-1-600x400.jpeg 600w\" sizes=\"(max-width: 900px) 100vw, 900px\" \/><\/div><\/div><\/div><\/div><div class=\"flex_column av_one_full  flex_column_div av-zero-column-padding first  avia-builder-el-2  el_after_av_one_full  el_before_av_one_full  column-top-margin\" style='border-radius:0px; '><section class=\"av_textblock_section \"  itemscope=\"itemscope\" itemtype=\"https:\/\/schema.org\/BlogPosting\" itemprop=\"blogPost\" ><div class='avia_textblock  '   itemprop=\"text\" ><p style=\"text-align: center;\"><span style=\"font-size: 18pt;\"><b>FUAS: Seremi de Educaci\u00f3n llama a postular a gratuidad y beneficios estudiantiles para la educaci\u00f3n superior 2026<\/b><\/span><\/p>\n<div id=\"gtx-trans\" style=\"position: absolute; left: -50px; top: 4.31534px;\">\n<div class=\"gtx-trans-icon\"><\/div>\n<\/div>\n<\/div><\/section><\/div><div class=\"flex_column av_one_full  flex_column_div av-zero-column-padding first  avia-builder-el-4  el_after_av_one_full  el_before_av_hr  column-top-margin\" style='border-radius:0px; '><section class=\"av_textblock_section \"  itemscope=\"itemscope\" itemtype=\"https:\/\/schema.org\/BlogPosting\" itemprop=\"blogPost\" ><div class='avia_textblock  '   itemprop=\"text\" ><p style=\"font-weight: 400; text-align: justify;\">Des el 1 de octubre se encuentra abierto el \u00a0proceso de postulaci\u00f3n a la gratuidad y otros beneficios estudiantiles para la educaci\u00f3n superior 2026 a trav\u00e9s del Formulario \u00danico de Acreditaci\u00f3n Socioecon\u00f3mica (FUAS). Las y los interesados podr\u00e1n realizar el tr\u00e1mite a trav\u00e9s de celulares, tablets o computadores en\u00a0<a href=\"http:\/\/www.fuas.cl\/\" data-saferedirecturl=\"https:\/\/www.google.com\/url?q=http:\/\/www.fuas.cl&amp;source=gmail&amp;ust=1759851538510000&amp;usg=AOvVaw3DRJw7mO7gEvEfpd4WyTz6\">www.fuas.cl<\/a>\u00a0entre el 1 y el 22 de octubre de 2025.<\/p>\n<p style=\"font-weight: 400; text-align: justify;\">En el FUAS, las y los estudiantes deben proporcionar informaci\u00f3n sobre sus antecedentes familiares y socioecon\u00f3micos. Esta informaci\u00f3n ser\u00e1 validada por el Ministerio de Educaci\u00f3n, a trav\u00e9s de la Subsecretar\u00eda de Educaci\u00f3n Superior, con el fin de determinar el nivel de ingresos y verificar el cumplimiento de los requisitos establecidos para el acceso a diversos beneficios estudiantiles estatales.<\/p>\n<p style=\"font-weight: 400; text-align: justify;\">Al respecto, la Seremi de Educaci\u00f3n de Ays\u00e9n Katherine Miqueles se\u00f1al\u00f3 que: \u201cQuienes deseen ingresar en 2026 a centros de formaci\u00f3n t\u00e9cnica, institutos profesionales o universidades, as\u00ed como aquellos que ya est\u00e1n cursando una carrera sin apoyos financieros, podr\u00e1n completar el formulario en l\u00ednea para optar a la gratuidad y a otros beneficios que se ajusten a sus necesidades\u201d.<\/p>\n<p style=\"font-weight: 400; text-align: justify;\"><strong>FUAS: \u00bfqu\u00e9 beneficios entrega el Estado?<\/strong><\/p>\n<p style=\"font-weight: 400; text-align: justify;\">Los beneficios estudiantiles para la educaci\u00f3n superior que entrega el Estado incluyen la gratuidad, becas y dos tipos de cr\u00e9ditos.<\/p>\n<p style=\"font-weight: 400; text-align: justify;\">Las becas disponibles son: Bicentenario, Nuevo Milenio, Juan G\u00f3mez Millas para chilenas\/os, Juan G\u00f3mez Millas para extranjeras\/os, Excelencia Acad\u00e9mica, Distinci\u00f3n a las Trayectorias Educativas (DTE), Excelencia T\u00e9cnica, Hijas\/os de Profesionales de la Educaci\u00f3n, Articulaci\u00f3n, Estudiantes en Situaci\u00f3n de Discapacidad, Continuidad de Estudios para Instituciones en Cierre (tres becas diferentes), Vocaci\u00f3n de Profesor\/a (dos becas diferentes) y Reparaci\u00f3n. Para postular a la Becas Vocaci\u00f3n de Profesor\/a y a la Beca de Reparaci\u00f3n se debe llenar un formulario especial disponible en el mismo sitio.<\/p>\n<p style=\"font-weight: 400; text-align: justify;\">Por otra parte, los cr\u00e9ditos para financiar estudios superiores son el Fondo Solidario de Cr\u00e9dito Universitario (FSCU) y el Cr\u00e9dito con Garant\u00eda Estatal (CAE). El detalle de cada una de estas ayudas se puede consultar en\u00a0<a href=\"http:\/\/beneficiosestudiantiles.cl\/\" data-saferedirecturl=\"https:\/\/www.google.com\/url?q=http:\/\/beneficiosestudiantiles.cl&amp;source=gmail&amp;ust=1759851538510000&amp;usg=AOvVaw3JpQ1d8gnrl4l-M4xz2H0Y\">beneficiosestudiantiles.cl<\/a>.<\/p>\n<p style=\"font-weight: 400; text-align: justify;\">Katherine Miqueles se\u00f1al\u00f3 que \u201cTenemos un compromiso como Gobierno de garantizar el acceso a la educaci\u00f3n superior y esta es una muy buena oportunidad para explorar los instrumentos que el Estado tiene disponibles. Queremos que todas las personas puedan estudiar la carrera de sus sue\u00f1os y centrar sus preocupaciones en las exigencias acad\u00e9micas m\u00e1s que en financiar sus estudios\u201d.<\/p>\n<p style=\"font-weight: 400; text-align: justify;\"><strong>Ventanilla \u00danica Social<\/strong><\/p>\n<p style=\"font-weight: 400; text-align: justify;\">Por otra parte, desde mayo de 2025 el Gobierno de Chile implement\u00f3 la Ventanilla \u00danica Social: una plataforma digital del Ministerio de Desarrollo Social y Familia que re\u00fane la informaci\u00f3n de las distintas prestaciones, beneficios y apoyos que entrega el Estado y que requieren del Registro Social de Hogares (RSH). A partir de este a\u00f1o tambi\u00e9n se puede encontrar informaci\u00f3n sobre la postulaci\u00f3n a beneficios estudiantiles y acceder al Formulario \u00danico de Acreditaci\u00f3n Socioecon\u00f3mica (FUAS) en dicha plataforma.<\/p>\n<p style=\"font-weight: 400; text-align: justify;\">\u201cEl llamado es a postular en el plazo establecido e informarse a trav\u00e9s de los canales dispuestos por el Ministerio de Educaci\u00f3n y la Subsecretar\u00eda de Educaci\u00f3n Superior: sus portales y el callcenter Ayuda Mineduc, 600 600 2626\u201d, indic\u00f3 la titular de Educaci\u00f3n en la regi\u00f3n.<\/p>\n<\/div><\/section><\/div><div  style='height:50px' class='hr hr-invisible   avia-builder-el-6  el_after_av_one_full  el_before_av_social_share '><span class='hr-inner ' ><span class='hr-inner-style'><\/span><\/span><\/div><\/p>\n<div  class='av-social-sharing-box  avia-builder-el-7  el_after_av_hr  el_before_av_hr  '><div class='av-share-box'><h5 class='av-share-link-description av-no-toc '>Compartir esta noticia<\/h5><ul class='av-share-box-list noLightbox'><li class='av-share-link av-social-link-facebook' ><a target=\"_blank\" aria-label=\"Compartir en Facebook\" href='https:\/\/www.facebook.com\/sharer.php?u=https:\/\/radiorevelacionfm.cl\/?p=59986&#038;t=FUAS%3A%20Seremi%20de%20Educaci%C3%B3n%20llama%20a%20postular%20a%20gratuidad%20y%20beneficios%20estudiantiles%20para%20la%20educaci%C3%B3n%20superior%202026' aria-hidden='false' data-av_icon='\ue8f3' data-av_iconfont='entypo-fontello' title='' data-avia-related-tooltip='Compartir en Facebook' rel=\"noopener\"><span class='avia_hidden_link_text'>Compartir en Facebook<\/span><\/a><\/li><li class='av-share-link av-social-link-twitter' ><a target=\"_blank\" aria-label=\"Compartir en Twitter\" href='https:\/\/twitter.com\/share?text=FUAS%3A%20Seremi%20de%20Educaci%C3%B3n%20llama%20a%20postular%20a%20gratuidad%20y%20beneficios%20estudiantiles%20para%20la%20educaci%C3%B3n%20superior%202026&#038;url=https:\/\/radiorevelacionfm.cl\/?p=59986' aria-hidden='false' data-av_icon='\ue8f1' data-av_iconfont='entypo-fontello' title='' data-avia-related-tooltip='Compartir en Twitter' rel=\"noopener\"><span class='avia_hidden_link_text'>Compartir en Twitter<\/span><\/a><\/li><li class='av-share-link av-social-link-whatsapp' ><a target=\"_blank\" aria-label=\"Compartir en Whatsapp\" href='https:\/\/api.whatsapp.com\/send?text=https:\/\/radiorevelacionfm.cl\/?p=59986' aria-hidden='false' data-av_icon='\uf232' data-av_iconfont='entypo-fontello' title='' data-avia-related-tooltip='Compartir en Whatsapp' rel=\"noopener\"><span class='avia_hidden_link_text'>Compartir en Whatsapp<\/span><\/a><\/li><li class='av-share-link av-social-link-linkedin' ><a target=\"_blank\" aria-label=\"Compartir en LinkedIn\" href='https:\/\/linkedin.com\/shareArticle?mini=true&#038;title=FUAS%3A%20Seremi%20de%20Educaci%C3%B3n%20llama%20a%20postular%20a%20gratuidad%20y%20beneficios%20estudiantiles%20para%20la%20educaci%C3%B3n%20superior%202026&#038;url=https:\/\/radiorevelacionfm.cl\/?p=59986' aria-hidden='false' data-av_icon='\ue8fc' data-av_iconfont='entypo-fontello' title='' data-avia-related-tooltip='Compartir en LinkedIn' rel=\"noopener\"><span class='avia_hidden_link_text'>Compartir en LinkedIn<\/span><\/a><\/li><li class='av-share-link av-social-link-mail' ><a  aria-label=\"Compartir por correo\" href='mailto:?subject=FUAS%3A%20Seremi%20de%20Educaci%C3%B3n%20llama%20a%20postular%20a%20gratuidad%20y%20beneficios%20estudiantiles%20para%20la%20educaci%C3%B3n%20superior%202026&#038;body=https:\/\/radiorevelacionfm.cl\/?p=59986' aria-hidden='false' data-av_icon='\ue805' data-av_iconfont='entypo-fontello' title='' data-avia-related-tooltip='Compartir por correo'><span class='avia_hidden_link_text'>Compartir por correo<\/span><\/a><\/li><\/ul><\/div><\/div>\n<div  style='height:50px' class='hr hr-invisible   avia-builder-el-8  el_after_av_social_share  el_before_av_comments_list '><span class='hr-inner ' ><span class='hr-inner-style'><\/span><\/span><\/div>\n<div  class='av-buildercomment  av-blog-meta-html-info-disabled av-blog-meta-tag-disabled  '><\/div>\n","protected":false},"excerpt":{"rendered":"","protected":false},"author":1,"featured_media":57716,"comment_status":"closed","ping_status":"closed","sticky":false,"template":"","format":"standard","meta":{"footnotes":""},"categories":[49],"tags":[],"class_list":["post-59986","post","type-post","status-publish","format-standard","has-post-thumbnail","hentry","category-educacion"],"jetpack_featured_media_url":"https:\/\/radiorevelacionfm.cl\/wp-content\/uploads\/2025\/08\/Seremi-katherine-Miqueles-1-1.jpeg","_links":{"self":[{"href":"https:\/\/radiorevelacionfm.cl\/index.php?rest_route=\/wp\/v2\/posts\/59986","targetHints":{"allow":["GET"]}}],"collection":[{"href":"https:\/\/radiorevelacionfm.cl\/index.php?rest_route=\/wp\/v2\/posts"}],"about":[{"href":"https:\/\/radiorevelacionfm.cl\/index.php?rest_route=\/wp\/v2\/types\/post"}],"author":[{"embeddable":true,"href":"https:\/\/radiorevelacionfm.cl\/index.php?rest_route=\/wp\/v2\/users\/1"}],"replies":[{"embeddable":true,"href":"https:\/\/radiorevelacionfm.cl\/index.php?rest_route=%2Fwp%2Fv2%2Fcomments&post=59986"}],"version-history":[{"count":2,"href":"https:\/\/radiorevelacionfm.cl\/index.php?rest_route=\/wp\/v2\/posts\/59986\/revisions"}],"predecessor-version":[{"id":60000,"href":"https:\/\/radiorevelacionfm.cl\/index.php?rest_route=\/wp\/v2\/posts\/59986\/revisions\/60000"}],"wp:featuredmedia":[{"embeddable":true,"href":"https:\/\/radiorevelacionfm.cl\/index.php?rest_route=\/wp\/v2\/media\/57716"}],"wp:attachment":[{"href":"https:\/\/radiorevelacionfm.cl\/index.php?rest_route=%2Fwp%2Fv2%2Fmedia&parent=59986"}],"wp:term":[{"taxonomy":"category","embeddable":true,"href":"https:\/\/radiorevelacionfm.cl\/index.php?rest_route=%2Fwp%2Fv2%2Fcategories&post=59986"},{"taxonomy":"post_tag","embeddable":true,"href":"https:\/\/radiorevelacionfm.cl\/index.php?rest_route=%2Fwp%2Fv2%2Ftags&post=59986"}],"curies":[{"name":"wp","href":"https:\/\/api.w.org\/{rel}","templated":true}]}}