{"id":59983,"date":"2025-10-06T14:56:59","date_gmt":"2025-10-06T17:56:59","guid":{"rendered":"https:\/\/radiorevelacionfm.cl\/?p=59983"},"modified":"2025-10-06T14:56:59","modified_gmt":"2025-10-06T17:56:59","slug":"estudiantes-de-la-escuela-victor-domingo-silva-visitan-el-juzgado-de-garantia-de-coyhaique","status":"publish","type":"post","link":"https:\/\/radiorevelacionfm.cl\/?p=59983","title":{"rendered":"Estudiantes de la Escuela V\u00edctor Domingo Silva visitan el Juzgado de Garant\u00eda de Coyhaique"},"content":{"rendered":"<div class=\"flex_column av_one_full  flex_column_div av-zero-column-padding first  avia-builder-el-0  el_before_av_one_full  avia-builder-el-first  \" style='border-radius:0px; '><div  class='avia-image-container  av-styling-    avia-builder-el-1  avia-builder-el-no-sibling  avia-align-center '  itemprop=\"image\" itemscope=\"itemscope\" itemtype=\"https:\/\/schema.org\/ImageObject\"  ><div class='avia-image-container-inner'><div class='avia-image-overlay-wrap'><img decoding=\"async\" class='wp-image-59984 avia-img-lazy-loading-not-59984 avia_image' src=\"https:\/\/radiorevelacionfm.cl\/wp-content\/uploads\/2025\/10\/foto-2-visita-garantia-1_optimized.jpg\" alt='' title='foto-2-visita-garantia-(1)_optimized' height=\"600\" width=\"1388\"  itemprop=\"thumbnailUrl\" srcset=\"https:\/\/radiorevelacionfm.cl\/wp-content\/uploads\/2025\/10\/foto-2-visita-garantia-1_optimized.jpg 1388w, https:\/\/radiorevelacionfm.cl\/wp-content\/uploads\/2025\/10\/foto-2-visita-garantia-1_optimized-300x130.jpg 300w, https:\/\/radiorevelacionfm.cl\/wp-content\/uploads\/2025\/10\/foto-2-visita-garantia-1_optimized-1030x445.jpg 1030w, https:\/\/radiorevelacionfm.cl\/wp-content\/uploads\/2025\/10\/foto-2-visita-garantia-1_optimized-768x332.jpg 768w, https:\/\/radiorevelacionfm.cl\/wp-content\/uploads\/2025\/10\/foto-2-visita-garantia-1_optimized-705x305.jpg 705w, https:\/\/radiorevelacionfm.cl\/wp-content\/uploads\/2025\/10\/foto-2-visita-garantia-1_optimized-450x195.jpg 450w, https:\/\/radiorevelacionfm.cl\/wp-content\/uploads\/2025\/10\/foto-2-visita-garantia-1_optimized-600x259.jpg 600w\" sizes=\"(max-width: 1388px) 100vw, 1388px\" \/><\/div><\/div><\/div><\/div><div class=\"flex_column av_one_full  flex_column_div av-zero-column-padding first  avia-builder-el-2  el_after_av_one_full  el_before_av_one_full  column-top-margin\" style='border-radius:0px; '><section class=\"av_textblock_section \"  itemscope=\"itemscope\" itemtype=\"https:\/\/schema.org\/BlogPosting\" itemprop=\"blogPost\" ><div class='avia_textblock  '   itemprop=\"text\" ><p style=\"text-align: center;\"><span style=\"font-size: 18pt;\"><b>Estudiantes de la Escuela V\u00edctor Domingo Silva visitan el Juzgado de Garant\u00eda de Coyhaique<\/b><\/span><\/p>\n<div id=\"gtx-trans\" style=\"position: absolute; left: -50px; top: 4.31534px;\">\n<div class=\"gtx-trans-icon\"><\/div>\n<\/div>\n<\/div><\/section><\/div><div class=\"flex_column av_one_full  flex_column_div av-zero-column-padding first  avia-builder-el-4  el_after_av_one_full  el_before_av_hr  column-top-margin\" style='border-radius:0px; '><section class=\"av_textblock_section \"  itemscope=\"itemscope\" itemtype=\"https:\/\/schema.org\/BlogPosting\" itemprop=\"blogPost\" ><div class='avia_textblock  '   itemprop=\"text\" ><p style=\"font-weight: 400; text-align: justify;\">Un grupo de 19 alumnos de octavo b\u00e1sico de la Escuela V\u00edctor Domingo Silva, junto a dos profesoras, participaron en una visita guiada al Juzgado de Garant\u00eda de Coyhaique, instancia en la que pudieron observar el quehacer diario del tribunal y las instituciones que forman parte del sistema de justicia penal.<\/p>\n<p style=\"font-weight: 400; text-align: justify;\">La jornada fue encabezada por la jueza Fabiola Mu\u00f1oz Fierro y el administrador del tribunal, Jaime Aguayo Curna, quienes compartieron con los visitantes informaci\u00f3n sobre las labores jurisdiccionales y administrativas que se desarrollan en el juzgado.<\/p>\n<p style=\"font-weight: 400; text-align: justify;\">Durante la actividad, los estudiantes conocieron el funcionamiento de la Reforma Procesal Penal, realizando una comparaci\u00f3n entre el antiguo sistema y el nuevo modelo vigente en la regi\u00f3n desde el a\u00f1o 2002. Adem\u00e1s, se abordaron temas relacionados con los derechos de las v\u00edctimas y de los imputados, los tipos de procedimientos y audiencias, las medidas cautelares, la Ley de Responsabilidad Penal Adolescente y las salidas alternativas al juicio oral.<\/p>\n<p style=\"font-weight: 400; text-align: justify;\">Los alumnos y docentes tambi\u00e9n pudieron presenciar audiencias programadas y controles de detenci\u00f3n, lo que les permiti\u00f3 observar de manera pr\u00e1ctica el trabajo judicial.<\/p>\n<p style=\"font-weight: 400; text-align: justify;\">Esta iniciativa se enmarca en las acciones de Justicia Abierta que impulsa el Poder Judicial, orientadas a fortalecer el v\u00ednculo con la comunidad y fomentar la educaci\u00f3n c\u00edvica entre ni\u00f1os, ni\u00f1as y adolescentes de la regi\u00f3n de Ays\u00e9n.<\/p>\n<\/div><\/section><\/div><div  style='height:50px' class='hr hr-invisible   avia-builder-el-6  el_after_av_one_full  el_before_av_social_share '><span class='hr-inner ' ><span class='hr-inner-style'><\/span><\/span><\/div><\/p>\n<div  class='av-social-sharing-box  avia-builder-el-7  el_after_av_hr  el_before_av_hr  '><div class='av-share-box'><h5 class='av-share-link-description av-no-toc '>Compartir esta noticia<\/h5><ul class='av-share-box-list noLightbox'><li class='av-share-link av-social-link-facebook' ><a target=\"_blank\" aria-label=\"Compartir en Facebook\" href='https:\/\/www.facebook.com\/sharer.php?u=https:\/\/radiorevelacionfm.cl\/?p=59983&#038;t=Estudiantes%20de%20la%20Escuela%20V%C3%ADctor%20Domingo%20Silva%20visitan%20el%20Juzgado%20de%20Garant%C3%ADa%20de%20Coyhaique' aria-hidden='false' data-av_icon='\ue8f3' data-av_iconfont='entypo-fontello' title='' data-avia-related-tooltip='Compartir en Facebook' rel=\"noopener\"><span class='avia_hidden_link_text'>Compartir en Facebook<\/span><\/a><\/li><li class='av-share-link av-social-link-twitter' ><a target=\"_blank\" aria-label=\"Compartir en Twitter\" href='https:\/\/twitter.com\/share?text=Estudiantes%20de%20la%20Escuela%20V%C3%ADctor%20Domingo%20Silva%20visitan%20el%20Juzgado%20de%20Garant%C3%ADa%20de%20Coyhaique&#038;url=https:\/\/radiorevelacionfm.cl\/?p=59983' aria-hidden='false' data-av_icon='\ue8f1' data-av_iconfont='entypo-fontello' title='' data-avia-related-tooltip='Compartir en Twitter' rel=\"noopener\"><span class='avia_hidden_link_text'>Compartir en Twitter<\/span><\/a><\/li><li class='av-share-link av-social-link-whatsapp' ><a target=\"_blank\" aria-label=\"Compartir en Whatsapp\" href='https:\/\/api.whatsapp.com\/send?text=https:\/\/radiorevelacionfm.cl\/?p=59983' aria-hidden='false' data-av_icon='\uf232' data-av_iconfont='entypo-fontello' title='' data-avia-related-tooltip='Compartir en Whatsapp' rel=\"noopener\"><span class='avia_hidden_link_text'>Compartir en Whatsapp<\/span><\/a><\/li><li class='av-share-link av-social-link-linkedin' ><a target=\"_blank\" aria-label=\"Compartir en LinkedIn\" href='https:\/\/linkedin.com\/shareArticle?mini=true&#038;title=Estudiantes%20de%20la%20Escuela%20V%C3%ADctor%20Domingo%20Silva%20visitan%20el%20Juzgado%20de%20Garant%C3%ADa%20de%20Coyhaique&#038;url=https:\/\/radiorevelacionfm.cl\/?p=59983' aria-hidden='false' data-av_icon='\ue8fc' data-av_iconfont='entypo-fontello' title='' data-avia-related-tooltip='Compartir en LinkedIn' rel=\"noopener\"><span class='avia_hidden_link_text'>Compartir en LinkedIn<\/span><\/a><\/li><li class='av-share-link av-social-link-mail' ><a  aria-label=\"Compartir por correo\" href='mailto:?subject=Estudiantes%20de%20la%20Escuela%20V%C3%ADctor%20Domingo%20Silva%20visitan%20el%20Juzgado%20de%20Garant%C3%ADa%20de%20Coyhaique&#038;body=https:\/\/radiorevelacionfm.cl\/?p=59983' aria-hidden='false' data-av_icon='\ue805' data-av_iconfont='entypo-fontello' title='' data-avia-related-tooltip='Compartir por correo'><span class='avia_hidden_link_text'>Compartir por correo<\/span><\/a><\/li><\/ul><\/div><\/div>\n<div  style='height:50px' class='hr hr-invisible   avia-builder-el-8  el_after_av_social_share  el_before_av_comments_list '><span class='hr-inner ' ><span class='hr-inner-style'><\/span><\/span><\/div>\n<div  class='av-buildercomment  av-blog-meta-html-info-disabled av-blog-meta-tag-disabled  '><\/div>\n","protected":false},"excerpt":{"rendered":"","protected":false},"author":1,"featured_media":59984,"comment_status":"closed","ping_status":"closed","sticky":false,"template":"","format":"standard","meta":{"footnotes":""},"categories":[55],"tags":[],"class_list":["post-59983","post","type-post","status-publish","format-standard","has-post-thumbnail","hentry","category-justicia"],"jetpack_featured_media_url":"https:\/\/radiorevelacionfm.cl\/wp-content\/uploads\/2025\/10\/foto-2-visita-garantia-1_optimized.jpg","_links":{"self":[{"href":"https:\/\/radiorevelacionfm.cl\/index.php?rest_route=\/wp\/v2\/posts\/59983","targetHints":{"allow":["GET"]}}],"collection":[{"href":"https:\/\/radiorevelacionfm.cl\/index.php?rest_route=\/wp\/v2\/posts"}],"about":[{"href":"https:\/\/radiorevelacionfm.cl\/index.php?rest_route=\/wp\/v2\/types\/post"}],"author":[{"embeddable":true,"href":"https:\/\/radiorevelacionfm.cl\/index.php?rest_route=\/wp\/v2\/users\/1"}],"replies":[{"embeddable":true,"href":"https:\/\/radiorevelacionfm.cl\/index.php?rest_route=%2Fwp%2Fv2%2Fcomments&post=59983"}],"version-history":[{"count":2,"href":"https:\/\/radiorevelacionfm.cl\/index.php?rest_route=\/wp\/v2\/posts\/59983\/revisions"}],"predecessor-version":[{"id":59991,"href":"https:\/\/radiorevelacionfm.cl\/index.php?rest_route=\/wp\/v2\/posts\/59983\/revisions\/59991"}],"wp:featuredmedia":[{"embeddable":true,"href":"https:\/\/radiorevelacionfm.cl\/index.php?rest_route=\/wp\/v2\/media\/59984"}],"wp:attachment":[{"href":"https:\/\/radiorevelacionfm.cl\/index.php?rest_route=%2Fwp%2Fv2%2Fmedia&parent=59983"}],"wp:term":[{"taxonomy":"category","embeddable":true,"href":"https:\/\/radiorevelacionfm.cl\/index.php?rest_route=%2Fwp%2Fv2%2Fcategories&post=59983"},{"taxonomy":"post_tag","embeddable":true,"href":"https:\/\/radiorevelacionfm.cl\/index.php?rest_route=%2Fwp%2Fv2%2Ftags&post=59983"}],"curies":[{"name":"wp","href":"https:\/\/api.w.org\/{rel}","templated":true}]}}