{"id":59979,"date":"2025-10-06T12:49:13","date_gmt":"2025-10-06T15:49:13","guid":{"rendered":"https:\/\/radiorevelacionfm.cl\/?p=59979"},"modified":"2025-10-06T12:49:13","modified_gmt":"2025-10-06T15:49:13","slug":"funcionarias-os-de-injuv-se-movilizan-de-manera-indefinida-en-defensa-de-las-juventudes-y-en-rechazo-al-recorte-presupuestario-2026","status":"publish","type":"post","link":"https:\/\/radiorevelacionfm.cl\/?p=59979","title":{"rendered":"Funcionarias\/os de INJUV se movilizan de manera indefinida en defensa de las juventudes y en rechazo al recorte presupuestario 2026"},"content":{"rendered":"<div class=\"flex_column av_one_full  flex_column_div av-zero-column-padding first  avia-builder-el-0  el_before_av_one_full  avia-builder-el-first  \" style='border-radius:0px; '><div  class='avia-image-container  av-styling-    avia-builder-el-1  avia-builder-el-no-sibling  avia-align-center '  itemprop=\"image\" itemscope=\"itemscope\" itemtype=\"https:\/\/schema.org\/ImageObject\"  ><div class='avia-image-container-inner'><div class='avia-image-overlay-wrap'><img decoding=\"async\" class='wp-image-59980 avia-img-lazy-loading-not-59980 avia_image' src=\"https:\/\/radiorevelacionfm.cl\/wp-content\/uploads\/2025\/10\/INJUV-2-1.jpg\" alt='' title='INJUV (2) (1)' height=\"750\" width=\"801\"  itemprop=\"thumbnailUrl\" srcset=\"https:\/\/radiorevelacionfm.cl\/wp-content\/uploads\/2025\/10\/INJUV-2-1.jpg 801w, https:\/\/radiorevelacionfm.cl\/wp-content\/uploads\/2025\/10\/INJUV-2-1-300x281.jpg 300w, https:\/\/radiorevelacionfm.cl\/wp-content\/uploads\/2025\/10\/INJUV-2-1-768x719.jpg 768w, https:\/\/radiorevelacionfm.cl\/wp-content\/uploads\/2025\/10\/INJUV-2-1-705x660.jpg 705w, https:\/\/radiorevelacionfm.cl\/wp-content\/uploads\/2025\/10\/INJUV-2-1-450x421.jpg 450w, https:\/\/radiorevelacionfm.cl\/wp-content\/uploads\/2025\/10\/INJUV-2-1-600x562.jpg 600w\" sizes=\"(max-width: 801px) 100vw, 801px\" \/><\/div><\/div><\/div><\/div><div class=\"flex_column av_one_full  flex_column_div av-zero-column-padding first  avia-builder-el-2  el_after_av_one_full  el_before_av_one_full  column-top-margin\" style='border-radius:0px; '><section class=\"av_textblock_section \"  itemscope=\"itemscope\" itemtype=\"https:\/\/schema.org\/BlogPosting\" itemprop=\"blogPost\" ><div class='avia_textblock  '   itemprop=\"text\" ><p style=\"text-align: center;\"><strong><span style=\"font-size: 18pt;\">Funcionarias\/os de INJUV se movilizan de manera indefinida en defensa de las juventudes y en rechazo al recorte presupuestario 2026<\/span><\/strong><\/p>\n<div id=\"gtx-trans\" style=\"position: absolute; left: -50px; top: 4.31534px;\">\n<div class=\"gtx-trans-icon\"><\/div>\n<\/div>\n<\/div><\/section><\/div><div class=\"flex_column av_one_full  flex_column_div av-zero-column-padding first  avia-builder-el-4  el_after_av_one_full  el_before_av_hr  column-top-margin\" style='border-radius:0px; '><section class=\"av_textblock_section \"  itemscope=\"itemscope\" itemtype=\"https:\/\/schema.org\/BlogPosting\" itemprop=\"blogPost\" ><div class='avia_textblock  '   itemprop=\"text\" ><p style=\"text-align: justify;\">Durante este viernes 3 de octubre, las y los funcionarios del Instituto Nacional de la Juventud (INJUV) de todo el Chile dieron inicio a una movilizaci\u00f3n y paralizaci\u00f3n indefinida, en rechazo al recorte presupuestario que pretende aplicar el Gobierno para la ejecuci\u00f3n 2026 de los programas dirigidos a las juventudes.<\/p>\n<p style=\"text-align: justify;\">Seg\u00fan explic\u00f3 Yuksu Ramos Ardiles, presidente de la Asociaci\u00f3n de Funcionarias y Funcionarios del INJUV (AFINJUV), \u201chemos paralizado nuestras acciones frente a la rebaja presupuestaria y los distintos recortes sectoriales que hemos enfrentado. Nos preocupa profundamente que una deficiencia presupuestaria atente contra el desarrollo y fortalecimiento de las pol\u00edticas nacionales de juventudes\u201d.<\/p>\n<p style=\"text-align: justify;\">De acuerdo con la propuesta ingresada al Congreso en el marco de la Ley de Presupuestos 2026, INJUV enfrenta una disminuci\u00f3n de 875 millones de pesos, recursos que hoy sostienen programas claves como Hablemos de Todo, Compromiso Joven, Observatorio de las Juventudes y Voluntariado.<\/p>\n<p style=\"text-align: justify;\">Este recorte atenta tambi\u00e9n directamente contra las juventudes del pa\u00eds, al poner en riesgo el funcionamiento de las direcciones regionales del Maule y Ays\u00e9n, que podr\u00edan ser cerradas culminando el a\u00f1o 2025. Con ello, se eliminar\u00edan espacios p\u00fablicos y gratuitos donde las juventudes de diversas comunidades hoy se organizan, se capacitan y participan activamente en la construcci\u00f3n de sus territorios. A ello se suma que 48 funcionarias y funcionarios perder\u00edan sus empleos en diciembre del a\u00f1o en curso, afectando directamente la continuidad del trabajo territorial que se realiza en todo pa\u00eds.<\/p>\n<p style=\"text-align: justify;\">Desde AFINJUV, las y los trabajadores advierten que esta situaci\u00f3n no es aislada, sino el resultado de a\u00f1os de precarizaci\u00f3n laboral y reducci\u00f3n constante del presupuesto, lo que ha limitado cada vez m\u00e1s el alcance de las pol\u00edticas p\u00fablicas de juventud.<\/p>\n<p style=\"text-align: justify;\">Las funcionarias y funcionarios de INJUV hacen un llamado a la ciudadan\u00eda, a las juventudes, a las y los parlamentarios y a las organizaciones sociales a apoyar esta movilizaci\u00f3n y a exigir la reposici\u00f3n del presupuesto, para garantizar que las pol\u00edticas de juventud sigan siendo un derecho y no un privilegio.<\/p>\n<p style=\"text-align: justify;\">Desde este viernes 3 de octubre, las y los trabajadores mantendr\u00e1n un paro de manera indefinida, realizando acciones de movilizaci\u00f3n y visibilizaci\u00f3n en Santiago y en todas las regiones del pa\u00eds, en defensa de las juventudes, del trabajo p\u00fablico y de la dignidad laboral.<\/p>\n<\/div><\/section><\/div><div  style='height:50px' class='hr hr-invisible   avia-builder-el-6  el_after_av_one_full  el_before_av_social_share '><span class='hr-inner ' ><span class='hr-inner-style'><\/span><\/span><\/div><\/p>\n<div  class='av-social-sharing-box  avia-builder-el-7  el_after_av_hr  el_before_av_hr  '><div class='av-share-box'><h5 class='av-share-link-description av-no-toc '>Compartir esta noticia<\/h5><ul class='av-share-box-list noLightbox'><li class='av-share-link av-social-link-facebook' ><a target=\"_blank\" aria-label=\"Compartir en Facebook\" href='https:\/\/www.facebook.com\/sharer.php?u=https:\/\/radiorevelacionfm.cl\/?p=59979&#038;t=Funcionarias%2Fos%20de%20INJUV%20se%20movilizan%20de%20manera%20indefinida%20en%20defensa%20de%20las%20juventudes%20y%20en%20rechazo%20al%20recorte%20presupuestario%202026' aria-hidden='false' data-av_icon='\ue8f3' data-av_iconfont='entypo-fontello' title='' data-avia-related-tooltip='Compartir en Facebook' rel=\"noopener\"><span class='avia_hidden_link_text'>Compartir en Facebook<\/span><\/a><\/li><li class='av-share-link av-social-link-twitter' ><a target=\"_blank\" aria-label=\"Compartir en Twitter\" href='https:\/\/twitter.com\/share?text=Funcionarias%2Fos%20de%20INJUV%20se%20movilizan%20de%20manera%20indefinida%20en%20defensa%20de%20las%20juventudes%20y%20en%20rechazo%20al%20recorte%20presupuestario%202026&#038;url=https:\/\/radiorevelacionfm.cl\/?p=59979' aria-hidden='false' data-av_icon='\ue8f1' data-av_iconfont='entypo-fontello' title='' data-avia-related-tooltip='Compartir en Twitter' rel=\"noopener\"><span class='avia_hidden_link_text'>Compartir en Twitter<\/span><\/a><\/li><li class='av-share-link av-social-link-whatsapp' ><a target=\"_blank\" aria-label=\"Compartir en Whatsapp\" href='https:\/\/api.whatsapp.com\/send?text=https:\/\/radiorevelacionfm.cl\/?p=59979' aria-hidden='false' data-av_icon='\uf232' data-av_iconfont='entypo-fontello' title='' data-avia-related-tooltip='Compartir en Whatsapp' rel=\"noopener\"><span class='avia_hidden_link_text'>Compartir en Whatsapp<\/span><\/a><\/li><li class='av-share-link av-social-link-linkedin' ><a target=\"_blank\" aria-label=\"Compartir en LinkedIn\" href='https:\/\/linkedin.com\/shareArticle?mini=true&#038;title=Funcionarias%2Fos%20de%20INJUV%20se%20movilizan%20de%20manera%20indefinida%20en%20defensa%20de%20las%20juventudes%20y%20en%20rechazo%20al%20recorte%20presupuestario%202026&#038;url=https:\/\/radiorevelacionfm.cl\/?p=59979' aria-hidden='false' data-av_icon='\ue8fc' data-av_iconfont='entypo-fontello' title='' data-avia-related-tooltip='Compartir en LinkedIn' rel=\"noopener\"><span class='avia_hidden_link_text'>Compartir en LinkedIn<\/span><\/a><\/li><li class='av-share-link av-social-link-mail' ><a  aria-label=\"Compartir por correo\" href='mailto:?subject=Funcionarias%2Fos%20de%20INJUV%20se%20movilizan%20de%20manera%20indefinida%20en%20defensa%20de%20las%20juventudes%20y%20en%20rechazo%20al%20recorte%20presupuestario%202026&#038;body=https:\/\/radiorevelacionfm.cl\/?p=59979' aria-hidden='false' data-av_icon='\ue805' data-av_iconfont='entypo-fontello' title='' data-avia-related-tooltip='Compartir por correo'><span class='avia_hidden_link_text'>Compartir por correo<\/span><\/a><\/li><\/ul><\/div><\/div>\n<div  style='height:50px' class='hr hr-invisible   avia-builder-el-8  el_after_av_social_share  el_before_av_comments_list '><span class='hr-inner ' ><span class='hr-inner-style'><\/span><\/span><\/div>\n<div  class='av-buildercomment  av-blog-meta-html-info-disabled av-blog-meta-tag-disabled  '><\/div>\n","protected":false},"excerpt":{"rendered":"","protected":false},"author":1,"featured_media":59980,"comment_status":"closed","ping_status":"closed","sticky":false,"template":"","format":"standard","meta":{"footnotes":""},"categories":[38],"tags":[],"class_list":["post-59979","post","type-post","status-publish","format-standard","has-post-thumbnail","hentry","category-regional"],"jetpack_featured_media_url":"https:\/\/radiorevelacionfm.cl\/wp-content\/uploads\/2025\/10\/INJUV-2-1.jpg","_links":{"self":[{"href":"https:\/\/radiorevelacionfm.cl\/index.php?rest_route=\/wp\/v2\/posts\/59979","targetHints":{"allow":["GET"]}}],"collection":[{"href":"https:\/\/radiorevelacionfm.cl\/index.php?rest_route=\/wp\/v2\/posts"}],"about":[{"href":"https:\/\/radiorevelacionfm.cl\/index.php?rest_route=\/wp\/v2\/types\/post"}],"author":[{"embeddable":true,"href":"https:\/\/radiorevelacionfm.cl\/index.php?rest_route=\/wp\/v2\/users\/1"}],"replies":[{"embeddable":true,"href":"https:\/\/radiorevelacionfm.cl\/index.php?rest_route=%2Fwp%2Fv2%2Fcomments&post=59979"}],"version-history":[{"count":2,"href":"https:\/\/radiorevelacionfm.cl\/index.php?rest_route=\/wp\/v2\/posts\/59979\/revisions"}],"predecessor-version":[{"id":59982,"href":"https:\/\/radiorevelacionfm.cl\/index.php?rest_route=\/wp\/v2\/posts\/59979\/revisions\/59982"}],"wp:featuredmedia":[{"embeddable":true,"href":"https:\/\/radiorevelacionfm.cl\/index.php?rest_route=\/wp\/v2\/media\/59980"}],"wp:attachment":[{"href":"https:\/\/radiorevelacionfm.cl\/index.php?rest_route=%2Fwp%2Fv2%2Fmedia&parent=59979"}],"wp:term":[{"taxonomy":"category","embeddable":true,"href":"https:\/\/radiorevelacionfm.cl\/index.php?rest_route=%2Fwp%2Fv2%2Fcategories&post=59979"},{"taxonomy":"post_tag","embeddable":true,"href":"https:\/\/radiorevelacionfm.cl\/index.php?rest_route=%2Fwp%2Fv2%2Ftags&post=59979"}],"curies":[{"name":"wp","href":"https:\/\/api.w.org\/{rel}","templated":true}]}}