{"id":59975,"date":"2025-10-06T12:38:13","date_gmt":"2025-10-06T15:38:13","guid":{"rendered":"https:\/\/radiorevelacionfm.cl\/?p=59975"},"modified":"2025-10-06T12:38:13","modified_gmt":"2025-10-06T15:38:13","slug":"con-maquinarias-instaladas-en-frentes-norte-y-sur-vialidad-combate-rodado-para-reanudar-conectividad-en-ruta-7-sur-sector-puente-traihuanca","status":"publish","type":"post","link":"https:\/\/radiorevelacionfm.cl\/?p=59975","title":{"rendered":"Con maquinarias instaladas en frentes norte y sur vialidad combate rodado para reanudar conectividad en Ruta 7 sur, sector Puente Traihuanca"},"content":{"rendered":"<div class=\"flex_column av_one_full  flex_column_div av-zero-column-padding first  avia-builder-el-0  el_before_av_one_full  avia-builder-el-first  \" style='border-radius:0px; '><div  class='avia-image-container  av-styling-    avia-builder-el-1  avia-builder-el-no-sibling  avia-align-center '  itemprop=\"image\" itemscope=\"itemscope\" itemtype=\"https:\/\/schema.org\/ImageObject\"  ><div class='avia-image-container-inner'><div class='avia-image-overlay-wrap'><img decoding=\"async\" class='wp-image-59976 avia-img-lazy-loading-not-59976 avia_image' src=\"https:\/\/radiorevelacionfm.cl\/wp-content\/uploads\/2025\/10\/img-20251004-wa0126-1_optimized-1.jpg\" alt='' title='img-20251004-wa0126-(1)_optimized (1)' height=\"815\" width=\"800\"  itemprop=\"thumbnailUrl\" srcset=\"https:\/\/radiorevelacionfm.cl\/wp-content\/uploads\/2025\/10\/img-20251004-wa0126-1_optimized-1.jpg 800w, https:\/\/radiorevelacionfm.cl\/wp-content\/uploads\/2025\/10\/img-20251004-wa0126-1_optimized-1-294x300.jpg 294w, https:\/\/radiorevelacionfm.cl\/wp-content\/uploads\/2025\/10\/img-20251004-wa0126-1_optimized-1-768x782.jpg 768w, https:\/\/radiorevelacionfm.cl\/wp-content\/uploads\/2025\/10\/img-20251004-wa0126-1_optimized-1-36x36.jpg 36w, https:\/\/radiorevelacionfm.cl\/wp-content\/uploads\/2025\/10\/img-20251004-wa0126-1_optimized-1-692x705.jpg 692w, https:\/\/radiorevelacionfm.cl\/wp-content\/uploads\/2025\/10\/img-20251004-wa0126-1_optimized-1-450x458.jpg 450w, https:\/\/radiorevelacionfm.cl\/wp-content\/uploads\/2025\/10\/img-20251004-wa0126-1_optimized-1-600x611.jpg 600w\" sizes=\"(max-width: 800px) 100vw, 800px\" \/><\/div><\/div><\/div><\/div><div class=\"flex_column av_one_full  flex_column_div av-zero-column-padding first  avia-builder-el-2  el_after_av_one_full  el_before_av_one_full  column-top-margin\" style='border-radius:0px; '><section class=\"av_textblock_section \"  itemscope=\"itemscope\" itemtype=\"https:\/\/schema.org\/BlogPosting\" itemprop=\"blogPost\" ><div class='avia_textblock  '   itemprop=\"text\" ><p style=\"text-align: center;\"><strong><span style=\"font-size: 18pt;\">Con maquinarias instaladas en frentes norte y sur vialidad combate rodado para reanudar conectividad en Ruta 7 sur, sector Puente Traihuanca<\/span><\/strong><\/p>\n<div id=\"gtx-trans\" style=\"position: absolute; left: -50px; top: 4.31534px;\">\n<div class=\"gtx-trans-icon\"><\/div>\n<\/div>\n<\/div><\/section><\/div><div class=\"flex_column av_one_full  flex_column_div av-zero-column-padding first  avia-builder-el-4  el_after_av_one_full  el_before_av_hr  column-top-margin\" style='border-radius:0px; '><section class=\"av_textblock_section \"  itemscope=\"itemscope\" itemtype=\"https:\/\/schema.org\/BlogPosting\" itemprop=\"blogPost\" ><div class='avia_textblock  '   itemprop=\"text\" ><ul>\n<li style=\"text-align: justify;\"><em>Autoridades este domingo inspeccionaron las faenas. Vialidad enfrenta rodado de 60 mil metros c\u00fabicos con altura que supera los 5 metros. En tanto, se retom\u00f3 la conectividad tanto con Puerto Yungay, en la comuna de Villa O&#8217; Higgins y con Tortel.<\/em><\/li>\n<\/ul>\n<p style=\"text-align: justify;\">Este domingo 05 de octubre, el Delegado Presidencial Regional, Jorge D\u00edaz Guzm\u00e1n junto al director regional de Vialidad del MOP, Renzo Sanders, y el Jefe del Departamento de Contratos de Vialidad, Patricio Dur\u00e1n inspeccionaron las faenas que desarrolla Vialidad del Ministerio de Obras P\u00fablicas en rodado que mantiene suspendido el tr\u00e1nsito en la Ruta 7 Sur, a la altura del puente Traihuanca.<\/p>\n<p style=\"text-align: justify;\">Desde el Ministerio de Obras P\u00fablicas indicaron que los equipos que llegaron hasta el km 785 de la Ruta 7 Sur, lugar donde existe rodado de 6 mil metros c\u00fabicos con una altura superior a los 5 metros, lo est\u00e1n abordando por ambos frentes, norte y sur, para dar conectividad a la Ruta 7 Sur en ese sector habilitando el tr\u00e1nsito terrestre este martes.<\/p>\n<p style=\"text-align: justify;\">\u201cBueno, gracias al apoyo de Carabineros hemos llegado ac\u00e1 al kil\u00f3metro 785 desde Coyhaique, donde est\u00e1 el derrumbe m\u00e1s considerable que hay en la ruta, cerca del puente Taihuanca. El trabajo que nos queda es bastante arduo, pero tanto los ingenieros como todo el personal de vialidad est\u00e1n trabajando intensamente para restablecer lo antes posible el tr\u00e1nsito en esta ruta 7 o carretera Austral. As\u00ed que estamos muy contento, y hemos saludado por supuesto quienes est\u00e1n trabajando ac\u00e1 y nos vamos muy esperanzados de que al menos el martes podr\u00edamos tener quiz\u00e1s ya el tr\u00e1nsito relativamente normal entre Coyhaique y la Provincia Capit\u00e1n Prat\u201d, Delegado Presidencia Regional Jorge D\u00edaz.<\/p>\n<p style=\"text-align: justify;\">Por su parte, el director de Vialidad del MOP en la regi\u00f3n de Ays\u00e9n Renzo Sanders Cort\u00e9s describi\u00f3 los trabajos que se desarrollan: \u201cSe lleg\u00f3 aqu\u00ed al punto rodado cerca del puente Traihuanca a las 16 horas, se empezaron los trabajos, hoy d\u00eda continuamos, tenemos confeccionada la plataforma y se est\u00e1n haciendo los trabajos para posteriormente poder tirar material seco. Esto tiene que drenar, y con ese material seco pueda estar el camino m\u00e1s compactado y como dec\u00eda el Delegado, esperamos el d\u00eda martes poder dar tr\u00e1nsito en forma pr\u00e1cticamente normal\u201d.<\/p>\n<p style=\"text-align: justify;\">En tanto, el Jefe de Contratos Vialidad MOP Regi\u00f3n de Ays\u00e9n Patricio Duran agreg\u00f3: \u201cEstamos abord\u00e1ndolo con nuestro equipo del Contrato de Conservaci\u00f3n Global de Cuenca Ib\u00e1\u00f1ez, ya estamos interviniendo con excavadoras, con camiones y con personal para habilitar esta plataforma. El avance que tenemos hasta este minuto es que el deslizamiento abarca un volumen aproximado de 60 mil metros c\u00fabicos, de los cuales alrededor de 4.000 son los que se detectan directamente de la plataforma del camino y en donde tenemos alturas que superan los 5 metros de altura. El trabajo se ha efectuado en forma normal, pero lento siempre teniendo cuidado de cuidar a nuestro personal que se encuentra trabajando en obra\u201d.<\/p>\n<p style=\"text-align: justify;\">Paralelamente, la Secretaria Regional Ministerial de Obras P\u00fablicas, Paloma Jara Vald\u00e9s, viaj\u00f3 hasta Cochrane para estar presente en gabinete que tuvo como centro la provincia Capit\u00e1n Prat, reunirse con equipos viales de la provincia y coordinar acciones ministeriales.<\/p>\n<p style=\"text-align: justify;\">\u201cNos encontramos en Cochrane, vinimos con nuestro delegado presidencial regional a acompa\u00f1ar en un gabinete que tuvo como centro precisamente esta provincia, la provincia Capit\u00e1n Prat. Nos reunimos tambi\u00e9n con la gente de la Oficina Provincial de Vialidad con quienes pudimos apreciar los avances en las obras en esta provincia, y ya podemos decir que no tenemos comunas aisladas en la zona sur de la regi\u00f3n. Se retom\u00f3 la conectividad tanto con Puerto Yungay, es decir con la comuna de Villa O&#8217; Higgins y con Tortel. Ahora seguimos trabajando en el corte del kil\u00f3metro 785 de Carretera Austral, esto es Traihuanca. Estamos habilitando un bypass, el cual esperamos quede operativo para todo tipo de veh\u00edculos el martes durante la ma\u00f1ana. Adem\u00e1s, destacar el gran trabajo que han hecho todas nuestras empresas y nuestra Administraci\u00f3n Directa, que hayamos recuperado la ruta 265 ha significado poder traer combustible a Cochrane y eso es un avance en medio de la emergencia. Seguimos trabajando para que todas las personas de la regi\u00f3n de Ays\u00e9n tengan conectividad y puedan muchos de ellos retornar a sus hogares\u201d, asegur\u00f3 \u00a0la SEREMI del MOP.<\/p>\n<\/div><\/section><\/div><div  style='height:50px' class='hr hr-invisible   avia-builder-el-6  el_after_av_one_full  el_before_av_social_share '><span class='hr-inner ' ><span class='hr-inner-style'><\/span><\/span><\/div><\/p>\n<div  class='av-social-sharing-box  avia-builder-el-7  el_after_av_hr  el_before_av_hr  '><div class='av-share-box'><h5 class='av-share-link-description av-no-toc '>Compartir esta noticia<\/h5><ul class='av-share-box-list noLightbox'><li class='av-share-link av-social-link-facebook' ><a target=\"_blank\" aria-label=\"Compartir en Facebook\" href='https:\/\/www.facebook.com\/sharer.php?u=https:\/\/radiorevelacionfm.cl\/?p=59975&#038;t=Con%20maquinarias%20instaladas%20en%20frentes%20norte%20y%20sur%20vialidad%20combate%20rodado%20para%20reanudar%20conectividad%20en%20Ruta%207%20sur%2C%20sector%20Puente%20Traihuanca' aria-hidden='false' data-av_icon='\ue8f3' data-av_iconfont='entypo-fontello' title='' data-avia-related-tooltip='Compartir en Facebook' rel=\"noopener\"><span class='avia_hidden_link_text'>Compartir en Facebook<\/span><\/a><\/li><li class='av-share-link av-social-link-twitter' ><a target=\"_blank\" aria-label=\"Compartir en Twitter\" href='https:\/\/twitter.com\/share?text=Con%20maquinarias%20instaladas%20en%20frentes%20norte%20y%20sur%20vialidad%20combate%20rodado%20para%20reanudar%20conectividad%20en%20Ruta%207%20sur%2C%20sector%20Puente%20Traihuanca&#038;url=https:\/\/radiorevelacionfm.cl\/?p=59975' aria-hidden='false' data-av_icon='\ue8f1' data-av_iconfont='entypo-fontello' title='' data-avia-related-tooltip='Compartir en Twitter' rel=\"noopener\"><span class='avia_hidden_link_text'>Compartir en Twitter<\/span><\/a><\/li><li class='av-share-link av-social-link-whatsapp' ><a target=\"_blank\" aria-label=\"Compartir en Whatsapp\" href='https:\/\/api.whatsapp.com\/send?text=https:\/\/radiorevelacionfm.cl\/?p=59975' aria-hidden='false' data-av_icon='\uf232' data-av_iconfont='entypo-fontello' title='' data-avia-related-tooltip='Compartir en Whatsapp' rel=\"noopener\"><span class='avia_hidden_link_text'>Compartir en Whatsapp<\/span><\/a><\/li><li class='av-share-link av-social-link-linkedin' ><a target=\"_blank\" aria-label=\"Compartir en LinkedIn\" href='https:\/\/linkedin.com\/shareArticle?mini=true&#038;title=Con%20maquinarias%20instaladas%20en%20frentes%20norte%20y%20sur%20vialidad%20combate%20rodado%20para%20reanudar%20conectividad%20en%20Ruta%207%20sur%2C%20sector%20Puente%20Traihuanca&#038;url=https:\/\/radiorevelacionfm.cl\/?p=59975' aria-hidden='false' data-av_icon='\ue8fc' data-av_iconfont='entypo-fontello' title='' data-avia-related-tooltip='Compartir en LinkedIn' rel=\"noopener\"><span class='avia_hidden_link_text'>Compartir en LinkedIn<\/span><\/a><\/li><li class='av-share-link av-social-link-mail' ><a  aria-label=\"Compartir por correo\" href='mailto:?subject=Con%20maquinarias%20instaladas%20en%20frentes%20norte%20y%20sur%20vialidad%20combate%20rodado%20para%20reanudar%20conectividad%20en%20Ruta%207%20sur%2C%20sector%20Puente%20Traihuanca&#038;body=https:\/\/radiorevelacionfm.cl\/?p=59975' aria-hidden='false' data-av_icon='\ue805' data-av_iconfont='entypo-fontello' title='' data-avia-related-tooltip='Compartir por correo'><span class='avia_hidden_link_text'>Compartir por correo<\/span><\/a><\/li><\/ul><\/div><\/div>\n<div  style='height:50px' class='hr hr-invisible   avia-builder-el-8  el_after_av_social_share  el_before_av_comments_list '><span class='hr-inner ' ><span class='hr-inner-style'><\/span><\/span><\/div>\n<div  class='av-buildercomment  av-blog-meta-html-info-disabled av-blog-meta-tag-disabled  '><\/div>\n","protected":false},"excerpt":{"rendered":"","protected":false},"author":1,"featured_media":59976,"comment_status":"closed","ping_status":"closed","sticky":false,"template":"","format":"standard","meta":{"footnotes":""},"categories":[38],"tags":[],"class_list":["post-59975","post","type-post","status-publish","format-standard","has-post-thumbnail","hentry","category-regional"],"jetpack_featured_media_url":"https:\/\/radiorevelacionfm.cl\/wp-content\/uploads\/2025\/10\/img-20251004-wa0126-1_optimized-1.jpg","_links":{"self":[{"href":"https:\/\/radiorevelacionfm.cl\/index.php?rest_route=\/wp\/v2\/posts\/59975","targetHints":{"allow":["GET"]}}],"collection":[{"href":"https:\/\/radiorevelacionfm.cl\/index.php?rest_route=\/wp\/v2\/posts"}],"about":[{"href":"https:\/\/radiorevelacionfm.cl\/index.php?rest_route=\/wp\/v2\/types\/post"}],"author":[{"embeddable":true,"href":"https:\/\/radiorevelacionfm.cl\/index.php?rest_route=\/wp\/v2\/users\/1"}],"replies":[{"embeddable":true,"href":"https:\/\/radiorevelacionfm.cl\/index.php?rest_route=%2Fwp%2Fv2%2Fcomments&post=59975"}],"version-history":[{"count":2,"href":"https:\/\/radiorevelacionfm.cl\/index.php?rest_route=\/wp\/v2\/posts\/59975\/revisions"}],"predecessor-version":[{"id":59978,"href":"https:\/\/radiorevelacionfm.cl\/index.php?rest_route=\/wp\/v2\/posts\/59975\/revisions\/59978"}],"wp:featuredmedia":[{"embeddable":true,"href":"https:\/\/radiorevelacionfm.cl\/index.php?rest_route=\/wp\/v2\/media\/59976"}],"wp:attachment":[{"href":"https:\/\/radiorevelacionfm.cl\/index.php?rest_route=%2Fwp%2Fv2%2Fmedia&parent=59975"}],"wp:term":[{"taxonomy":"category","embeddable":true,"href":"https:\/\/radiorevelacionfm.cl\/index.php?rest_route=%2Fwp%2Fv2%2Fcategories&post=59975"},{"taxonomy":"post_tag","embeddable":true,"href":"https:\/\/radiorevelacionfm.cl\/index.php?rest_route=%2Fwp%2Fv2%2Ftags&post=59975"}],"curies":[{"name":"wp","href":"https:\/\/api.w.org\/{rel}","templated":true}]}}