{"id":59971,"date":"2025-10-06T12:28:45","date_gmt":"2025-10-06T15:28:45","guid":{"rendered":"https:\/\/radiorevelacionfm.cl\/?p=59971"},"modified":"2025-10-06T12:28:45","modified_gmt":"2025-10-06T15:28:45","slug":"cchc-coyhaique-lanza-semana-de-la-seguridad-y-salud-laboral-con-foco-en-el-liderazgo-y-la-prevencion","status":"publish","type":"post","link":"https:\/\/radiorevelacionfm.cl\/?p=59971","title":{"rendered":"CChC Coyhaique Lanza \u201cSemana de la Seguridad y Salud Laboral\u201d con foco en el liderazgo y la prevenci\u00f3n"},"content":{"rendered":"<div class=\"flex_column av_one_full  flex_column_div av-zero-column-padding first  avia-builder-el-0  el_before_av_one_full  avia-builder-el-first  \" style='border-radius:0px; '><div  class='avia-image-container  av-styling-    avia-builder-el-1  avia-builder-el-no-sibling  avia-align-center '  itemprop=\"image\" itemscope=\"itemscope\" itemtype=\"https:\/\/schema.org\/ImageObject\"  ><div class='avia-image-container-inner'><div class='avia-image-overlay-wrap'><img decoding=\"async\" class='wp-image-59972 avia-img-lazy-loading-not-59972 avia_image' src=\"https:\/\/radiorevelacionfm.cl\/wp-content\/uploads\/2025\/10\/seguridad-laboral-1-1_optimized.jpg\" alt='' title='seguridad-laboral-1-(1)_optimized' height=\"600\" width=\"800\"  itemprop=\"thumbnailUrl\" srcset=\"https:\/\/radiorevelacionfm.cl\/wp-content\/uploads\/2025\/10\/seguridad-laboral-1-1_optimized.jpg 800w, https:\/\/radiorevelacionfm.cl\/wp-content\/uploads\/2025\/10\/seguridad-laboral-1-1_optimized-300x225.jpg 300w, https:\/\/radiorevelacionfm.cl\/wp-content\/uploads\/2025\/10\/seguridad-laboral-1-1_optimized-768x576.jpg 768w, https:\/\/radiorevelacionfm.cl\/wp-content\/uploads\/2025\/10\/seguridad-laboral-1-1_optimized-705x529.jpg 705w, https:\/\/radiorevelacionfm.cl\/wp-content\/uploads\/2025\/10\/seguridad-laboral-1-1_optimized-450x338.jpg 450w, https:\/\/radiorevelacionfm.cl\/wp-content\/uploads\/2025\/10\/seguridad-laboral-1-1_optimized-600x450.jpg 600w\" sizes=\"(max-width: 800px) 100vw, 800px\" \/><\/div><\/div><\/div><\/div><div class=\"flex_column av_one_full  flex_column_div av-zero-column-padding first  avia-builder-el-2  el_after_av_one_full  el_before_av_one_full  column-top-margin\" style='border-radius:0px; '><section class=\"av_textblock_section \"  itemscope=\"itemscope\" itemtype=\"https:\/\/schema.org\/BlogPosting\" itemprop=\"blogPost\" ><div class='avia_textblock  '   itemprop=\"text\" ><p style=\"text-align: center;\"><strong><span style=\"font-size: 18pt;\">CChC Coyhaique Lanza \u201cSemana de la Seguridad y Salud Laboral\u201d con foco en el liderazgo y la prevenci\u00f3n<\/span><\/strong><\/p>\n<div id=\"gtx-trans\" style=\"position: absolute; left: -50px; top: 4.31534px;\">\n<div class=\"gtx-trans-icon\"><\/div>\n<\/div>\n<\/div><\/section><\/div><div class=\"flex_column av_one_full  flex_column_div av-zero-column-padding first  avia-builder-el-4  el_after_av_one_full  el_before_av_hr  column-top-margin\" style='border-radius:0px; '><section class=\"av_textblock_section \"  itemscope=\"itemscope\" itemtype=\"https:\/\/schema.org\/BlogPosting\" itemprop=\"blogPost\" ><div class='avia_textblock  '   itemprop=\"text\" ><p style=\"text-align: justify;\">La C\u00e1mara Chilena de la Construcci\u00f3n (CChC) de Coyhaique dio inicio, el lunes 06 de octubre, a la primera versi\u00f3n de la \u00abSemana de la Seguridad y Salud Laboral 2025\u00bb, una iniciativa que busca reforzar el compromiso del sector con la protecci\u00f3n y el bienestar de los trabajadores en la regi\u00f3n de Ays\u00e9n. El lanzamiento fue encabezado por el presidente de la sede, Pablo Carrasco, y el presidente de la comisi\u00f3n de Seguridad y Salud Laboral, Manuel Suazo.<\/p>\n<p style=\"text-align: justify;\">Bajo el lema \u00abLa seguridad comienza con el liderazgo\u201d, el programa de este a\u00f1o coloca \u00e9nfasis en el liderazgo como pilar fundamental para prevenir accidentes y enfermedades profesionales en las obras. Teniendo por objeto, fortalecer una cultura donde la seguridad sea un valor intransable, con la meta de erradicar los accidentes graves y fatales en la industria local.<\/p>\n<p style=\"text-align: justify;\">Respecto de lo que se busca con esta actividad, el presidente de la CChC Coyhaique, Pablo Carrasco detall\u00f3 \u201cEs acercar la seguridad a los trabajadores, a las empresas y tambi\u00e9n a todo el mundo a la construcci\u00f3n. Los trabajadores est\u00e1n cada vez m\u00e1s preocupados de la seguridad, de hacer que sea parte de la cultura y del trabajo que desarrollan a diario\u201d.<\/p>\n<p style=\"text-align: justify;\">La \u201cSemana de la Seguridad y Salud Laboral 2025\u201d es organizada por la comisi\u00f3n de Seguridad y Salud Laboral de la CChC Coyhaique, cuya labor se centra en promover ambientes de trabajo m\u00e1s seguros y saludables, adapt\u00e1ndose a la realidad laboral del sector construcci\u00f3n en la regi\u00f3n de Ays\u00e9n.<\/p>\n<p style=\"text-align: justify;\">As\u00ed lo indic\u00f3 Manuel Suazo, presidente de la comisi\u00f3n de Seguridad y Salud Laboral de la CChC Coyhaique, quien explic\u00f3 que las actividades que se han coordinado para esta semana buscan fomentar y crear una cultura de prevenci\u00f3n.<\/p>\n<p style=\"text-align: justify;\">\u201cLa seguridad es parte primordial de la labor que hacemos. Somos una industria que tiene sus riesgos, pero llev\u00e1ndolos de buena manera, se puede hacer un trabajo de forma segura. Somos una regi\u00f3n en donde cuesta mucho crear una cultura de seguridad porque no tenemos una industria muy tecnificada. Esta semana tenemos charlas de liderazgo, visitas colaborativas para ir aprendiendo las formas que tienen las empresas de abordar la seguridad y charlas con las autoridades, entre otras actividades\u201d.<\/p>\n<p style=\"text-align: justify;\">A lo largo de la semana, se realizar\u00e1n diversas actividades dise\u00f1adas para sensibilizar y capacitar a empresas y trabajadores. El programa incluye: Un taller de liderazgo; una visita colaborativa a la empresa Gasco y las obras de ampliaci\u00f3n de su planta, un di\u00e1logo sobre seguridad y salud laboral que reunir\u00e1 a trabajadores, prevencionistas, socios y autoridades regionales y la participaci\u00f3n en la exposici\u00f3n de seguridad que la empresa Edelaysen desarrollar\u00e1 para toda la comunidad en la Plaza de Armas de Coyhaique.<\/p>\n<\/div><\/section><\/div><div  style='height:50px' class='hr hr-invisible   avia-builder-el-6  el_after_av_one_full  el_before_av_social_share '><span class='hr-inner ' ><span class='hr-inner-style'><\/span><\/span><\/div><\/p>\n<div  class='av-social-sharing-box  avia-builder-el-7  el_after_av_hr  el_before_av_hr  '><div class='av-share-box'><h5 class='av-share-link-description av-no-toc '>Compartir esta noticia<\/h5><ul class='av-share-box-list noLightbox'><li class='av-share-link av-social-link-facebook' ><a target=\"_blank\" aria-label=\"Compartir en Facebook\" href='https:\/\/www.facebook.com\/sharer.php?u=https:\/\/radiorevelacionfm.cl\/?p=59971&#038;t=CChC%20Coyhaique%20Lanza%20%E2%80%9CSemana%20de%20la%20Seguridad%20y%20Salud%20Laboral%E2%80%9D%20con%20foco%20en%20el%20liderazgo%20y%20la%20prevenci%C3%B3n' aria-hidden='false' data-av_icon='\ue8f3' data-av_iconfont='entypo-fontello' title='' data-avia-related-tooltip='Compartir en Facebook' rel=\"noopener\"><span class='avia_hidden_link_text'>Compartir en Facebook<\/span><\/a><\/li><li class='av-share-link av-social-link-twitter' ><a target=\"_blank\" aria-label=\"Compartir en Twitter\" href='https:\/\/twitter.com\/share?text=CChC%20Coyhaique%20Lanza%20%E2%80%9CSemana%20de%20la%20Seguridad%20y%20Salud%20Laboral%E2%80%9D%20con%20foco%20en%20el%20liderazgo%20y%20la%20prevenci%C3%B3n&#038;url=https:\/\/radiorevelacionfm.cl\/?p=59971' aria-hidden='false' data-av_icon='\ue8f1' data-av_iconfont='entypo-fontello' title='' data-avia-related-tooltip='Compartir en Twitter' rel=\"noopener\"><span class='avia_hidden_link_text'>Compartir en Twitter<\/span><\/a><\/li><li class='av-share-link av-social-link-whatsapp' ><a target=\"_blank\" aria-label=\"Compartir en Whatsapp\" href='https:\/\/api.whatsapp.com\/send?text=https:\/\/radiorevelacionfm.cl\/?p=59971' aria-hidden='false' data-av_icon='\uf232' data-av_iconfont='entypo-fontello' title='' data-avia-related-tooltip='Compartir en Whatsapp' rel=\"noopener\"><span class='avia_hidden_link_text'>Compartir en Whatsapp<\/span><\/a><\/li><li class='av-share-link av-social-link-linkedin' ><a target=\"_blank\" aria-label=\"Compartir en LinkedIn\" href='https:\/\/linkedin.com\/shareArticle?mini=true&#038;title=CChC%20Coyhaique%20Lanza%20%E2%80%9CSemana%20de%20la%20Seguridad%20y%20Salud%20Laboral%E2%80%9D%20con%20foco%20en%20el%20liderazgo%20y%20la%20prevenci%C3%B3n&#038;url=https:\/\/radiorevelacionfm.cl\/?p=59971' aria-hidden='false' data-av_icon='\ue8fc' data-av_iconfont='entypo-fontello' title='' data-avia-related-tooltip='Compartir en LinkedIn' rel=\"noopener\"><span class='avia_hidden_link_text'>Compartir en LinkedIn<\/span><\/a><\/li><li class='av-share-link av-social-link-mail' ><a  aria-label=\"Compartir por correo\" href='mailto:?subject=CChC%20Coyhaique%20Lanza%20%E2%80%9CSemana%20de%20la%20Seguridad%20y%20Salud%20Laboral%E2%80%9D%20con%20foco%20en%20el%20liderazgo%20y%20la%20prevenci%C3%B3n&#038;body=https:\/\/radiorevelacionfm.cl\/?p=59971' aria-hidden='false' data-av_icon='\ue805' data-av_iconfont='entypo-fontello' title='' data-avia-related-tooltip='Compartir por correo'><span class='avia_hidden_link_text'>Compartir por correo<\/span><\/a><\/li><\/ul><\/div><\/div>\n<div  style='height:50px' class='hr hr-invisible   avia-builder-el-8  el_after_av_social_share  el_before_av_comments_list '><span class='hr-inner ' ><span class='hr-inner-style'><\/span><\/span><\/div>\n<div  class='av-buildercomment  av-blog-meta-html-info-disabled av-blog-meta-tag-disabled  '><\/div>\n","protected":false},"excerpt":{"rendered":"","protected":false},"author":1,"featured_media":59972,"comment_status":"closed","ping_status":"closed","sticky":false,"template":"","format":"standard","meta":{"footnotes":""},"categories":[38],"tags":[],"class_list":["post-59971","post","type-post","status-publish","format-standard","has-post-thumbnail","hentry","category-regional"],"jetpack_featured_media_url":"https:\/\/radiorevelacionfm.cl\/wp-content\/uploads\/2025\/10\/seguridad-laboral-1-1_optimized.jpg","_links":{"self":[{"href":"https:\/\/radiorevelacionfm.cl\/index.php?rest_route=\/wp\/v2\/posts\/59971","targetHints":{"allow":["GET"]}}],"collection":[{"href":"https:\/\/radiorevelacionfm.cl\/index.php?rest_route=\/wp\/v2\/posts"}],"about":[{"href":"https:\/\/radiorevelacionfm.cl\/index.php?rest_route=\/wp\/v2\/types\/post"}],"author":[{"embeddable":true,"href":"https:\/\/radiorevelacionfm.cl\/index.php?rest_route=\/wp\/v2\/users\/1"}],"replies":[{"embeddable":true,"href":"https:\/\/radiorevelacionfm.cl\/index.php?rest_route=%2Fwp%2Fv2%2Fcomments&post=59971"}],"version-history":[{"count":2,"href":"https:\/\/radiorevelacionfm.cl\/index.php?rest_route=\/wp\/v2\/posts\/59971\/revisions"}],"predecessor-version":[{"id":59974,"href":"https:\/\/radiorevelacionfm.cl\/index.php?rest_route=\/wp\/v2\/posts\/59971\/revisions\/59974"}],"wp:featuredmedia":[{"embeddable":true,"href":"https:\/\/radiorevelacionfm.cl\/index.php?rest_route=\/wp\/v2\/media\/59972"}],"wp:attachment":[{"href":"https:\/\/radiorevelacionfm.cl\/index.php?rest_route=%2Fwp%2Fv2%2Fmedia&parent=59971"}],"wp:term":[{"taxonomy":"category","embeddable":true,"href":"https:\/\/radiorevelacionfm.cl\/index.php?rest_route=%2Fwp%2Fv2%2Fcategories&post=59971"},{"taxonomy":"post_tag","embeddable":true,"href":"https:\/\/radiorevelacionfm.cl\/index.php?rest_route=%2Fwp%2Fv2%2Ftags&post=59971"}],"curies":[{"name":"wp","href":"https:\/\/api.w.org\/{rel}","templated":true}]}}