{"id":5997,"date":"2021-07-06T17:56:31","date_gmt":"2021-07-06T20:56:31","guid":{"rendered":"https:\/\/radiorevelacionfm.cl\/?p=5997"},"modified":"2021-07-06T17:56:31","modified_gmt":"2021-07-06T20:56:31","slug":"gobernador-de-aysen-sostiene-importante-reunion-con-alcalde-de-la-comuna","status":"publish","type":"post","link":"https:\/\/radiorevelacionfm.cl\/?p=5997","title":{"rendered":"Gobernador de Ays\u00e9n sostiene importante reuni\u00f3n con Alcalde de la comuna"},"content":{"rendered":"<div class=\"flex_column av_one_full  flex_column_div av-zero-column-padding first  avia-builder-el-0  el_before_av_one_full  avia-builder-el-first  \" style='border-radius:0px; '><div  class='avia-image-container  av-styling-    avia-builder-el-1  avia-builder-el-no-sibling  avia-align-center '  itemprop=\"image\" itemscope=\"itemscope\" itemtype=\"https:\/\/schema.org\/ImageObject\"  ><div class='avia-image-container-inner'><div class='avia-image-overlay-wrap'><img decoding=\"async\" class='wp-image-0 avia-img-lazy-loading-not-0 avia_image' src=\"https:\/\/radiorevelacionfm.cl\/wp-content\/uploads\/2021\/07\/4-25-1-1.jpg\" alt='' title=''   itemprop=\"thumbnailUrl\"  \/><\/div><\/div><\/div><\/div><div class=\"flex_column av_one_full  flex_column_div av-zero-column-padding first  avia-builder-el-2  el_after_av_one_full  el_before_av_one_full  column-top-margin\" style='border-radius:0px; '><section class=\"av_textblock_section \"  itemscope=\"itemscope\" itemtype=\"https:\/\/schema.org\/BlogPosting\" itemprop=\"blogPost\" ><div class='avia_textblock  '   itemprop=\"text\" ><p style=\"text-align: center;\"><span style=\"font-size: 18pt;\"><strong>Gobernador de Ays\u00e9n sostiene importante reuni\u00f3n con Alcalde de la comuna <\/strong><\/span><\/p>\n<div id=\"gtx-trans\" style=\"position: absolute; left: -50px; top: 4.31534px;\">\n<div class=\"gtx-trans-icon\"><\/div>\n<\/div>\n<\/div><\/section><\/div><div class=\"flex_column av_one_full  flex_column_div av-zero-column-padding first  avia-builder-el-4  el_after_av_one_full  el_before_av_hr  column-top-margin\" style='border-radius:0px; '><section class=\"av_textblock_section \"  itemscope=\"itemscope\" itemtype=\"https:\/\/schema.org\/BlogPosting\" itemprop=\"blogPost\" ><div class='avia_textblock  '   itemprop=\"text\" ><p style=\"text-align: justify;\">Durante la jornada de este martes 6 de julio el Gobernador de la provincia Manuel Ortiz recibi\u00f3 la visita protocolar del nuevo Alcalde de la comuna Julio Uribe y en compa\u00f1\u00eda de su Jefe de Gabinete Marcos Co\u00f1uecar, en donde en una distendida conversaci\u00f3n abordaron diversas materias del \u00e1mbito social y otros temas relevantes para el desarrollo de la comuna.<\/p>\n<p style=\"text-align: justify;\">Julio Uribe al concluir esta cita valor\u00f3 este encuentro sostenido, en donde se vio las ganas de querer trabajar en favor de los vecinos y vecinas de la comuna de Ays\u00e9n \u201cpara nosotros es importante mantener relaciones cordiales con las diferentes autoridades y no es ajeno mantener esta relaci\u00f3n con nuestro Gobernador provincial, que tenemos que trabajar de la mano para un desarrollo de nuestra comunidad, \u00e9l tiene la representaci\u00f3n del Gobierno por tanto nosotros tenemos que canalizar a trav\u00e9s de \u00e9l todos los apoyos que necesitamos para realizar un buen trabajo\u201d.<\/p>\n<p style=\"text-align: justify;\">En tanto el representante del Presidente en la comuna, Gobernador Manuel Ortiz, concordaba en seguir reforzando los lazos con el municipio aisenino en materia social \u201ctuvimos una conversaci\u00f3n referida a los temas que nos interesan y que gracias a Dios coincidimos en ello que es propender a que la coordinaci\u00f3n entre la gobernaci\u00f3n y el municipio siga profundiz\u00e1ndose en las ayudas sociales y llegar a las personas que m\u00e1s lo necesitan hoy en d\u00eda en cada una de las localidades de la comuna de Ays\u00e9n\u201d.<\/p>\n<\/div><\/section><\/div><div  style='height:50px' class='hr hr-invisible   avia-builder-el-6  el_after_av_one_full  el_before_av_social_share '><span class='hr-inner ' ><span class='hr-inner-style'><\/span><\/span><\/div><\/p>\n<div  class='av-social-sharing-box  avia-builder-el-7  el_after_av_hr  el_before_av_hr  '><div class='av-share-box'><h5 class='av-share-link-description av-no-toc '>Compartir esta noticia<\/h5><ul class='av-share-box-list noLightbox'><li class='av-share-link av-social-link-facebook' ><a target=\"_blank\" aria-label=\"Compartir en Facebook\" href='https:\/\/www.facebook.com\/sharer.php?u=https:\/\/radiorevelacionfm.cl\/?p=5997&#038;t=Gobernador%20de%20Ays%C3%A9n%20sostiene%20importante%20reuni%C3%B3n%20con%20Alcalde%20de%20la%20comuna' aria-hidden='false' data-av_icon='\ue8f3' data-av_iconfont='entypo-fontello' title='' data-avia-related-tooltip='Compartir en Facebook' rel=\"noopener\"><span class='avia_hidden_link_text'>Compartir en Facebook<\/span><\/a><\/li><li class='av-share-link av-social-link-twitter' ><a target=\"_blank\" aria-label=\"Compartir en Twitter\" href='https:\/\/twitter.com\/share?text=Gobernador%20de%20Ays%C3%A9n%20sostiene%20importante%20reuni%C3%B3n%20con%20Alcalde%20de%20la%20comuna&#038;url=https:\/\/radiorevelacionfm.cl\/?p=5997' aria-hidden='false' data-av_icon='\ue8f1' data-av_iconfont='entypo-fontello' title='' data-avia-related-tooltip='Compartir en Twitter' rel=\"noopener\"><span class='avia_hidden_link_text'>Compartir en Twitter<\/span><\/a><\/li><li class='av-share-link av-social-link-whatsapp' ><a target=\"_blank\" aria-label=\"Compartir en Whatsapp\" href='https:\/\/api.whatsapp.com\/send?text=https:\/\/radiorevelacionfm.cl\/?p=5997' aria-hidden='false' data-av_icon='\uf232' data-av_iconfont='entypo-fontello' title='' data-avia-related-tooltip='Compartir en Whatsapp' rel=\"noopener\"><span class='avia_hidden_link_text'>Compartir en Whatsapp<\/span><\/a><\/li><li class='av-share-link av-social-link-linkedin' ><a target=\"_blank\" aria-label=\"Compartir en LinkedIn\" href='https:\/\/linkedin.com\/shareArticle?mini=true&#038;title=Gobernador%20de%20Ays%C3%A9n%20sostiene%20importante%20reuni%C3%B3n%20con%20Alcalde%20de%20la%20comuna&#038;url=https:\/\/radiorevelacionfm.cl\/?p=5997' aria-hidden='false' data-av_icon='\ue8fc' data-av_iconfont='entypo-fontello' title='' data-avia-related-tooltip='Compartir en LinkedIn' rel=\"noopener\"><span class='avia_hidden_link_text'>Compartir en LinkedIn<\/span><\/a><\/li><li class='av-share-link av-social-link-mail' ><a  aria-label=\"Compartir por correo\" href='mailto:?subject=Gobernador%20de%20Ays%C3%A9n%20sostiene%20importante%20reuni%C3%B3n%20con%20Alcalde%20de%20la%20comuna&#038;body=https:\/\/radiorevelacionfm.cl\/?p=5997' aria-hidden='false' data-av_icon='\ue805' data-av_iconfont='entypo-fontello' title='' data-avia-related-tooltip='Compartir por correo'><span class='avia_hidden_link_text'>Compartir por correo<\/span><\/a><\/li><\/ul><\/div><\/div>\n<div  style='height:50px' class='hr hr-invisible   avia-builder-el-8  el_after_av_social_share  el_before_av_comments_list '><span class='hr-inner ' ><span class='hr-inner-style'><\/span><\/span><\/div>\n<div  class='av-buildercomment  av-blog-meta-html-info-disabled av-blog-meta-tag-disabled  '><\/div>\n","protected":false},"excerpt":{"rendered":"","protected":false},"author":1,"featured_media":0,"comment_status":"open","ping_status":"open","sticky":false,"template":"","format":"standard","meta":{"footnotes":""},"categories":[38],"tags":[],"class_list":["post-5997","post","type-post","status-publish","format-standard","hentry","category-regional"],"jetpack_featured_media_url":"","_links":{"self":[{"href":"https:\/\/radiorevelacionfm.cl\/index.php?rest_route=\/wp\/v2\/posts\/5997","targetHints":{"allow":["GET"]}}],"collection":[{"href":"https:\/\/radiorevelacionfm.cl\/index.php?rest_route=\/wp\/v2\/posts"}],"about":[{"href":"https:\/\/radiorevelacionfm.cl\/index.php?rest_route=\/wp\/v2\/types\/post"}],"author":[{"embeddable":true,"href":"https:\/\/radiorevelacionfm.cl\/index.php?rest_route=\/wp\/v2\/users\/1"}],"replies":[{"embeddable":true,"href":"https:\/\/radiorevelacionfm.cl\/index.php?rest_route=%2Fwp%2Fv2%2Fcomments&post=5997"}],"version-history":[{"count":1,"href":"https:\/\/radiorevelacionfm.cl\/index.php?rest_route=\/wp\/v2\/posts\/5997\/revisions"}],"predecessor-version":[{"id":6001,"href":"https:\/\/radiorevelacionfm.cl\/index.php?rest_route=\/wp\/v2\/posts\/5997\/revisions\/6001"}],"wp:attachment":[{"href":"https:\/\/radiorevelacionfm.cl\/index.php?rest_route=%2Fwp%2Fv2%2Fmedia&parent=5997"}],"wp:term":[{"taxonomy":"category","embeddable":true,"href":"https:\/\/radiorevelacionfm.cl\/index.php?rest_route=%2Fwp%2Fv2%2Fcategories&post=5997"},{"taxonomy":"post_tag","embeddable":true,"href":"https:\/\/radiorevelacionfm.cl\/index.php?rest_route=%2Fwp%2Fv2%2Ftags&post=5997"}],"curies":[{"name":"wp","href":"https:\/\/api.w.org\/{rel}","templated":true}]}}