{"id":59967,"date":"2025-10-06T10:53:05","date_gmt":"2025-10-06T13:53:05","guid":{"rendered":"https:\/\/radiorevelacionfm.cl\/?p=59967"},"modified":"2025-10-06T10:53:05","modified_gmt":"2025-10-06T13:53:05","slug":"postas-de-salud-rural-de-aysen-alcanzan-el-100-de-cobertura-en-tele-electrocardiogramas","status":"publish","type":"post","link":"https:\/\/radiorevelacionfm.cl\/?p=59967","title":{"rendered":"Postas de salud rural de Ays\u00e9n alcanzan el 100% de cobertura en Tele-Electrocardiogramas"},"content":{"rendered":"<div class=\"flex_column av_one_full  flex_column_div av-zero-column-padding first  avia-builder-el-0  el_before_av_one_full  avia-builder-el-first  \" style='border-radius:0px; '><div  class='avia-image-container  av-styling-    avia-builder-el-1  avia-builder-el-no-sibling  avia-align-center '  itemprop=\"image\" itemscope=\"itemscope\" itemtype=\"https:\/\/schema.org\/ImageObject\"  ><div class='avia-image-container-inner'><div class='avia-image-overlay-wrap'><img decoding=\"async\" class='wp-image-59968 avia-img-lazy-loading-not-59968 avia_image' src=\"https:\/\/radiorevelacionfm.cl\/wp-content\/uploads\/2025\/10\/psr-villa-ortega-3-1_optimized.jpeg\" alt='' title='psr-villa-ortega-3-(1)_optimized' height=\"600\" width=\"901\"  itemprop=\"thumbnailUrl\" srcset=\"https:\/\/radiorevelacionfm.cl\/wp-content\/uploads\/2025\/10\/psr-villa-ortega-3-1_optimized.jpeg 901w, https:\/\/radiorevelacionfm.cl\/wp-content\/uploads\/2025\/10\/psr-villa-ortega-3-1_optimized-300x200.jpeg 300w, https:\/\/radiorevelacionfm.cl\/wp-content\/uploads\/2025\/10\/psr-villa-ortega-3-1_optimized-768x511.jpeg 768w, https:\/\/radiorevelacionfm.cl\/wp-content\/uploads\/2025\/10\/psr-villa-ortega-3-1_optimized-705x469.jpeg 705w, https:\/\/radiorevelacionfm.cl\/wp-content\/uploads\/2025\/10\/psr-villa-ortega-3-1_optimized-450x300.jpeg 450w, https:\/\/radiorevelacionfm.cl\/wp-content\/uploads\/2025\/10\/psr-villa-ortega-3-1_optimized-600x400.jpeg 600w\" sizes=\"(max-width: 901px) 100vw, 901px\" \/><\/div><\/div><\/div><\/div><div class=\"flex_column av_one_full  flex_column_div av-zero-column-padding first  avia-builder-el-2  el_after_av_one_full  el_before_av_one_full  column-top-margin\" style='border-radius:0px; '><section class=\"av_textblock_section \"  itemscope=\"itemscope\" itemtype=\"https:\/\/schema.org\/BlogPosting\" itemprop=\"blogPost\" ><div class='avia_textblock  '   itemprop=\"text\" ><p style=\"text-align: center;\"><span style=\"font-size: 18pt;\"><b>Postas de salud rural de Ays\u00e9n alcanzan el 100% de cobertura en Tele-Electrocardiogramas<\/b><\/span><\/p>\n<div id=\"gtx-trans\" style=\"position: absolute; left: -50px; top: 4.31534px;\">\n<div class=\"gtx-trans-icon\"><\/div>\n<\/div>\n<\/div><\/section><\/div><div class=\"flex_column av_one_full  flex_column_div av-zero-column-padding first  avia-builder-el-4  el_after_av_one_full  el_before_av_hr  column-top-margin\" style='border-radius:0px; '><section class=\"av_textblock_section \"  itemscope=\"itemscope\" itemtype=\"https:\/\/schema.org\/BlogPosting\" itemprop=\"blogPost\" ><div class='avia_textblock  '   itemprop=\"text\" ><p style=\"text-align: justify;\"><em>La Regi\u00f3n se convierte en la primera del pa\u00eds en garantizar la toma de este examen en el territorio, una iniciativa impulsada por el Servicio de Salud Ays\u00e9n.<\/em><\/p>\n<p style=\"text-align: justify;\">En la Posta de Salud Rural (PSR) de Villa Ortega se concret\u00f3 la instalaci\u00f3n del \u00faltimo equipo de Tele-Electrocardiograma. Con este hito, el Servicio de Salud Ays\u00e9n logra que el 100% de los establecimientos rurales dispongan de esta herramienta, permitiendo diagn\u00f3sticos r\u00e1pidos, oportunos y con apoyo especializado a distancia.<\/p>\n<p style=\"text-align: justify;\">\u00a0\u201cEstamos felices, se completa la entrega del equipamiento de Tele-Electrocardiogramas en todas las postas de salud rural. Esto va a cambiar la salud en la Regi\u00f3n de Ays\u00e9n, porque ahora podemos tomar el examen en cada dispositivo y contar con la informaci\u00f3n de inmediato. Es un avance tanto preventivo como en urgencias, que permite tomar mejores decisiones en cada localidad. Es una excelente noticia para nuestros usuarios de la Red Asistencial, porque se garantiza equidad y atenci\u00f3n oportuna\u201d expres\u00f3, Juan Pablo Bravo Quintana, director del Servicio de Salud Ays\u00e9n.<\/p>\n<p style=\"text-align: justify;\">La implementaci\u00f3n del sistema en la Red Asistencial permite que los ex\u00e1menes se realicen directamente en la PSR y que sus resultados sean enviados de forma telem\u00e1tica a especialistas, agilizando la atenci\u00f3n y mejorando la capacidad resolutiva en sectores apartados de la regi\u00f3n.<\/p>\n<p style=\"text-align: justify;\">Jenny Obando, Referente en la Red de Salud Digital explic\u00f3, \u201ceste es un examen r\u00e1pido, demora menos de cinco minutos y es informado por un cardi\u00f3logo.\u00a0Est\u00e1 disponible los siete d\u00edas de la semana, las 24 horas del d\u00eda\u00a0y el paciente no necesita moverse de su posta o CESFAM, ni requiere preparaci\u00f3n previa\u201d, explic\u00f3 Obando.<\/p>\n<p style=\"text-align: justify;\">Con la incorporaci\u00f3n de estos equipos se busca reducir los tiempos de espera para un diagn\u00f3stico y favorecer el traslado oportuno de los pacientes hacia centros de mayor complejidad cuando sea necesario.<\/p>\n<p style=\"text-align: justify;\">El TENS encargado de la PSR de Villa Ortega, destac\u00f3 este nuevo equipamiento puesto que los propios usuarios valoran de manera positiva este servicio.<\/p>\n<p style=\"text-align: justify;\">\u201cEste nuevo equipamiento acorta de manera significativa los tiempos de atenci\u00f3n. Antes tom\u00e1bamos el electro, lo imprim\u00edamos y luego deb\u00eda revisarlo la doctora; ahora, en menos de un minuto el examen se transmite al software y en menos de diez minutos tenemos el informe del cardi\u00f3logo. Para los adultos mayores y en casos de urgencia, es una ayuda enorme. Adem\u00e1s, al trabajar coordinados con el SAMU, este sistema mejora mucho la respuesta en situaciones cr\u00edticas\u201d se\u00f1al\u00f3, Marco Ojeda Aranda, el TENS de la PSR de Villa Ortega.<\/p>\n<p style=\"text-align: justify;\">Con esta implementaci\u00f3n, la Regi\u00f3n de Ays\u00e9n marca un precedente a nivel nacional al ser la primera en contar con electrocardiogramas en todas sus PSR. Una innovaci\u00f3n que refleja el compromiso del Servicio de Salud Ays\u00e9n por acercar las prestaciones a la comunidad, garantizando mayor equidad y resolutividad en los territorios m\u00e1s apartados.<\/p>\n<p style=\"text-align: justify;\">Desde la Red Asistencial hicieron un llamado a todas las personas con molestias cardiovasculares o que formen parte de programas de salud como hipertensi\u00f3n y diabetes a acudir a su centro de atenci\u00f3n para solicitar este examen, ya disponible en toda la regi\u00f3n. Este avance beneficia especialmente a quienes padecen de enfermedades cr\u00f3nicas y a las personas mayores, que ahora pueden acceder a esta atenci\u00f3n sin necesidad de trasladarse largas distancias.<\/p>\n<\/div><\/section><\/div><div  style='height:50px' class='hr hr-invisible   avia-builder-el-6  el_after_av_one_full  el_before_av_social_share '><span class='hr-inner ' ><span class='hr-inner-style'><\/span><\/span><\/div><\/p>\n<div  class='av-social-sharing-box  avia-builder-el-7  el_after_av_hr  el_before_av_hr  '><div class='av-share-box'><h5 class='av-share-link-description av-no-toc '>Compartir esta noticia<\/h5><ul class='av-share-box-list noLightbox'><li class='av-share-link av-social-link-facebook' ><a target=\"_blank\" aria-label=\"Compartir en Facebook\" href='https:\/\/www.facebook.com\/sharer.php?u=https:\/\/radiorevelacionfm.cl\/?p=59967&#038;t=Postas%20de%20salud%20rural%20de%20Ays%C3%A9n%20alcanzan%20el%20100%25%20de%20cobertura%20en%20Tele-Electrocardiogramas' aria-hidden='false' data-av_icon='\ue8f3' data-av_iconfont='entypo-fontello' title='' data-avia-related-tooltip='Compartir en Facebook' rel=\"noopener\"><span class='avia_hidden_link_text'>Compartir en Facebook<\/span><\/a><\/li><li class='av-share-link av-social-link-twitter' ><a target=\"_blank\" aria-label=\"Compartir en Twitter\" href='https:\/\/twitter.com\/share?text=Postas%20de%20salud%20rural%20de%20Ays%C3%A9n%20alcanzan%20el%20100%25%20de%20cobertura%20en%20Tele-Electrocardiogramas&#038;url=https:\/\/radiorevelacionfm.cl\/?p=59967' aria-hidden='false' data-av_icon='\ue8f1' data-av_iconfont='entypo-fontello' title='' data-avia-related-tooltip='Compartir en Twitter' rel=\"noopener\"><span class='avia_hidden_link_text'>Compartir en Twitter<\/span><\/a><\/li><li class='av-share-link av-social-link-whatsapp' ><a target=\"_blank\" aria-label=\"Compartir en Whatsapp\" href='https:\/\/api.whatsapp.com\/send?text=https:\/\/radiorevelacionfm.cl\/?p=59967' aria-hidden='false' data-av_icon='\uf232' data-av_iconfont='entypo-fontello' title='' data-avia-related-tooltip='Compartir en Whatsapp' rel=\"noopener\"><span class='avia_hidden_link_text'>Compartir en Whatsapp<\/span><\/a><\/li><li class='av-share-link av-social-link-linkedin' ><a target=\"_blank\" aria-label=\"Compartir en LinkedIn\" href='https:\/\/linkedin.com\/shareArticle?mini=true&#038;title=Postas%20de%20salud%20rural%20de%20Ays%C3%A9n%20alcanzan%20el%20100%25%20de%20cobertura%20en%20Tele-Electrocardiogramas&#038;url=https:\/\/radiorevelacionfm.cl\/?p=59967' aria-hidden='false' data-av_icon='\ue8fc' data-av_iconfont='entypo-fontello' title='' data-avia-related-tooltip='Compartir en LinkedIn' rel=\"noopener\"><span class='avia_hidden_link_text'>Compartir en LinkedIn<\/span><\/a><\/li><li class='av-share-link av-social-link-mail' ><a  aria-label=\"Compartir por correo\" href='mailto:?subject=Postas%20de%20salud%20rural%20de%20Ays%C3%A9n%20alcanzan%20el%20100%25%20de%20cobertura%20en%20Tele-Electrocardiogramas&#038;body=https:\/\/radiorevelacionfm.cl\/?p=59967' aria-hidden='false' data-av_icon='\ue805' data-av_iconfont='entypo-fontello' title='' data-avia-related-tooltip='Compartir por correo'><span class='avia_hidden_link_text'>Compartir por correo<\/span><\/a><\/li><\/ul><\/div><\/div>\n<div  style='height:50px' class='hr hr-invisible   avia-builder-el-8  el_after_av_social_share  el_before_av_comments_list '><span class='hr-inner ' ><span class='hr-inner-style'><\/span><\/span><\/div>\n<div  class='av-buildercomment  av-blog-meta-html-info-disabled av-blog-meta-tag-disabled  '><\/div>\n","protected":false},"excerpt":{"rendered":"","protected":false},"author":1,"featured_media":59968,"comment_status":"closed","ping_status":"closed","sticky":false,"template":"","format":"standard","meta":{"footnotes":""},"categories":[46],"tags":[],"class_list":["post-59967","post","type-post","status-publish","format-standard","has-post-thumbnail","hentry","category-salud"],"jetpack_featured_media_url":"https:\/\/radiorevelacionfm.cl\/wp-content\/uploads\/2025\/10\/psr-villa-ortega-3-1_optimized.jpeg","_links":{"self":[{"href":"https:\/\/radiorevelacionfm.cl\/index.php?rest_route=\/wp\/v2\/posts\/59967","targetHints":{"allow":["GET"]}}],"collection":[{"href":"https:\/\/radiorevelacionfm.cl\/index.php?rest_route=\/wp\/v2\/posts"}],"about":[{"href":"https:\/\/radiorevelacionfm.cl\/index.php?rest_route=\/wp\/v2\/types\/post"}],"author":[{"embeddable":true,"href":"https:\/\/radiorevelacionfm.cl\/index.php?rest_route=\/wp\/v2\/users\/1"}],"replies":[{"embeddable":true,"href":"https:\/\/radiorevelacionfm.cl\/index.php?rest_route=%2Fwp%2Fv2%2Fcomments&post=59967"}],"version-history":[{"count":2,"href":"https:\/\/radiorevelacionfm.cl\/index.php?rest_route=\/wp\/v2\/posts\/59967\/revisions"}],"predecessor-version":[{"id":59970,"href":"https:\/\/radiorevelacionfm.cl\/index.php?rest_route=\/wp\/v2\/posts\/59967\/revisions\/59970"}],"wp:featuredmedia":[{"embeddable":true,"href":"https:\/\/radiorevelacionfm.cl\/index.php?rest_route=\/wp\/v2\/media\/59968"}],"wp:attachment":[{"href":"https:\/\/radiorevelacionfm.cl\/index.php?rest_route=%2Fwp%2Fv2%2Fmedia&parent=59967"}],"wp:term":[{"taxonomy":"category","embeddable":true,"href":"https:\/\/radiorevelacionfm.cl\/index.php?rest_route=%2Fwp%2Fv2%2Fcategories&post=59967"},{"taxonomy":"post_tag","embeddable":true,"href":"https:\/\/radiorevelacionfm.cl\/index.php?rest_route=%2Fwp%2Fv2%2Ftags&post=59967"}],"curies":[{"name":"wp","href":"https:\/\/api.w.org\/{rel}","templated":true}]}}