{"id":59958,"date":"2025-10-05T23:39:35","date_gmt":"2025-10-06T02:39:35","guid":{"rendered":"https:\/\/radiorevelacionfm.cl\/?p=59958"},"modified":"2025-10-05T23:48:03","modified_gmt":"2025-10-06T02:48:03","slug":"equipo-municipal-se-despliega-a-sectores-rurales-de-san-lorenzo-los-nadis-y-sector-lago-vargas-en-apoyo-a-familias-afectadas","status":"publish","type":"post","link":"https:\/\/radiorevelacionfm.cl\/?p=59958","title":{"rendered":"Equipo municipal se despliega a sectores rurales de San Lorenzo, Los \u00d1adis y sector Lago Vargas en apoyo a familias afectadas por sistema frontal"},"content":{"rendered":"<div class=\"flex_column av_one_full  flex_column_div av-zero-column-padding first  avia-builder-el-0  el_before_av_one_full  avia-builder-el-first  \" style='border-radius:0px; '><div  class='avia-image-container  av-styling-    avia-builder-el-1  avia-builder-el-no-sibling  avia-align-center '  itemprop=\"image\" itemscope=\"itemscope\" itemtype=\"https:\/\/schema.org\/ImageObject\"  ><div class='avia-image-container-inner'><div class='avia-image-overlay-wrap'><img decoding=\"async\" class='wp-image-59959 avia-img-lazy-loading-not-59959 avia_image' src=\"https:\/\/radiorevelacionfm.cl\/wp-content\/uploads\/2025\/10\/2-reporte-7-1-1_optimized-1.jpg\" alt='' title='2-reporte-7-(1)-(1)_optimized (1)' height=\"600\" width=\"1074\"  itemprop=\"thumbnailUrl\" srcset=\"https:\/\/radiorevelacionfm.cl\/wp-content\/uploads\/2025\/10\/2-reporte-7-1-1_optimized-1.jpg 1074w, https:\/\/radiorevelacionfm.cl\/wp-content\/uploads\/2025\/10\/2-reporte-7-1-1_optimized-1-300x168.jpg 300w, https:\/\/radiorevelacionfm.cl\/wp-content\/uploads\/2025\/10\/2-reporte-7-1-1_optimized-1-1030x575.jpg 1030w, https:\/\/radiorevelacionfm.cl\/wp-content\/uploads\/2025\/10\/2-reporte-7-1-1_optimized-1-768x429.jpg 768w, https:\/\/radiorevelacionfm.cl\/wp-content\/uploads\/2025\/10\/2-reporte-7-1-1_optimized-1-705x394.jpg 705w, https:\/\/radiorevelacionfm.cl\/wp-content\/uploads\/2025\/10\/2-reporte-7-1-1_optimized-1-450x251.jpg 450w, https:\/\/radiorevelacionfm.cl\/wp-content\/uploads\/2025\/10\/2-reporte-7-1-1_optimized-1-600x335.jpg 600w\" sizes=\"(max-width: 1074px) 100vw, 1074px\" \/><\/div><\/div><\/div><\/div>\n<div class=\"flex_column av_one_full  flex_column_div av-zero-column-padding first  avia-builder-el-2  el_after_av_one_full  el_before_av_one_full  column-top-margin\" style='border-radius:0px; '><section class=\"av_textblock_section \"  itemscope=\"itemscope\" itemtype=\"https:\/\/schema.org\/BlogPosting\" itemprop=\"blogPost\" ><div class='avia_textblock  '   itemprop=\"text\" ><p style=\"text-align: center;\"><strong><span style=\"font-size: 18pt;\"> Equipo municipal se despliega a sectores rurales de San Lorenzo, Los \u00d1adis y sector Lago Vargas en apoyo a familias afectadas por sistema frontal<\/span><\/strong><\/p>\n<div id=\"gtx-trans\" style=\"position: absolute; left: -50px; top: 4.31534px;\">\n<div class=\"gtx-trans-icon\"><\/div>\n<\/div>\n<\/div><\/section><\/div><div class=\"flex_column av_one_full  flex_column_div av-zero-column-padding first  avia-builder-el-4  el_after_av_one_full  el_before_av_hr  column-top-margin\" style='border-radius:0px; '><section class=\"av_textblock_section \"  itemscope=\"itemscope\" itemtype=\"https:\/\/schema.org\/BlogPosting\" itemprop=\"blogPost\" ><div class='avia_textblock  '   itemprop=\"text\" ><p style=\"text-align: justify;\">Durante esta jornada, el equipo municipal encabezado por el alcalde\u00a0Patricio Ulloa Georgia\u00a0se mantuvo desplegado en distintos sectores rurales de la comuna para constatar los da\u00f1os y p\u00e9rdidas que dej\u00f3 el sistema frontal que afect\u00f3 a Cochrane.<\/p>\n<p style=\"text-align: justify;\">Las visitas en terreno se concentraron en los sectores\u00a0San Lorenzo, Los \u00d1adis, Sector Lago Vargas, permitiendo recabar informaci\u00f3n directa de las familias afectadas, registrar da\u00f1os y coordinar apoyos inmediatos junto a las juntas de vecinos rurales.<\/p>\n<p style=\"text-align: justify;\">\u201cHoy domingo, nuestros equipos estuvieron nuevamente en terreno, dejando de lado el descanso familiar para acompa\u00f1ar a las familias rurales que lo est\u00e1n pasando mal. Quiero destacar la unidad del mundo rural: las juntas de vecinos del Maiten Neff y Lago Vargas se organizaron para reunir fondos y comprar sacos de concentrado a los ganaderos m\u00e1s afectados. Por nuestra parte nos encargamos de llegar con esa ayuda bajo apoyo log\u00edstico de movilizaci\u00f3n llegando hasta el campo con aquello. Esa solidaridad es lo que mantiene viva a nuestra comuna\u201d, se\u00f1al\u00f3 el alcalde\u00a0Patricio Ulloa Georgia.<\/p>\n<p style=\"text-align: justify;\">SECTOR SAN LORENZO<\/p>\n<p style=\"text-align: justify;\">El Jefe de Obras Municipales,\u00a0Ra\u00fal Uribe Soto, encabez\u00f3 el recorrido por el sector de San Lorenzo, constatando los graves da\u00f1os en potreros, caminos y predios.<\/p>\n<p style=\"text-align: justify;\">\u201cDesde el Lago Esmeralda hacia arriba, el panorama es complejo. En los sectores de r\u00edo Tranquilo y El Salto, los potreros est\u00e1n completamente anegados y hay una importante mortandad animal. Los vecinos a\u00fan buscan sus animales, muchos arrastrados por la corriente. El da\u00f1o es alto y la situaci\u00f3n es muy dura\u201d, inform\u00f3 Uribe Soto.<\/p>\n<p style=\"text-align: justify;\">SECTOR LOS \u00d1ADIS<\/p>\n<p style=\"text-align: justify;\">Gracias al apoyo del\u00a0Carabineros, se logr\u00f3 acceder v\u00eda a\u00e9rea a los vecinos m\u00e1s aislados del sector Los \u00d1adis, donde se entregaron sacos de concentrado, alimentos y art\u00edculos de primera necesidad.<\/p>\n<p style=\"text-align: justify;\">La directora de SECPLAC,\u00a0Gabriela Zamora Mansilla, acompa\u00f1\u00f3 el vuelo institucional, sobrevolando la cuenca del r\u00edo Baker y constatando el nivel de inundaci\u00f3n de los campos en terreno:<\/p>\n<p>\u201cFue una experiencia muy impactante. Pudimos llegar a tres vecinos \u2014don Atilio S\u00e1nchez, don Enrique S\u00e1nchez y don Marcelo Asencio\u2014 que estaban completamente desconectados. A pesar del dif\u00edcil acceso, la ayuda lleg\u00f3 gracias a la solidaridad de las juntas de vecinos de R\u00edo Maiten Neff y Lago Vargas, que reunieron recursos apoyados por los vecinos y donaciones para comprar concentrado. Esa uni\u00f3n ha sido fundamental\u201d, destac\u00f3 Zamora Mansilla.<\/p>\n<p style=\"text-align: justify;\">SECTOR LAGO VARGAS<\/p>\n<p style=\"text-align: justify;\">Durante el d\u00eda, equipos municipales acompa\u00f1aron y visitaron vecinos en d\u00f3nde alcalde, encargado oficina rural, y choferes municipales en cami\u00f3n llegaron hasta la\u00a0Junta de Vecinos Lago Vargas, liderada por su presidente\u00a0Oscar Mu\u00f1oz Maldonado, constatando p\u00e9rdidas de animales, forraje y siembras, adem\u00e1s del aislamiento de varios pobladores.<\/p>\n<p>\u201cSe perdi\u00f3 todo: animales, praderas, siembras. Pero la presencia del municipio, que llega a las casas y conversa con la gente, es algo que la comunidad valora profundamente. La uni\u00f3n entre las juntas de Mait\u00e9n y Lago Vargas permiti\u00f3 entregar forraje a 12 familias del sector, y eso es una gran muestra de solidaridad rural\u201d, expres\u00f3 Belisario Paredes.<\/p>\n<p style=\"text-align: justify;\">COORDINACI\u00d3N INSTITUCIONAL<\/p>\n<p style=\"text-align: justify;\">El alcalde\u00a0Patricio Ulloa\u00a0agradeci\u00f3 el apoyo del\u00a0Ej\u00e9rcito de Chile,\u00a0Carabineros, y especialmente de las\u00a0juntas de vecinos rurales, que se han articulado para hacer llegar la ayuda de manera m\u00e1s r\u00e1pida y efectiva.<\/p>\n<p style=\"text-align: justify;\">Asimismo, reiter\u00f3 el llamado al\u00a0Ministerio de Agricultura\u00a0y al\u00a0Servicio Agr\u00edcola y Ganadero (SAG)\u00a0para que se activen mecanismos de apoyo inmediato al mundo rural, considerando las graves p\u00e9rdidas productivas y el riesgo sanitario que se avecina.<\/p>\n<p>\u201cEsta es una cat\u00e1strofe rural. Se han perdido animales, siembras, praderas y a\u00f1os de esfuerzo. Pero tambi\u00e9n hemos visto compromiso y unidad. Necesitamos que el Ministerio de Agricultura y el SAG act\u00faen ahora, porque las enfermedades asociadas a la humedad comenzar\u00e1n a afectar al ganado.<\/p>\n<p>Vamos a seguir acompa\u00f1ando a nuestros vecinos, porque ellos son el coraz\u00f3n de Cochrane. El mundo rural no puede desaparecer: sus tradiciones y su gente son las que nos sostienen como comunidad\u201d, subray\u00f3 el alcalde Ulloa.<\/p>\n<p style=\"text-align: justify;\">BALANCE GENERAL Y COMPROMISO MUNICIPAL<\/p>\n<p style=\"text-align: justify;\">El municipio mantiene activo su despliegue en terreno, priorizando la atenci\u00f3n de sectores rurales aislados y el levantamiento de informaci\u00f3n productiva y social.<\/p>\n<p style=\"text-align: justify;\">Equipos de\u00a0Obras,\u00a0DIDECO,\u00a0SECPLAC, Oficina Rural, y\u00a0Emergencia\u00a0contin\u00faan trabajando coordinadamente en la entrega de forraje, alimentos y asistencia social directa.<\/p>\n<p style=\"text-align: justify;\">\u201cHay\u00a0un profundo compromiso de nuestros funcionarios, que incluso en d\u00eda domingo prefirieron estar en terreno junto a los pobladores. Vamos a seguir trabajando con ellos, con ese mismo esp\u00edritu de unidad y vocaci\u00f3n p\u00fablica\u201d, concluy\u00f3 el alcalde.<\/p>\n<\/div><\/section><\/div><\/p>\n<div  style='height:50px' class='hr hr-invisible   avia-builder-el-6  el_after_av_one_full  el_before_av_social_share '><span class='hr-inner ' ><span class='hr-inner-style'><\/span><\/span><\/div>\n<div  class='av-social-sharing-box  avia-builder-el-7  el_after_av_hr  el_before_av_hr  '><div class='av-share-box'><h5 class='av-share-link-description av-no-toc '>Compartir esta noticia<\/h5><ul class='av-share-box-list noLightbox'><li class='av-share-link av-social-link-facebook' ><a target=\"_blank\" aria-label=\"Compartir en Facebook\" href='https:\/\/www.facebook.com\/sharer.php?u=https:\/\/radiorevelacionfm.cl\/?p=59958&#038;t=Equipo%20municipal%20se%20despliega%20a%20sectores%20rurales%20de%20San%20Lorenzo%2C%20Los%20%C3%91adis%20y%20sector%20Lago%20Vargas%20en%20apoyo%20a%20familias%20afectadas%20por%20sistema%20frontal' aria-hidden='false' data-av_icon='\ue8f3' data-av_iconfont='entypo-fontello' title='' data-avia-related-tooltip='Compartir en Facebook' rel=\"noopener\"><span class='avia_hidden_link_text'>Compartir en Facebook<\/span><\/a><\/li><li class='av-share-link av-social-link-twitter' ><a target=\"_blank\" aria-label=\"Compartir en Twitter\" href='https:\/\/twitter.com\/share?text=Equipo%20municipal%20se%20despliega%20a%20sectores%20rurales%20de%20San%20Lorenzo%2C%20Los%20%C3%91adis%20y%20sector%20Lago%20Vargas%20en%20apoyo%20a%20familias%20afectadas%20por%20sistema%20frontal&#038;url=https:\/\/radiorevelacionfm.cl\/?p=59958' aria-hidden='false' data-av_icon='\ue8f1' data-av_iconfont='entypo-fontello' title='' data-avia-related-tooltip='Compartir en Twitter' rel=\"noopener\"><span class='avia_hidden_link_text'>Compartir en Twitter<\/span><\/a><\/li><li class='av-share-link av-social-link-whatsapp' ><a target=\"_blank\" aria-label=\"Compartir en Whatsapp\" href='https:\/\/api.whatsapp.com\/send?text=https:\/\/radiorevelacionfm.cl\/?p=59958' aria-hidden='false' data-av_icon='\uf232' data-av_iconfont='entypo-fontello' title='' data-avia-related-tooltip='Compartir en Whatsapp' rel=\"noopener\"><span class='avia_hidden_link_text'>Compartir en Whatsapp<\/span><\/a><\/li><li class='av-share-link av-social-link-linkedin' ><a target=\"_blank\" aria-label=\"Compartir en LinkedIn\" href='https:\/\/linkedin.com\/shareArticle?mini=true&#038;title=Equipo%20municipal%20se%20despliega%20a%20sectores%20rurales%20de%20San%20Lorenzo%2C%20Los%20%C3%91adis%20y%20sector%20Lago%20Vargas%20en%20apoyo%20a%20familias%20afectadas%20por%20sistema%20frontal&#038;url=https:\/\/radiorevelacionfm.cl\/?p=59958' aria-hidden='false' data-av_icon='\ue8fc' data-av_iconfont='entypo-fontello' title='' data-avia-related-tooltip='Compartir en LinkedIn' rel=\"noopener\"><span class='avia_hidden_link_text'>Compartir en LinkedIn<\/span><\/a><\/li><li class='av-share-link av-social-link-mail' ><a  aria-label=\"Compartir por correo\" href='mailto:?subject=Equipo%20municipal%20se%20despliega%20a%20sectores%20rurales%20de%20San%20Lorenzo%2C%20Los%20%C3%91adis%20y%20sector%20Lago%20Vargas%20en%20apoyo%20a%20familias%20afectadas%20por%20sistema%20frontal&#038;body=https:\/\/radiorevelacionfm.cl\/?p=59958' aria-hidden='false' data-av_icon='\ue805' data-av_iconfont='entypo-fontello' title='' data-avia-related-tooltip='Compartir por correo'><span class='avia_hidden_link_text'>Compartir por correo<\/span><\/a><\/li><\/ul><\/div><\/div>\n<div  style='height:50px' class='hr hr-invisible   avia-builder-el-8  el_after_av_social_share  el_before_av_comments_list '><span class='hr-inner ' ><span class='hr-inner-style'><\/span><\/span><\/div>\n<div  class='av-buildercomment  av-blog-meta-html-info-disabled av-blog-meta-tag-disabled  '><\/div>\n","protected":false},"excerpt":{"rendered":"","protected":false},"author":1,"featured_media":59959,"comment_status":"closed","ping_status":"closed","sticky":false,"template":"","format":"standard","meta":{"footnotes":""},"categories":[38],"tags":[],"class_list":["post-59958","post","type-post","status-publish","format-standard","has-post-thumbnail","hentry","category-regional"],"jetpack_featured_media_url":"https:\/\/radiorevelacionfm.cl\/wp-content\/uploads\/2025\/10\/2-reporte-7-1-1_optimized-1.jpg","_links":{"self":[{"href":"https:\/\/radiorevelacionfm.cl\/index.php?rest_route=\/wp\/v2\/posts\/59958","targetHints":{"allow":["GET"]}}],"collection":[{"href":"https:\/\/radiorevelacionfm.cl\/index.php?rest_route=\/wp\/v2\/posts"}],"about":[{"href":"https:\/\/radiorevelacionfm.cl\/index.php?rest_route=\/wp\/v2\/types\/post"}],"author":[{"embeddable":true,"href":"https:\/\/radiorevelacionfm.cl\/index.php?rest_route=\/wp\/v2\/users\/1"}],"replies":[{"embeddable":true,"href":"https:\/\/radiorevelacionfm.cl\/index.php?rest_route=%2Fwp%2Fv2%2Fcomments&post=59958"}],"version-history":[{"count":4,"href":"https:\/\/radiorevelacionfm.cl\/index.php?rest_route=\/wp\/v2\/posts\/59958\/revisions"}],"predecessor-version":[{"id":59966,"href":"https:\/\/radiorevelacionfm.cl\/index.php?rest_route=\/wp\/v2\/posts\/59958\/revisions\/59966"}],"wp:featuredmedia":[{"embeddable":true,"href":"https:\/\/radiorevelacionfm.cl\/index.php?rest_route=\/wp\/v2\/media\/59959"}],"wp:attachment":[{"href":"https:\/\/radiorevelacionfm.cl\/index.php?rest_route=%2Fwp%2Fv2%2Fmedia&parent=59958"}],"wp:term":[{"taxonomy":"category","embeddable":true,"href":"https:\/\/radiorevelacionfm.cl\/index.php?rest_route=%2Fwp%2Fv2%2Fcategories&post=59958"},{"taxonomy":"post_tag","embeddable":true,"href":"https:\/\/radiorevelacionfm.cl\/index.php?rest_route=%2Fwp%2Fv2%2Ftags&post=59958"}],"curies":[{"name":"wp","href":"https:\/\/api.w.org\/{rel}","templated":true}]}}