{"id":59954,"date":"2025-10-05T20:19:42","date_gmt":"2025-10-05T23:19:42","guid":{"rendered":"https:\/\/radiorevelacionfm.cl\/?p=59954"},"modified":"2025-10-05T20:19:42","modified_gmt":"2025-10-05T23:19:42","slug":"carabineros-lidera-puente-aereo-vital-para-traslado-de-suministros-medicos-en-medio-de-emergencia-climatica-regional","status":"publish","type":"post","link":"https:\/\/radiorevelacionfm.cl\/?p=59954","title":{"rendered":"Carabineros lidera puente a\u00e9reo vital para traslado de suministros m\u00e9dicos en medio de emergencia clim\u00e1tica regional"},"content":{"rendered":"<div class=\"flex_column av_one_full  flex_column_div av-zero-column-padding first  avia-builder-el-0  el_before_av_one_full  avia-builder-el-first  \" style='border-radius:0px; '><div  class='avia-image-container  av-styling-    avia-builder-el-1  avia-builder-el-no-sibling  avia-align-center '  itemprop=\"image\" itemscope=\"itemscope\" itemtype=\"https:\/\/schema.org\/ImageObject\"  ><div class='avia-image-container-inner'><div class='avia-image-overlay-wrap'><img decoding=\"async\" class='wp-image-59955 avia-img-lazy-loading-not-59955 avia_image' src=\"https:\/\/radiorevelacionfm.cl\/wp-content\/uploads\/2025\/10\/IMG_9790-1-1.jpg\" alt='' title='IMG_9790 (1) (1)' height=\"600\" width=\"800\"  itemprop=\"thumbnailUrl\" srcset=\"https:\/\/radiorevelacionfm.cl\/wp-content\/uploads\/2025\/10\/IMG_9790-1-1.jpg 800w, https:\/\/radiorevelacionfm.cl\/wp-content\/uploads\/2025\/10\/IMG_9790-1-1-300x225.jpg 300w, https:\/\/radiorevelacionfm.cl\/wp-content\/uploads\/2025\/10\/IMG_9790-1-1-768x576.jpg 768w, https:\/\/radiorevelacionfm.cl\/wp-content\/uploads\/2025\/10\/IMG_9790-1-1-705x529.jpg 705w, https:\/\/radiorevelacionfm.cl\/wp-content\/uploads\/2025\/10\/IMG_9790-1-1-450x338.jpg 450w, https:\/\/radiorevelacionfm.cl\/wp-content\/uploads\/2025\/10\/IMG_9790-1-1-600x450.jpg 600w\" sizes=\"(max-width: 800px) 100vw, 800px\" \/><\/div><\/div><\/div><\/div><div class=\"flex_column av_one_full  flex_column_div av-zero-column-padding first  avia-builder-el-2  el_after_av_one_full  el_before_av_one_full  column-top-margin\" style='border-radius:0px; '><section class=\"av_textblock_section \"  itemscope=\"itemscope\" itemtype=\"https:\/\/schema.org\/BlogPosting\" itemprop=\"blogPost\" ><div class='avia_textblock  '   itemprop=\"text\" ><p style=\"text-align: center;\"><strong><span style=\"font-size: 18pt;\">Carabineros lidera puente a\u00e9reo vital para traslado de suministros m\u00e9dicos en medio de emergencia clim\u00e1tica regional<\/span><\/strong><\/p>\n<div id=\"gtx-trans\" style=\"position: absolute; left: -50px; top: 4.31534px;\">\n<div class=\"gtx-trans-icon\"><\/div>\n<\/div>\n<\/div><\/section><\/div><div class=\"flex_column av_one_full  flex_column_div av-zero-column-padding first  avia-builder-el-4  el_after_av_one_full  el_before_av_hr  column-top-margin\" style='border-radius:0px; '><section class=\"av_textblock_section \"  itemscope=\"itemscope\" itemtype=\"https:\/\/schema.org\/BlogPosting\" itemprop=\"blogPost\" ><div class='avia_textblock  '   itemprop=\"text\" ><p dir=\"ltr\" style=\"text-align: justify;\">Tras coordinaciones, la Secci\u00f3n A\u00e9rea realiz\u00f3 el traslado de sangre entre el Hospital Regional de Coyhaique y el Hospital de Cochrane.<\/p>\n<p dir=\"ltr\" style=\"text-align: justify;\">Carabineros de Chile -a trav\u00e9s de la Secci\u00f3n A\u00e9rea Coyhaique- ha intensificado su despliegue operativo en la regi\u00f3n de Ays\u00e9n para enfrentar las consecuencias del frente clim\u00e1tico que afecta a la zona, enfoc\u00e1ndose en asegurar la conectividad y el traslado de suministros vitales a trav\u00e9s del \u00fanico puente a\u00e9reo viable en la emergencia.<\/p>\n<p dir=\"ltr\" style=\"text-align: justify;\">La Instituci\u00f3n ha jugado un rol clave, particularmente debido a que el helic\u00f3ptero es el \u00fanico que se mantiene operativo en la regi\u00f3n para este tipo de tareas.<\/p>\n<p dir=\"ltr\" style=\"text-align: justify;\">A ra\u00edz de un sobrevuelo efectuado la tarde del viernes, el cual permiti\u00f3 realizar un chequeo exhaustivo del estado de las rutas hacia el sur del territorio, la prioridad durante el s\u00e1bado fue atender los m\u00faltiples requerimientos de urgencia que se han presentado.<\/p>\n<p dir=\"ltr\" style=\"text-align: justify;\"><strong>Traslado de sangre<\/strong><\/p>\n<p dir=\"ltr\" style=\"text-align: justify;\">Una de las operaciones m\u00e1s cr\u00edticas llevadas a cabo durante el fin de semana fue el traslado de sangre desde el Hospital Regional de Coyhaique hacia el Hospital de Cochrane.<\/p>\n<p dir=\"ltr\" style=\"text-align: justify;\">Esta acci\u00f3n se concret\u00f3 gracias a una coordinaci\u00f3n interinstitucional, a partir de una solicitud formal planteada por la Delegaci\u00f3n Presidencial de Capit\u00e1n Prat.<\/p>\n<p dir=\"ltr\" style=\"text-align: justify;\">\u00abEn este contexto, el d\u00eda de hoy (s\u00e1bado) a primera hora salimos con este suministro m\u00e9dico vital que permita el normal funcionamiento del Hospital de Cochrane\u00bb se\u00f1al\u00f3 el Jefe de la Secci\u00f3n A\u00e9rea de Carabineros Coyhaique, Teniente Coronel Gerardo Gonz\u00e1lez L\u00f3pez.<\/p>\n<p dir=\"ltr\" style=\"text-align: justify;\">Durante la emergencia clim\u00e1tica, el helic\u00f3ptero de Carabineros ha sido esencial para establecer un puente a\u00e9reo que permita sortear las dificultades y bloqueos terrestres provocados por las condiciones meteorol\u00f3gicas, garantizando as\u00ed la asistencia sanitaria a las zonas m\u00e1s aisladas de la regi\u00f3n.<\/p>\n<p dir=\"ltr\" style=\"text-align: justify;\">Carabineros mantiene su despliegue priorizando las labores de rescate, apoyo log\u00edstico y asistencia a la comunidad afectada por la inclemencia clim\u00e1tica.<\/p>\n<\/div><\/section><\/div><div  style='height:50px' class='hr hr-invisible   avia-builder-el-6  el_after_av_one_full  el_before_av_social_share '><span class='hr-inner ' ><span class='hr-inner-style'><\/span><\/span><\/div><\/p>\n<div  class='av-social-sharing-box  avia-builder-el-7  el_after_av_hr  el_before_av_hr  '><div class='av-share-box'><h5 class='av-share-link-description av-no-toc '>Compartir esta noticia<\/h5><ul class='av-share-box-list noLightbox'><li class='av-share-link av-social-link-facebook' ><a target=\"_blank\" aria-label=\"Compartir en Facebook\" href='https:\/\/www.facebook.com\/sharer.php?u=https:\/\/radiorevelacionfm.cl\/?p=59954&#038;t=Carabineros%20lidera%20puente%20a%C3%A9reo%20vital%20para%20traslado%20de%20suministros%20m%C3%A9dicos%20en%20medio%20de%20emergencia%20clim%C3%A1tica%20regional' aria-hidden='false' data-av_icon='\ue8f3' data-av_iconfont='entypo-fontello' title='' data-avia-related-tooltip='Compartir en Facebook' rel=\"noopener\"><span class='avia_hidden_link_text'>Compartir en Facebook<\/span><\/a><\/li><li class='av-share-link av-social-link-twitter' ><a target=\"_blank\" aria-label=\"Compartir en Twitter\" href='https:\/\/twitter.com\/share?text=Carabineros%20lidera%20puente%20a%C3%A9reo%20vital%20para%20traslado%20de%20suministros%20m%C3%A9dicos%20en%20medio%20de%20emergencia%20clim%C3%A1tica%20regional&#038;url=https:\/\/radiorevelacionfm.cl\/?p=59954' aria-hidden='false' data-av_icon='\ue8f1' data-av_iconfont='entypo-fontello' title='' data-avia-related-tooltip='Compartir en Twitter' rel=\"noopener\"><span class='avia_hidden_link_text'>Compartir en Twitter<\/span><\/a><\/li><li class='av-share-link av-social-link-whatsapp' ><a target=\"_blank\" aria-label=\"Compartir en Whatsapp\" href='https:\/\/api.whatsapp.com\/send?text=https:\/\/radiorevelacionfm.cl\/?p=59954' aria-hidden='false' data-av_icon='\uf232' data-av_iconfont='entypo-fontello' title='' data-avia-related-tooltip='Compartir en Whatsapp' rel=\"noopener\"><span class='avia_hidden_link_text'>Compartir en Whatsapp<\/span><\/a><\/li><li class='av-share-link av-social-link-linkedin' ><a target=\"_blank\" aria-label=\"Compartir en LinkedIn\" href='https:\/\/linkedin.com\/shareArticle?mini=true&#038;title=Carabineros%20lidera%20puente%20a%C3%A9reo%20vital%20para%20traslado%20de%20suministros%20m%C3%A9dicos%20en%20medio%20de%20emergencia%20clim%C3%A1tica%20regional&#038;url=https:\/\/radiorevelacionfm.cl\/?p=59954' aria-hidden='false' data-av_icon='\ue8fc' data-av_iconfont='entypo-fontello' title='' data-avia-related-tooltip='Compartir en LinkedIn' rel=\"noopener\"><span class='avia_hidden_link_text'>Compartir en LinkedIn<\/span><\/a><\/li><li class='av-share-link av-social-link-mail' ><a  aria-label=\"Compartir por correo\" href='mailto:?subject=Carabineros%20lidera%20puente%20a%C3%A9reo%20vital%20para%20traslado%20de%20suministros%20m%C3%A9dicos%20en%20medio%20de%20emergencia%20clim%C3%A1tica%20regional&#038;body=https:\/\/radiorevelacionfm.cl\/?p=59954' aria-hidden='false' data-av_icon='\ue805' data-av_iconfont='entypo-fontello' title='' data-avia-related-tooltip='Compartir por correo'><span class='avia_hidden_link_text'>Compartir por correo<\/span><\/a><\/li><\/ul><\/div><\/div>\n<div  style='height:50px' class='hr hr-invisible   avia-builder-el-8  el_after_av_social_share  el_before_av_comments_list '><span class='hr-inner ' ><span class='hr-inner-style'><\/span><\/span><\/div>\n<div  class='av-buildercomment  av-blog-meta-html-info-disabled av-blog-meta-tag-disabled  '><\/div>\n","protected":false},"excerpt":{"rendered":"","protected":false},"author":1,"featured_media":59955,"comment_status":"closed","ping_status":"closed","sticky":false,"template":"","format":"standard","meta":{"footnotes":""},"categories":[36],"tags":[],"class_list":["post-59954","post","type-post","status-publish","format-standard","has-post-thumbnail","hentry","category-policial"],"jetpack_featured_media_url":"https:\/\/radiorevelacionfm.cl\/wp-content\/uploads\/2025\/10\/IMG_9790-1-1.jpg","_links":{"self":[{"href":"https:\/\/radiorevelacionfm.cl\/index.php?rest_route=\/wp\/v2\/posts\/59954","targetHints":{"allow":["GET"]}}],"collection":[{"href":"https:\/\/radiorevelacionfm.cl\/index.php?rest_route=\/wp\/v2\/posts"}],"about":[{"href":"https:\/\/radiorevelacionfm.cl\/index.php?rest_route=\/wp\/v2\/types\/post"}],"author":[{"embeddable":true,"href":"https:\/\/radiorevelacionfm.cl\/index.php?rest_route=\/wp\/v2\/users\/1"}],"replies":[{"embeddable":true,"href":"https:\/\/radiorevelacionfm.cl\/index.php?rest_route=%2Fwp%2Fv2%2Fcomments&post=59954"}],"version-history":[{"count":2,"href":"https:\/\/radiorevelacionfm.cl\/index.php?rest_route=\/wp\/v2\/posts\/59954\/revisions"}],"predecessor-version":[{"id":59957,"href":"https:\/\/radiorevelacionfm.cl\/index.php?rest_route=\/wp\/v2\/posts\/59954\/revisions\/59957"}],"wp:featuredmedia":[{"embeddable":true,"href":"https:\/\/radiorevelacionfm.cl\/index.php?rest_route=\/wp\/v2\/media\/59955"}],"wp:attachment":[{"href":"https:\/\/radiorevelacionfm.cl\/index.php?rest_route=%2Fwp%2Fv2%2Fmedia&parent=59954"}],"wp:term":[{"taxonomy":"category","embeddable":true,"href":"https:\/\/radiorevelacionfm.cl\/index.php?rest_route=%2Fwp%2Fv2%2Fcategories&post=59954"},{"taxonomy":"post_tag","embeddable":true,"href":"https:\/\/radiorevelacionfm.cl\/index.php?rest_route=%2Fwp%2Fv2%2Ftags&post=59954"}],"curies":[{"name":"wp","href":"https:\/\/api.w.org\/{rel}","templated":true}]}}