{"id":59950,"date":"2025-10-05T20:12:39","date_gmt":"2025-10-05T23:12:39","guid":{"rendered":"https:\/\/radiorevelacionfm.cl\/?p=59950"},"modified":"2025-10-05T20:12:39","modified_gmt":"2025-10-05T23:12:39","slug":"subsecretario-general-de-gobierno-erwin-diaz-asenjo-realiza-intensa-gira-por-la-region-de-aysen","status":"publish","type":"post","link":"https:\/\/radiorevelacionfm.cl\/?p=59950","title":{"rendered":"Subsecretario General de Gobierno, Erwin D\u00edaz Asenjo, realiza intensa gira por la Regi\u00f3n de Ays\u00e9n"},"content":{"rendered":"<div class=\"flex_column av_one_full  flex_column_div av-zero-column-padding first  avia-builder-el-0  el_before_av_one_full  avia-builder-el-first  \" style='border-radius:0px; '><div  class='avia-image-container  av-styling-    avia-builder-el-1  avia-builder-el-no-sibling  avia-align-center '  itemprop=\"image\" itemscope=\"itemscope\" itemtype=\"https:\/\/schema.org\/ImageObject\"  ><div class='avia-image-container-inner'><div class='avia-image-overlay-wrap'><img decoding=\"async\" class='wp-image-59951 avia-img-lazy-loading-not-59951 avia_image' src=\"https:\/\/radiorevelacionfm.cl\/wp-content\/uploads\/2025\/10\/subsecretario-1_optimized-1.jpg\" alt='' title='subsecretario-(1)_optimized (1)' height=\"600\" width=\"1067\"  itemprop=\"thumbnailUrl\" srcset=\"https:\/\/radiorevelacionfm.cl\/wp-content\/uploads\/2025\/10\/subsecretario-1_optimized-1.jpg 1067w, https:\/\/radiorevelacionfm.cl\/wp-content\/uploads\/2025\/10\/subsecretario-1_optimized-1-300x169.jpg 300w, https:\/\/radiorevelacionfm.cl\/wp-content\/uploads\/2025\/10\/subsecretario-1_optimized-1-1030x579.jpg 1030w, https:\/\/radiorevelacionfm.cl\/wp-content\/uploads\/2025\/10\/subsecretario-1_optimized-1-768x432.jpg 768w, https:\/\/radiorevelacionfm.cl\/wp-content\/uploads\/2025\/10\/subsecretario-1_optimized-1-705x396.jpg 705w, https:\/\/radiorevelacionfm.cl\/wp-content\/uploads\/2025\/10\/subsecretario-1_optimized-1-450x253.jpg 450w, https:\/\/radiorevelacionfm.cl\/wp-content\/uploads\/2025\/10\/subsecretario-1_optimized-1-600x337.jpg 600w\" sizes=\"(max-width: 1067px) 100vw, 1067px\" \/><\/div><\/div><\/div><\/div><div class=\"flex_column av_one_full  flex_column_div av-zero-column-padding first  avia-builder-el-2  el_after_av_one_full  el_before_av_one_full  column-top-margin\" style='border-radius:0px; '><section class=\"av_textblock_section \"  itemscope=\"itemscope\" itemtype=\"https:\/\/schema.org\/BlogPosting\" itemprop=\"blogPost\" ><div class='avia_textblock  '   itemprop=\"text\" ><p style=\"text-align: center;\"><strong><span style=\"font-size: 18pt;\">Subsecretario General de Gobierno, Erwin D\u00edaz Asenjo, realiza intensa gira por la Regi\u00f3n de Ays\u00e9n <\/span><\/strong><\/p>\n<div id=\"gtx-trans\" style=\"position: absolute; left: -50px; top: 4.31534px;\">\n<div class=\"gtx-trans-icon\"><\/div>\n<\/div>\n<\/div><\/section><\/div><div class=\"flex_column av_one_full  flex_column_div av-zero-column-padding first  avia-builder-el-4  el_after_av_one_full  el_before_av_hr  column-top-margin\" style='border-radius:0px; '><section class=\"av_textblock_section \"  itemscope=\"itemscope\" itemtype=\"https:\/\/schema.org\/BlogPosting\" itemprop=\"blogPost\" ><div class='avia_textblock  '   itemprop=\"text\" ><p style=\"text-align: justify;\"><em>Durante su visita a la regi\u00f3n destac\u00f3 iniciativas de inclusi\u00f3n, equidad de g\u00e9nero y participaci\u00f3n ciudadana.<\/em><\/p>\n<p style=\"text-align: justify;\">Entre el jueves 02 y el s\u00e1bado 04 de octubre, el Subsecretario General de Gobierno, Erwin D\u00edaz Asenjo, desarroll\u00f3 una nutrida agenda de actividades en la Regi\u00f3n de Ays\u00e9n, visitando Coyhaique, Puerto Ays\u00e9n y Balmaceda, en el marco del despliegue territorial impulsado por el Presidente Gabriel Boric Font. La visita puso en valor el trabajo conjunto entre las comunidades, las organizaciones, sociales y el Estado, con foco en inclusi\u00f3n, equidad de g\u00e9nero, salud mental, vivienda digna y descentralizaci\u00f3n.<\/p>\n<p style=\"text-align: justify;\">Uno de los hitos de la gira fue la entrega de escrituras a 18 familias del Comit\u00e9 Habitacional Tamango de Coyhaique, quienes desde ahora son legalmente due\u00f1os de sus viviendas. Esta ceremonia se enmarca en el Plan de Emergencia Habitacional, que en Ays\u00e9n ya alcanza un 103,7% de cumplimiento, superando la meta proyectada al 2026.<\/p>\n<p style=\"text-align: justify;\">En Coyhaique, el Subsecretario tambi\u00e9n visit\u00f3 un taller mec\u00e1nico liderado por mujeres, donde se ejecuta un curso de Mec\u00e1nica B\u00e1sica para Mujeres de la Junta de Vecinos Los Canales. La iniciativa, financiada por el Fondo de Fortalecimiento de Organizaciones de Inter\u00e9s P\u00fablico (FFOIP), busca potenciar la autonom\u00eda y la participaci\u00f3n femenina en un espacio tradicionalmente masculinizado.<\/p>\n<p style=\"text-align: justify;\">As\u00ed mismo, encabez\u00f3 el Conversatorio Ciudadano sobre la Reforma de Pensiones, instancia donde vecinas y vecinos pudieron conocer de primera fuente los avances, estado actual de esta reforma,\u00a0 y dialogar directamente con las autoridades regionales.<\/p>\n<p style=\"text-align: justify;\">El viernes, la agenda estuvo marcada por la entrega de equipamiento del proyecto \u201cCabalgando por la Inclusi\u00f3n\u201d, que desarrolla sesiones de equinoterapia en beneficio de ni\u00f1as y ni\u00f1os del Programa de Integraci\u00f3n Escolar de la Escuela Nieves del Sur, proyecto financiado por el FFOIP. Posteriormente junto a autoridades regionales visit\u00f3 el Centro Comunitario\u00a0 de Salud Mental (COSAM) de Puerto Ays\u00e9n, infraestructura que fortalece el acceso a la salud mental en la zona norte de la regi\u00f3n.<\/p>\n<p style=\"text-align: justify;\">La gira concluy\u00f3 en Balmaceda, donde se inspeccionaron los avances de la obra de ampliaci\u00f3n del aeropuerto, que triplica la capacidad del recinto con m\u00e1s espacios, servicios y conectividad para la regi\u00f3n.<\/p>\n<p style=\"text-align: justify;\">En sus palabras, el Subsecretario D\u00edaz destac\u00f3: \u201cLa Regi\u00f3n de Ays\u00e9n es un ejemplo de impacto que tiene la descentralizaci\u00f3n cuando las pol\u00edticas p\u00fablicas se piensan con enfoque territorial. Estar en terreno, escuchando a las comunidades y fortaleciendo sus capacidades, es la manera en que construimos un Chile m\u00e1s justo y equitativo\u201d.<\/p>\n<p style=\"text-align: justify;\">Por su parte, la Seremi de Gobierno, \u00darsula Mix Jim\u00e9nez, relev\u00f3 el valor de esta visita para las comunidades locales: \u201cQue el Subsecretario est\u00e9 aqu\u00ed, en contacto directo con nuestras organizaciones y vecinos, reafirma la importancia de que el Estado se despliegue en regiones extremas como Ays\u00e9n. La entrega de escrituras, los proyectos sociales, las instancias de participaci\u00f3n nos muestran que estamos construyendo confianza y fortaleciendo el trabajo comunitario que es el coraz\u00f3n de nuestra regi\u00f3n\u201d, se\u00f1al\u00f3.<\/p>\n<p style=\"text-align: justify;\">Con esta gira, el Ministerio Secretaria General de Gobierno refuerza su compromiso con el desarrollo regional, el fortalecimiento de las organizaciones sociales y la construcci\u00f3n de un pa\u00eds m\u00e1s inclusivo y participativo desde los territorios.<\/p>\n<\/div><\/section><\/div><div  style='height:50px' class='hr hr-invisible   avia-builder-el-6  el_after_av_one_full  el_before_av_social_share '><span class='hr-inner ' ><span class='hr-inner-style'><\/span><\/span><\/div><\/p>\n<div  class='av-social-sharing-box  avia-builder-el-7  el_after_av_hr  el_before_av_hr  '><div class='av-share-box'><h5 class='av-share-link-description av-no-toc '>Compartir esta noticia<\/h5><ul class='av-share-box-list noLightbox'><li class='av-share-link av-social-link-facebook' ><a target=\"_blank\" aria-label=\"Compartir en Facebook\" href='https:\/\/www.facebook.com\/sharer.php?u=https:\/\/radiorevelacionfm.cl\/?p=59950&#038;t=Subsecretario%20General%20de%20Gobierno%2C%20Erwin%20D%C3%ADaz%20Asenjo%2C%20realiza%20intensa%20gira%20por%20la%20Regi%C3%B3n%20de%20Ays%C3%A9n' aria-hidden='false' data-av_icon='\ue8f3' data-av_iconfont='entypo-fontello' title='' data-avia-related-tooltip='Compartir en Facebook' rel=\"noopener\"><span class='avia_hidden_link_text'>Compartir en Facebook<\/span><\/a><\/li><li class='av-share-link av-social-link-twitter' ><a target=\"_blank\" aria-label=\"Compartir en Twitter\" href='https:\/\/twitter.com\/share?text=Subsecretario%20General%20de%20Gobierno%2C%20Erwin%20D%C3%ADaz%20Asenjo%2C%20realiza%20intensa%20gira%20por%20la%20Regi%C3%B3n%20de%20Ays%C3%A9n&#038;url=https:\/\/radiorevelacionfm.cl\/?p=59950' aria-hidden='false' data-av_icon='\ue8f1' data-av_iconfont='entypo-fontello' title='' data-avia-related-tooltip='Compartir en Twitter' rel=\"noopener\"><span class='avia_hidden_link_text'>Compartir en Twitter<\/span><\/a><\/li><li class='av-share-link av-social-link-whatsapp' ><a target=\"_blank\" aria-label=\"Compartir en Whatsapp\" href='https:\/\/api.whatsapp.com\/send?text=https:\/\/radiorevelacionfm.cl\/?p=59950' aria-hidden='false' data-av_icon='\uf232' data-av_iconfont='entypo-fontello' title='' data-avia-related-tooltip='Compartir en Whatsapp' rel=\"noopener\"><span class='avia_hidden_link_text'>Compartir en Whatsapp<\/span><\/a><\/li><li class='av-share-link av-social-link-linkedin' ><a target=\"_blank\" aria-label=\"Compartir en LinkedIn\" href='https:\/\/linkedin.com\/shareArticle?mini=true&#038;title=Subsecretario%20General%20de%20Gobierno%2C%20Erwin%20D%C3%ADaz%20Asenjo%2C%20realiza%20intensa%20gira%20por%20la%20Regi%C3%B3n%20de%20Ays%C3%A9n&#038;url=https:\/\/radiorevelacionfm.cl\/?p=59950' aria-hidden='false' data-av_icon='\ue8fc' data-av_iconfont='entypo-fontello' title='' data-avia-related-tooltip='Compartir en LinkedIn' rel=\"noopener\"><span class='avia_hidden_link_text'>Compartir en LinkedIn<\/span><\/a><\/li><li class='av-share-link av-social-link-mail' ><a  aria-label=\"Compartir por correo\" href='mailto:?subject=Subsecretario%20General%20de%20Gobierno%2C%20Erwin%20D%C3%ADaz%20Asenjo%2C%20realiza%20intensa%20gira%20por%20la%20Regi%C3%B3n%20de%20Ays%C3%A9n&#038;body=https:\/\/radiorevelacionfm.cl\/?p=59950' aria-hidden='false' data-av_icon='\ue805' data-av_iconfont='entypo-fontello' title='' data-avia-related-tooltip='Compartir por correo'><span class='avia_hidden_link_text'>Compartir por correo<\/span><\/a><\/li><\/ul><\/div><\/div>\n<div  style='height:50px' class='hr hr-invisible   avia-builder-el-8  el_after_av_social_share  el_before_av_comments_list '><span class='hr-inner ' ><span class='hr-inner-style'><\/span><\/span><\/div>\n<div  class='av-buildercomment  av-blog-meta-html-info-disabled av-blog-meta-tag-disabled  '><\/div>\n","protected":false},"excerpt":{"rendered":"","protected":false},"author":1,"featured_media":59951,"comment_status":"closed","ping_status":"closed","sticky":false,"template":"","format":"standard","meta":{"footnotes":""},"categories":[38],"tags":[],"class_list":["post-59950","post","type-post","status-publish","format-standard","has-post-thumbnail","hentry","category-regional"],"jetpack_featured_media_url":"https:\/\/radiorevelacionfm.cl\/wp-content\/uploads\/2025\/10\/subsecretario-1_optimized-1.jpg","_links":{"self":[{"href":"https:\/\/radiorevelacionfm.cl\/index.php?rest_route=\/wp\/v2\/posts\/59950","targetHints":{"allow":["GET"]}}],"collection":[{"href":"https:\/\/radiorevelacionfm.cl\/index.php?rest_route=\/wp\/v2\/posts"}],"about":[{"href":"https:\/\/radiorevelacionfm.cl\/index.php?rest_route=\/wp\/v2\/types\/post"}],"author":[{"embeddable":true,"href":"https:\/\/radiorevelacionfm.cl\/index.php?rest_route=\/wp\/v2\/users\/1"}],"replies":[{"embeddable":true,"href":"https:\/\/radiorevelacionfm.cl\/index.php?rest_route=%2Fwp%2Fv2%2Fcomments&post=59950"}],"version-history":[{"count":2,"href":"https:\/\/radiorevelacionfm.cl\/index.php?rest_route=\/wp\/v2\/posts\/59950\/revisions"}],"predecessor-version":[{"id":59953,"href":"https:\/\/radiorevelacionfm.cl\/index.php?rest_route=\/wp\/v2\/posts\/59950\/revisions\/59953"}],"wp:featuredmedia":[{"embeddable":true,"href":"https:\/\/radiorevelacionfm.cl\/index.php?rest_route=\/wp\/v2\/media\/59951"}],"wp:attachment":[{"href":"https:\/\/radiorevelacionfm.cl\/index.php?rest_route=%2Fwp%2Fv2%2Fmedia&parent=59950"}],"wp:term":[{"taxonomy":"category","embeddable":true,"href":"https:\/\/radiorevelacionfm.cl\/index.php?rest_route=%2Fwp%2Fv2%2Fcategories&post=59950"},{"taxonomy":"post_tag","embeddable":true,"href":"https:\/\/radiorevelacionfm.cl\/index.php?rest_route=%2Fwp%2Fv2%2Ftags&post=59950"}],"curies":[{"name":"wp","href":"https:\/\/api.w.org\/{rel}","templated":true}]}}