{"id":59946,"date":"2025-10-05T19:01:41","date_gmt":"2025-10-05T22:01:41","guid":{"rendered":"https:\/\/radiorevelacionfm.cl\/?p=59946"},"modified":"2025-10-05T19:01:41","modified_gmt":"2025-10-05T22:01:41","slug":"seccion-aerea-de-carabineros-realizo-traslado-aeromedico-de-paciente-renal-aislado-por-temporal-en-puerto-tranquilo","status":"publish","type":"post","link":"https:\/\/radiorevelacionfm.cl\/?p=59946","title":{"rendered":"Secci\u00f3n A\u00e9rea de Carabineros realiz\u00f3 traslado aerom\u00e9dico de paciente renal aislado por temporal en Puerto Tranquilo"},"content":{"rendered":"<div class=\"flex_column av_one_full  flex_column_div av-zero-column-padding first  avia-builder-el-0  el_before_av_one_full  avia-builder-el-first  \" style='border-radius:0px; '><div  class='avia-image-container  av-styling-    avia-builder-el-1  avia-builder-el-no-sibling  avia-align-center '  itemprop=\"image\" itemscope=\"itemscope\" itemtype=\"https:\/\/schema.org\/ImageObject\"  ><div class='avia-image-container-inner'><div class='avia-image-overlay-wrap'><img decoding=\"async\" class='wp-image-59947 avia-img-lazy-loading-not-59947 avia_image' src=\"https:\/\/radiorevelacionfm.cl\/wp-content\/uploads\/2025\/10\/IMG_9837-1-1.jpg\" alt='' title='IMG_9837 (1) (1)' height=\"600\" width=\"800\"  itemprop=\"thumbnailUrl\" srcset=\"https:\/\/radiorevelacionfm.cl\/wp-content\/uploads\/2025\/10\/IMG_9837-1-1.jpg 800w, https:\/\/radiorevelacionfm.cl\/wp-content\/uploads\/2025\/10\/IMG_9837-1-1-300x225.jpg 300w, https:\/\/radiorevelacionfm.cl\/wp-content\/uploads\/2025\/10\/IMG_9837-1-1-768x576.jpg 768w, https:\/\/radiorevelacionfm.cl\/wp-content\/uploads\/2025\/10\/IMG_9837-1-1-705x529.jpg 705w, https:\/\/radiorevelacionfm.cl\/wp-content\/uploads\/2025\/10\/IMG_9837-1-1-450x338.jpg 450w, https:\/\/radiorevelacionfm.cl\/wp-content\/uploads\/2025\/10\/IMG_9837-1-1-600x450.jpg 600w\" sizes=\"(max-width: 800px) 100vw, 800px\" \/><\/div><\/div><\/div><\/div><div class=\"flex_column av_one_full  flex_column_div av-zero-column-padding first  avia-builder-el-2  el_after_av_one_full  el_before_av_one_full  column-top-margin\" style='border-radius:0px; '><section class=\"av_textblock_section \"  itemscope=\"itemscope\" itemtype=\"https:\/\/schema.org\/BlogPosting\" itemprop=\"blogPost\" ><div class='avia_textblock  '   itemprop=\"text\" ><p style=\"text-align: center;\"><strong><span style=\"font-size: 18pt;\">Secci\u00f3n A\u00e9rea de Carabineros realiz\u00f3 traslado aerom\u00e9dico de paciente renal aislado por temporal en Puerto Tranquilo<\/span><\/strong><\/p>\n<div id=\"gtx-trans\" style=\"position: absolute; left: -50px; top: 4.31534px;\">\n<div class=\"gtx-trans-icon\"><\/div>\n<\/div>\n<\/div><\/section><\/div><div class=\"flex_column av_one_full  flex_column_div av-zero-column-padding first  avia-builder-el-4  el_after_av_one_full  el_before_av_hr  column-top-margin\" style='border-radius:0px; '><section class=\"av_textblock_section \"  itemscope=\"itemscope\" itemtype=\"https:\/\/schema.org\/BlogPosting\" itemprop=\"blogPost\" ><div class='avia_textblock  '   itemprop=\"text\" ><p dir=\"ltr\" style=\"text-align: justify;\"><em>El caso se conoci\u00f3 a trav\u00e9s de redes sociales, siendo derivado desde Puerto R\u00edo Tranquilo a Coyhaique, dada la imposibilidad de viajar por tierra a ra\u00edz de los cortes de la Ruta 7 productor del sistema frontal.<\/em><\/p>\n<p dir=\"ltr\" style=\"text-align: justify;\">Un operativo aerom\u00e9dico de emergencia culmin\u00f3 con \u00e9xito el traslado de un paciente con insuficiencia renal cr\u00f3nica que requer\u00eda di\u00e1lisis constante, desde la localizaci\u00f3n de Puerto R\u00edo Tranquilo hasta la ciudad de Coyhaique. La acci\u00f3n se hizo prioritaria debido a la emergencia clim\u00e1tica que mantiene cortadas las rutas en la Regi\u00f3n de Ays\u00e9n, poniendo en riesgo la continuidad de su tratamiento vital.<\/p>\n<p dir=\"ltr\" style=\"text-align: justify;\"><strong>Caso se conoci\u00f3 por redes sociales<\/strong><\/p>\n<p dir=\"ltr\" style=\"text-align: justify;\">Seg\u00fan indic\u00f3 el Jefe de la Secci\u00f3n A\u00e9rea de Carabineros Coyhaique, Teniente Coronel Gerardo Gonz\u00e1lez L\u00f3pez, el traslado se concret\u00f3 durante la tarde del s\u00e1bado, luego que su caso se conoci\u00f3 y difundi\u00f3 inicialmente a trav\u00e9s de las redes sociales, lo que permiti\u00f3 una respuesta oportuna.<\/p>\n<p dir=\"ltr\" style=\"text-align: justify;\">\u00abQueremos agradecer principalmente en este caso a los vecinos porque esta situaci\u00f3n se conoci\u00f3 a trav\u00e9s de las redes sociales. Nosotros nos enteramos en primera instancia por las mismas personas que hicieron llegar esto\u00bb, se\u00f1al\u00f3 el Oficial.<\/p>\n<p dir=\"ltr\" style=\"text-align: justify;\">Tras recibir la alerta, se realizaron las confirmaciones necesarias con el apoyo del Servicio de Atenci\u00f3n M\u00e9dica de Urgencia (SAMU), tanto en el sector de R\u00edo Tranquilo como en Coyhaique, para coordinar la log\u00edstica del vuelo.<\/p>\n<p dir=\"ltr\" style=\"text-align: justify;\">La solicitud formal para efectuar el traslado fue canalizada a trav\u00e9s del Delegado de la Provincia de General Carrera, quien, seg\u00fan estuvo constantemente monitoreando esta situaci\u00f3n.<\/p>\n<p dir=\"ltr\" style=\"text-align: justify;\">La coordinaci\u00f3n interinstitucional fue clave para aprovechar las condiciones meteorol\u00f3gicas que permitieron\u00a0 llevar a cabo el traslado aerom\u00e9dico.<\/p>\n<p dir=\"ltr\" style=\"text-align: justify;\"><strong>Condici\u00f3n de salud<\/strong><\/p>\n<p dir=\"ltr\" style=\"text-align: justify;\">El Teniente Coronel Gerardo Gonz\u00e1lez L\u00f3pez, indic\u00f3 que \u201cDon Patricio\u201d necesita dializarse m\u00e1s de una vez a la semana de forma permanente, quien al momento de su traslado se encontraba en buenas condiciones durante el viaje, siendo monitoreado previamente por personal de salud en Puerto R\u00edo Tranquilo.<\/p>\n<p dir=\"ltr\" style=\"text-align: justify;\">Tras el arribo a Coyhaique, el paciente continuar\u00e1 con el procedimiento de atenci\u00f3n m\u00e9dica, en tanto que su estad\u00eda en la capital regional se extender\u00e1 por el tiempo que la ruta permanezca cortada.<\/p>\n<p dir=\"ltr\" style=\"text-align: justify;\">\u00ab\u00c9l se va a mantener en la ciudad de Coyhaique pero sin duda hay muchas otras personas en la regi\u00f3n que tienen dificultades similares y que se deben atender\u00bb, manifest\u00f3 el Jefe de la Secci\u00f3n A\u00e9rea, recordando el desaf\u00edo log\u00edstico que la emergencia clim\u00e1tica impone a otros pacientes con necesidades m\u00e9dicas cr\u00edticas en zonas aisladas de Ays\u00e9n.<\/p>\n<p dir=\"ltr\" style=\"text-align: justify;\">\u00abLa verdad que nos tiene muy contentos el poder finalizar esta jornada con este traslado aerom\u00e9dico\u00bb, expres\u00f3 el Oficial, quien reiter\u00f3 su agradecimiento a los vecinos de la regi\u00f3n quienes solidarizaron con \u201cdon Patricio\u201d y empatizaron con su situaci\u00f3n de salud.<\/p>\n<\/div><\/section><\/div><div  style='height:50px' class='hr hr-invisible   avia-builder-el-6  el_after_av_one_full  el_before_av_social_share '><span class='hr-inner ' ><span class='hr-inner-style'><\/span><\/span><\/div><\/p>\n<div  class='av-social-sharing-box  avia-builder-el-7  el_after_av_hr  el_before_av_hr  '><div class='av-share-box'><h5 class='av-share-link-description av-no-toc '>Compartir esta noticia<\/h5><ul class='av-share-box-list noLightbox'><li class='av-share-link av-social-link-facebook' ><a target=\"_blank\" aria-label=\"Compartir en Facebook\" href='https:\/\/www.facebook.com\/sharer.php?u=https:\/\/radiorevelacionfm.cl\/?p=59946&#038;t=Secci%C3%B3n%20A%C3%A9rea%20de%20Carabineros%20realiz%C3%B3%20traslado%20aerom%C3%A9dico%20de%20paciente%20renal%20aislado%20por%20temporal%20en%20Puerto%20Tranquilo' aria-hidden='false' data-av_icon='\ue8f3' data-av_iconfont='entypo-fontello' title='' data-avia-related-tooltip='Compartir en Facebook' rel=\"noopener\"><span class='avia_hidden_link_text'>Compartir en Facebook<\/span><\/a><\/li><li class='av-share-link av-social-link-twitter' ><a target=\"_blank\" aria-label=\"Compartir en Twitter\" href='https:\/\/twitter.com\/share?text=Secci%C3%B3n%20A%C3%A9rea%20de%20Carabineros%20realiz%C3%B3%20traslado%20aerom%C3%A9dico%20de%20paciente%20renal%20aislado%20por%20temporal%20en%20Puerto%20Tranquilo&#038;url=https:\/\/radiorevelacionfm.cl\/?p=59946' aria-hidden='false' data-av_icon='\ue8f1' data-av_iconfont='entypo-fontello' title='' data-avia-related-tooltip='Compartir en Twitter' rel=\"noopener\"><span class='avia_hidden_link_text'>Compartir en Twitter<\/span><\/a><\/li><li class='av-share-link av-social-link-whatsapp' ><a target=\"_blank\" aria-label=\"Compartir en Whatsapp\" href='https:\/\/api.whatsapp.com\/send?text=https:\/\/radiorevelacionfm.cl\/?p=59946' aria-hidden='false' data-av_icon='\uf232' data-av_iconfont='entypo-fontello' title='' data-avia-related-tooltip='Compartir en Whatsapp' rel=\"noopener\"><span class='avia_hidden_link_text'>Compartir en Whatsapp<\/span><\/a><\/li><li class='av-share-link av-social-link-linkedin' ><a target=\"_blank\" aria-label=\"Compartir en LinkedIn\" href='https:\/\/linkedin.com\/shareArticle?mini=true&#038;title=Secci%C3%B3n%20A%C3%A9rea%20de%20Carabineros%20realiz%C3%B3%20traslado%20aerom%C3%A9dico%20de%20paciente%20renal%20aislado%20por%20temporal%20en%20Puerto%20Tranquilo&#038;url=https:\/\/radiorevelacionfm.cl\/?p=59946' aria-hidden='false' data-av_icon='\ue8fc' data-av_iconfont='entypo-fontello' title='' data-avia-related-tooltip='Compartir en LinkedIn' rel=\"noopener\"><span class='avia_hidden_link_text'>Compartir en LinkedIn<\/span><\/a><\/li><li class='av-share-link av-social-link-mail' ><a  aria-label=\"Compartir por correo\" href='mailto:?subject=Secci%C3%B3n%20A%C3%A9rea%20de%20Carabineros%20realiz%C3%B3%20traslado%20aerom%C3%A9dico%20de%20paciente%20renal%20aislado%20por%20temporal%20en%20Puerto%20Tranquilo&#038;body=https:\/\/radiorevelacionfm.cl\/?p=59946' aria-hidden='false' data-av_icon='\ue805' data-av_iconfont='entypo-fontello' title='' data-avia-related-tooltip='Compartir por correo'><span class='avia_hidden_link_text'>Compartir por correo<\/span><\/a><\/li><\/ul><\/div><\/div>\n<div  style='height:50px' class='hr hr-invisible   avia-builder-el-8  el_after_av_social_share  el_before_av_comments_list '><span class='hr-inner ' ><span class='hr-inner-style'><\/span><\/span><\/div>\n<div  class='av-buildercomment  av-blog-meta-html-info-disabled av-blog-meta-tag-disabled  '><\/div>\n","protected":false},"excerpt":{"rendered":"","protected":false},"author":1,"featured_media":59947,"comment_status":"closed","ping_status":"closed","sticky":false,"template":"","format":"standard","meta":{"footnotes":""},"categories":[36],"tags":[],"class_list":["post-59946","post","type-post","status-publish","format-standard","has-post-thumbnail","hentry","category-policial"],"jetpack_featured_media_url":"https:\/\/radiorevelacionfm.cl\/wp-content\/uploads\/2025\/10\/IMG_9837-1-1.jpg","_links":{"self":[{"href":"https:\/\/radiorevelacionfm.cl\/index.php?rest_route=\/wp\/v2\/posts\/59946","targetHints":{"allow":["GET"]}}],"collection":[{"href":"https:\/\/radiorevelacionfm.cl\/index.php?rest_route=\/wp\/v2\/posts"}],"about":[{"href":"https:\/\/radiorevelacionfm.cl\/index.php?rest_route=\/wp\/v2\/types\/post"}],"author":[{"embeddable":true,"href":"https:\/\/radiorevelacionfm.cl\/index.php?rest_route=\/wp\/v2\/users\/1"}],"replies":[{"embeddable":true,"href":"https:\/\/radiorevelacionfm.cl\/index.php?rest_route=%2Fwp%2Fv2%2Fcomments&post=59946"}],"version-history":[{"count":2,"href":"https:\/\/radiorevelacionfm.cl\/index.php?rest_route=\/wp\/v2\/posts\/59946\/revisions"}],"predecessor-version":[{"id":59949,"href":"https:\/\/radiorevelacionfm.cl\/index.php?rest_route=\/wp\/v2\/posts\/59946\/revisions\/59949"}],"wp:featuredmedia":[{"embeddable":true,"href":"https:\/\/radiorevelacionfm.cl\/index.php?rest_route=\/wp\/v2\/media\/59947"}],"wp:attachment":[{"href":"https:\/\/radiorevelacionfm.cl\/index.php?rest_route=%2Fwp%2Fv2%2Fmedia&parent=59946"}],"wp:term":[{"taxonomy":"category","embeddable":true,"href":"https:\/\/radiorevelacionfm.cl\/index.php?rest_route=%2Fwp%2Fv2%2Fcategories&post=59946"},{"taxonomy":"post_tag","embeddable":true,"href":"https:\/\/radiorevelacionfm.cl\/index.php?rest_route=%2Fwp%2Fv2%2Ftags&post=59946"}],"curies":[{"name":"wp","href":"https:\/\/api.w.org\/{rel}","templated":true}]}}