{"id":59942,"date":"2025-10-05T17:21:34","date_gmt":"2025-10-05T20:21:34","guid":{"rendered":"https:\/\/radiorevelacionfm.cl\/?p=59942"},"modified":"2025-10-05T17:21:34","modified_gmt":"2025-10-05T20:21:34","slug":"empresa-electrica-refuerza-despliegue-hacia-murta-y-puerto-sanchez-con-cruce-por-barcaza-desde-puerto-ibanez-a-puerto-guadal","status":"publish","type":"post","link":"https:\/\/radiorevelacionfm.cl\/?p=59942","title":{"rendered":"Empresa El\u00e9ctrica refuerza despliegue hacia Murta y Puerto S\u00e1nchez con cruce por barcaza desde Puerto Ib\u00e1\u00f1ez a Puerto Guadal"},"content":{"rendered":"<div class=\"flex_column av_one_full  flex_column_div av-zero-column-padding first  avia-builder-el-0  el_before_av_one_full  avia-builder-el-first  \" style='border-radius:0px; '><div  class='avia-image-container  av-styling-    avia-builder-el-1  avia-builder-el-no-sibling  avia-align-center '  itemprop=\"image\" itemscope=\"itemscope\" itemtype=\"https:\/\/schema.org\/ImageObject\"  ><div class='avia-image-container-inner'><div class='avia-image-overlay-wrap'><img decoding=\"async\" class='wp-image-59943 avia-img-lazy-loading-not-59943 avia_image' src=\"https:\/\/radiorevelacionfm.cl\/wp-content\/uploads\/2025\/10\/emergencia-climaetica1-1_optimized-1.jpeg\" alt='' title='emergencia-clima\u011btica1-(1)_optimized (1)' height=\"815\" width=\"800\"  itemprop=\"thumbnailUrl\" srcset=\"https:\/\/radiorevelacionfm.cl\/wp-content\/uploads\/2025\/10\/emergencia-climaetica1-1_optimized-1.jpeg 800w, https:\/\/radiorevelacionfm.cl\/wp-content\/uploads\/2025\/10\/emergencia-climaetica1-1_optimized-1-294x300.jpeg 294w, https:\/\/radiorevelacionfm.cl\/wp-content\/uploads\/2025\/10\/emergencia-climaetica1-1_optimized-1-768x782.jpeg 768w, https:\/\/radiorevelacionfm.cl\/wp-content\/uploads\/2025\/10\/emergencia-climaetica1-1_optimized-1-36x36.jpeg 36w, https:\/\/radiorevelacionfm.cl\/wp-content\/uploads\/2025\/10\/emergencia-climaetica1-1_optimized-1-692x705.jpeg 692w, https:\/\/radiorevelacionfm.cl\/wp-content\/uploads\/2025\/10\/emergencia-climaetica1-1_optimized-1-450x458.jpeg 450w, https:\/\/radiorevelacionfm.cl\/wp-content\/uploads\/2025\/10\/emergencia-climaetica1-1_optimized-1-600x611.jpeg 600w\" sizes=\"(max-width: 800px) 100vw, 800px\" \/><\/div><\/div><\/div><\/div><div class=\"flex_column av_one_full  flex_column_div av-zero-column-padding first  avia-builder-el-2  el_after_av_one_full  el_before_av_one_full  column-top-margin\" style='border-radius:0px; '><section class=\"av_textblock_section \"  itemscope=\"itemscope\" itemtype=\"https:\/\/schema.org\/BlogPosting\" itemprop=\"blogPost\" ><div class='avia_textblock  '   itemprop=\"text\" ><p style=\"text-align: center;\"><strong><span style=\"font-size: 18pt;\">Empresa El\u00e9ctrica refuerza despliegue hacia Murta y Puerto S\u00e1nchez con cruce por barcaza desde Puerto Ib\u00e1\u00f1ez a Puerto Guadal<\/span><\/strong><\/p>\n<div id=\"gtx-trans\" style=\"position: absolute; left: -50px; top: 4.31534px;\">\n<div class=\"gtx-trans-icon\"><\/div>\n<\/div>\n<\/div><\/section><\/div><div class=\"flex_column av_one_full  flex_column_div av-zero-column-padding first  avia-builder-el-4  el_after_av_one_full  el_before_av_hr  column-top-margin\" style='border-radius:0px; '><section class=\"av_textblock_section \"  itemscope=\"itemscope\" itemtype=\"https:\/\/schema.org\/BlogPosting\" itemprop=\"blogPost\" ><div class='avia_textblock  '   itemprop=\"text\" ><p style=\"text-align: justify;\"><em>La empresa mantiene activo su plan de emergencia y coordin\u00f3 el traslado de brigadas, camiones y materiales por v\u00eda lacustre hasta Puerto Guadal, desde donde avanzar\u00e1n por tierra hacia los sectores m\u00e1s afectados de la comuna de R\u00edo Ib\u00e1\u00f1ez con el fin de restablecer el servicio a vecinos que a\u00fan se mantienen afectados tras intenso frente clim\u00e1tico.<\/em><\/p>\n<p style=\"text-align: justify;\">Edelaysen inform\u00f3 que contin\u00faa con su plan de emergencia activo y con equipos desplegados para enfrentar las consecuencias del temporal que ha afectado, principalmente, a la comuna de R\u00edo Ib\u00e1\u00f1ez, donde Bah\u00eda Murta y Puerto S\u00e1nchez se mantienen como los sectores m\u00e1s afectados por las intensas lluvias, ca\u00eddas de \u00e1rboles y cortes de camino.<\/p>\n<p style=\"text-align: justify;\">Durante la noche del s\u00e1bado se logr\u00f3 restablecer el suministro en Mall\u00edn Grande, mientras que cerca de 370 clientes permanecen sin servicio en el tramo Bah\u00eda Murta \u2013 Puerto S\u00e1nchez, debido a la imposibilidad de acceder por las rutas principales, que contin\u00faan restringidas seg\u00fan informaci\u00f3n de la Direcci\u00f3n de Vialidad.<\/p>\n<p style=\"text-align: justify;\">Para reforzar los trabajos de reposici\u00f3n, Edelaysen coordin\u00f3 un cruce especial por barcaza desde Puerto Ib\u00e1\u00f1ez hacia Puerto Guadal, donde se dieron las condiciones necesarias para el desembarque de camiones, gr\u00faas y equipamiento. Desde all\u00ed, las brigadas avanzar\u00e1n por v\u00eda terrestre hacia Puerto Tranquilo y Bah\u00eda Murta, con el objetivo de llegar a las zonas afectadas y comenzar las maniobras de recuperaci\u00f3n del servicio.<\/p>\n<p style=\"text-align: justify;\">\u00abSabemos la complejidad que ha significado este temporal y entendemos la preocupaci\u00f3n de nuestros vecinos. Por eso hemos activado todos los recursos disponibles, incluyendo el traslado lacustre de brigadas y equipos, para llegar a Murta y Puerto S\u00e1nchez. Nuestro compromiso es seguir trabajando hasta recuperar el servicio en su totalidad\u201d, se\u00f1al\u00f3 Mar\u00eda de los \u00c1ngeles Gajardo, jefa de Servicio al Cliente de Edelaysen.<\/p>\n<p style=\"text-align: justify;\">La empresa mantiene coordinaci\u00f3n permanente con la SEREMI de Energ\u00eda, la Superintendencia de Electricidad y Combustibles (SEC), la Delegaci\u00f3n Presidencial y el Ministerio de Obras P\u00fablicas (MOP), con el prop\u00f3sito de avanzar de manera conjunta en la evaluaci\u00f3n de las rutas y en las acciones necesarias para reponer el servicio con seguridad y eficiencia.<\/p>\n<\/div><\/section><\/div><div  style='height:50px' class='hr hr-invisible   avia-builder-el-6  el_after_av_one_full  el_before_av_social_share '><span class='hr-inner ' ><span class='hr-inner-style'><\/span><\/span><\/div><\/p>\n<div  class='av-social-sharing-box  avia-builder-el-7  el_after_av_hr  el_before_av_hr  '><div class='av-share-box'><h5 class='av-share-link-description av-no-toc '>Compartir esta noticia<\/h5><ul class='av-share-box-list noLightbox'><li class='av-share-link av-social-link-facebook' ><a target=\"_blank\" aria-label=\"Compartir en Facebook\" href='https:\/\/www.facebook.com\/sharer.php?u=https:\/\/radiorevelacionfm.cl\/?p=59942&#038;t=Empresa%20El%C3%A9ctrica%20refuerza%20despliegue%20hacia%20Murta%20y%20Puerto%20S%C3%A1nchez%20con%20cruce%20por%20barcaza%20desde%20Puerto%20Ib%C3%A1%C3%B1ez%20a%20Puerto%20Guadal' aria-hidden='false' data-av_icon='\ue8f3' data-av_iconfont='entypo-fontello' title='' data-avia-related-tooltip='Compartir en Facebook' rel=\"noopener\"><span class='avia_hidden_link_text'>Compartir en Facebook<\/span><\/a><\/li><li class='av-share-link av-social-link-twitter' ><a target=\"_blank\" aria-label=\"Compartir en Twitter\" href='https:\/\/twitter.com\/share?text=Empresa%20El%C3%A9ctrica%20refuerza%20despliegue%20hacia%20Murta%20y%20Puerto%20S%C3%A1nchez%20con%20cruce%20por%20barcaza%20desde%20Puerto%20Ib%C3%A1%C3%B1ez%20a%20Puerto%20Guadal&#038;url=https:\/\/radiorevelacionfm.cl\/?p=59942' aria-hidden='false' data-av_icon='\ue8f1' data-av_iconfont='entypo-fontello' title='' data-avia-related-tooltip='Compartir en Twitter' rel=\"noopener\"><span class='avia_hidden_link_text'>Compartir en Twitter<\/span><\/a><\/li><li class='av-share-link av-social-link-whatsapp' ><a target=\"_blank\" aria-label=\"Compartir en Whatsapp\" href='https:\/\/api.whatsapp.com\/send?text=https:\/\/radiorevelacionfm.cl\/?p=59942' aria-hidden='false' data-av_icon='\uf232' data-av_iconfont='entypo-fontello' title='' data-avia-related-tooltip='Compartir en Whatsapp' rel=\"noopener\"><span class='avia_hidden_link_text'>Compartir en Whatsapp<\/span><\/a><\/li><li class='av-share-link av-social-link-linkedin' ><a target=\"_blank\" aria-label=\"Compartir en LinkedIn\" href='https:\/\/linkedin.com\/shareArticle?mini=true&#038;title=Empresa%20El%C3%A9ctrica%20refuerza%20despliegue%20hacia%20Murta%20y%20Puerto%20S%C3%A1nchez%20con%20cruce%20por%20barcaza%20desde%20Puerto%20Ib%C3%A1%C3%B1ez%20a%20Puerto%20Guadal&#038;url=https:\/\/radiorevelacionfm.cl\/?p=59942' aria-hidden='false' data-av_icon='\ue8fc' data-av_iconfont='entypo-fontello' title='' data-avia-related-tooltip='Compartir en LinkedIn' rel=\"noopener\"><span class='avia_hidden_link_text'>Compartir en LinkedIn<\/span><\/a><\/li><li class='av-share-link av-social-link-mail' ><a  aria-label=\"Compartir por correo\" href='mailto:?subject=Empresa%20El%C3%A9ctrica%20refuerza%20despliegue%20hacia%20Murta%20y%20Puerto%20S%C3%A1nchez%20con%20cruce%20por%20barcaza%20desde%20Puerto%20Ib%C3%A1%C3%B1ez%20a%20Puerto%20Guadal&#038;body=https:\/\/radiorevelacionfm.cl\/?p=59942' aria-hidden='false' data-av_icon='\ue805' data-av_iconfont='entypo-fontello' title='' data-avia-related-tooltip='Compartir por correo'><span class='avia_hidden_link_text'>Compartir por correo<\/span><\/a><\/li><\/ul><\/div><\/div>\n<div  style='height:50px' class='hr hr-invisible   avia-builder-el-8  el_after_av_social_share  el_before_av_comments_list '><span class='hr-inner ' ><span class='hr-inner-style'><\/span><\/span><\/div>\n<div  class='av-buildercomment  av-blog-meta-html-info-disabled av-blog-meta-tag-disabled  '><\/div>\n","protected":false},"excerpt":{"rendered":"","protected":false},"author":1,"featured_media":59943,"comment_status":"closed","ping_status":"closed","sticky":false,"template":"","format":"standard","meta":{"footnotes":""},"categories":[38],"tags":[],"class_list":["post-59942","post","type-post","status-publish","format-standard","has-post-thumbnail","hentry","category-regional"],"jetpack_featured_media_url":"https:\/\/radiorevelacionfm.cl\/wp-content\/uploads\/2025\/10\/emergencia-climaetica1-1_optimized-1.jpeg","_links":{"self":[{"href":"https:\/\/radiorevelacionfm.cl\/index.php?rest_route=\/wp\/v2\/posts\/59942","targetHints":{"allow":["GET"]}}],"collection":[{"href":"https:\/\/radiorevelacionfm.cl\/index.php?rest_route=\/wp\/v2\/posts"}],"about":[{"href":"https:\/\/radiorevelacionfm.cl\/index.php?rest_route=\/wp\/v2\/types\/post"}],"author":[{"embeddable":true,"href":"https:\/\/radiorevelacionfm.cl\/index.php?rest_route=\/wp\/v2\/users\/1"}],"replies":[{"embeddable":true,"href":"https:\/\/radiorevelacionfm.cl\/index.php?rest_route=%2Fwp%2Fv2%2Fcomments&post=59942"}],"version-history":[{"count":2,"href":"https:\/\/radiorevelacionfm.cl\/index.php?rest_route=\/wp\/v2\/posts\/59942\/revisions"}],"predecessor-version":[{"id":59945,"href":"https:\/\/radiorevelacionfm.cl\/index.php?rest_route=\/wp\/v2\/posts\/59942\/revisions\/59945"}],"wp:featuredmedia":[{"embeddable":true,"href":"https:\/\/radiorevelacionfm.cl\/index.php?rest_route=\/wp\/v2\/media\/59943"}],"wp:attachment":[{"href":"https:\/\/radiorevelacionfm.cl\/index.php?rest_route=%2Fwp%2Fv2%2Fmedia&parent=59942"}],"wp:term":[{"taxonomy":"category","embeddable":true,"href":"https:\/\/radiorevelacionfm.cl\/index.php?rest_route=%2Fwp%2Fv2%2Fcategories&post=59942"},{"taxonomy":"post_tag","embeddable":true,"href":"https:\/\/radiorevelacionfm.cl\/index.php?rest_route=%2Fwp%2Fv2%2Ftags&post=59942"}],"curies":[{"name":"wp","href":"https:\/\/api.w.org\/{rel}","templated":true}]}}