{"id":59933,"date":"2025-10-05T15:47:25","date_gmt":"2025-10-05T18:47:25","guid":{"rendered":"https:\/\/radiorevelacionfm.cl\/?p=59933"},"modified":"2025-10-05T15:59:12","modified_gmt":"2025-10-05T18:59:12","slug":"continua-despliegue-en-la-zona-sur-para-restablecer-conectividad-tras-paso-de-frente-climatico","status":"publish","type":"post","link":"https:\/\/radiorevelacionfm.cl\/?p=59933","title":{"rendered":"Contin\u00faa despliegue en la regi\u00f3n de Ays\u00e9n para restablecer conectividad tras paso de frente clim\u00e1tico"},"content":{"rendered":"<div class=\"flex_column av_one_full  flex_column_div av-zero-column-padding first  avia-builder-el-0  el_before_av_one_full  avia-builder-el-first  \" style='border-radius:0px; '><div  class='avia-image-container  av-styling-    avia-builder-el-1  avia-builder-el-no-sibling  avia-align-center '  itemprop=\"image\" itemscope=\"itemscope\" itemtype=\"https:\/\/schema.org\/ImageObject\"  ><div class='avia-image-container-inner'><div class='avia-image-overlay-wrap'><img decoding=\"async\" class='wp-image-59934 avia-img-lazy-loading-not-59934 avia_image' src=\"https:\/\/radiorevelacionfm.cl\/wp-content\/uploads\/2025\/10\/557862469_1132499902346434_32027798224220874_n-1_optimized-1.jpg\" alt='' title='557862469_1132499902346434_32027798224220874_n-(1)_optimized (1)' height=\"600\" width=\"800\"  itemprop=\"thumbnailUrl\" srcset=\"https:\/\/radiorevelacionfm.cl\/wp-content\/uploads\/2025\/10\/557862469_1132499902346434_32027798224220874_n-1_optimized-1.jpg 800w, https:\/\/radiorevelacionfm.cl\/wp-content\/uploads\/2025\/10\/557862469_1132499902346434_32027798224220874_n-1_optimized-1-300x225.jpg 300w, https:\/\/radiorevelacionfm.cl\/wp-content\/uploads\/2025\/10\/557862469_1132499902346434_32027798224220874_n-1_optimized-1-768x576.jpg 768w, https:\/\/radiorevelacionfm.cl\/wp-content\/uploads\/2025\/10\/557862469_1132499902346434_32027798224220874_n-1_optimized-1-705x529.jpg 705w, https:\/\/radiorevelacionfm.cl\/wp-content\/uploads\/2025\/10\/557862469_1132499902346434_32027798224220874_n-1_optimized-1-450x338.jpg 450w, https:\/\/radiorevelacionfm.cl\/wp-content\/uploads\/2025\/10\/557862469_1132499902346434_32027798224220874_n-1_optimized-1-600x450.jpg 600w\" sizes=\"(max-width: 800px) 100vw, 800px\" \/><\/div><\/div><\/div><\/div>\n<div class=\"flex_column av_one_full  flex_column_div av-zero-column-padding first  avia-builder-el-2  el_after_av_one_full  el_before_av_one_full  column-top-margin\" style='border-radius:0px; '><section class=\"av_textblock_section \"  itemscope=\"itemscope\" itemtype=\"https:\/\/schema.org\/BlogPosting\" itemprop=\"blogPost\" ><div class='avia_textblock  '   itemprop=\"text\" ><p style=\"text-align: center;\"><strong><span style=\"font-size: 18pt;\">Contin\u00faa despliegue en la regi\u00f3n de Ays\u00e9n para restablecer conectividad tras paso de frente clim\u00e1tico<\/span><\/strong><\/p>\n<div id=\"gtx-trans\" style=\"position: absolute; left: -50px; top: 4.31534px;\">\n<div class=\"gtx-trans-icon\"><\/div>\n<\/div>\n<\/div><\/section><\/div><div class=\"flex_column av_one_full  flex_column_div av-zero-column-padding first  avia-builder-el-4  el_after_av_one_full  el_before_av_hr  column-top-margin\" style='border-radius:0px; '><section class=\"av_textblock_section \"  itemscope=\"itemscope\" itemtype=\"https:\/\/schema.org\/BlogPosting\" itemprop=\"blogPost\" ><div class='avia_textblock  '   itemprop=\"text\" ><p style=\"text-align: justify;\"><strong>RESUMEN REGIONAL: <\/strong>De acuerdo con el monitoreo regional realizado con encargados provinciales y comunales, personal de Carabineros y antecedentes proporcionados el Ministerio de Obras P\u00fablicas (MOP), respecto al evento meteorol\u00f3gico que se desarrolla en la regi\u00f3n de Ays\u00e9n desde el d\u00eda 27 de septiembre de 2025, se indican las novedades detalladas a continuaci\u00f3n:<\/p>\n<table>\n<tbody>\n<tr>\n<td colspan=\"10\" width=\"604\"><strong>Afectaci\u00f3n por Evento Meteorol\u00f3gico<\/strong><\/td>\n<\/tr>\n<tr>\n<td colspan=\"5\" width=\"323\"><strong>Afectaci\u00f3n a personas<\/strong><\/td>\n<td width=\"53\"><\/td>\n<td colspan=\"3\" width=\"167\"><strong>Afectaci\u00f3n a viviendas<\/strong><\/td>\n<td width=\"60\"><\/td>\n<\/tr>\n<tr>\n<td width=\"56\"><strong>Afectados<\/strong><\/td>\n<td width=\"58\"><strong>Evacuados<\/strong><\/td>\n<td width=\"49\"><strong>Aislados<\/strong><\/td>\n<td width=\"75\"><strong>Desaparecidos<\/strong><\/td>\n<td width=\"85\"><strong>Damnificados<\/strong><\/td>\n<td width=\"53\"><strong>Albergues<\/strong><\/td>\n<td width=\"54\"><strong>Da\u00f1o<\/strong> <strong>menor<\/strong><\/p>\n<p><strong>habitable<\/strong><\/td>\n<td width=\"54\"><strong>Da\u00f1o<\/strong> <strong>mayor no<\/strong><\/p>\n<p><strong>habitable<\/strong><\/td>\n<td width=\"59\"><strong>Destruidas<\/strong><\/td>\n<td width=\"60\"><\/td>\n<\/tr>\n<tr>\n<td width=\"56\"><strong>19<\/strong><\/td>\n<td width=\"58\"><\/td>\n<td width=\"49\"><strong>1<\/strong><\/td>\n<td width=\"75\"><\/td>\n<td width=\"85\"><strong>5<\/strong><\/td>\n<td width=\"53\"><\/td>\n<td width=\"54\"><strong>1<\/strong><\/td>\n<td width=\"54\"><strong>2<\/strong><\/td>\n<td width=\"59\"><strong>1<\/strong><\/td>\n<td width=\"60\"><\/td>\n<\/tr>\n<tr>\n<td width=\"56\"><\/td>\n<td width=\"58\"><\/td>\n<td width=\"49\"><\/td>\n<td width=\"75\"><\/td>\n<td width=\"85\"><strong>60<\/strong><\/td>\n<td width=\"53\"><\/td>\n<td width=\"54\"><strong>25<\/strong><\/td>\n<td width=\"54\"><\/td>\n<td width=\"59\"><\/td>\n<td width=\"60\"><\/td>\n<\/tr>\n<tr>\n<td width=\"56\"><strong>56<\/strong><\/td>\n<td width=\"58\"><\/td>\n<td width=\"49\"><strong>54<\/strong><\/td>\n<td width=\"75\"><\/td>\n<td width=\"85\"><strong>18<\/strong><\/td>\n<td width=\"53\"><\/td>\n<td width=\"54\"><strong>67<\/strong><\/td>\n<td width=\"54\"><strong>9<\/strong><\/td>\n<td width=\"59\"><\/td>\n<td width=\"60\"><\/td>\n<\/tr>\n<tr>\n<td width=\"56\"><\/td>\n<td width=\"58\"><\/td>\n<td width=\"49\"><\/td>\n<td width=\"75\"><\/td>\n<td width=\"85\"><strong>240*<\/strong><\/td>\n<td width=\"53\"><strong>1<\/strong><\/td>\n<td width=\"54\"><\/td>\n<td width=\"54\"><strong>60<\/strong><\/td>\n<td width=\"59\"><\/td>\n<td width=\"60\"><\/td>\n<\/tr>\n<tr>\n<td width=\"56\"><\/td>\n<td width=\"58\"><\/td>\n<td width=\"49\"><strong>96<\/strong><\/td>\n<td width=\"75\"><\/td>\n<td width=\"85\"><\/td>\n<td width=\"53\"><\/td>\n<td width=\"54\"><\/td>\n<td width=\"54\"><\/td>\n<td width=\"59\"><\/td>\n<td width=\"60\"><\/td>\n<\/tr>\n<tr>\n<td width=\"56\"><strong>75<\/strong><\/td>\n<td width=\"58\"><\/td>\n<td width=\"49\"><strong>151<\/strong><\/td>\n<td width=\"75\"><\/td>\n<td width=\"85\"><strong>323<\/strong><\/td>\n<td width=\"53\"><strong>1<\/strong><\/td>\n<td width=\"54\"><strong>93<\/strong><\/td>\n<td width=\"54\"><strong>71<\/strong><\/td>\n<td width=\"59\"><strong>1<\/strong><\/td>\n<td width=\"60\"><\/td>\n<\/tr>\n<\/tbody>\n<\/table>\n<p><span style=\"font-size: 12pt; letter-spacing: 0px;\">*Promedio de 4 personas por familia.<\/span><\/p>\n<p><strong><span style=\"font-size: 14pt;\">Coyhaique<\/span><\/strong><\/p>\n<p style=\"text-align: justify;\">-01 persona aislada con vivienda con da\u00f1o menor habitable por crecida de rio y aumento de caudal en sector Lago Misterioso.<\/p>\n<p style=\"text-align: justify;\">-Sector norte de la comuna solicita alimento para ganado ovino, bovino y granos.<\/p>\n<p style=\"text-align: justify;\">-Cuadrillas de emergencia municipales trabajaron en el despeje de alcantarillas para evitar colapso<\/p>\n<p style=\"text-align: justify;\">-Perdida de 19 invernaderos por r\u00e1fagas de viento que afect\u00f3 sectores de Lago Polux, El Claro y Rio Norte.<\/p>\n<p style=\"text-align: justify;\">&#8211; Sector Rio Paloma solo acceso hasta el km 43 por ca\u00edda de \u00e1rboles, vecinos informan que aproximadamente hay en el sector 40 ovinos en parici\u00f3n.<\/p>\n<p style=\"text-align: justify;\">-Lago Atravesado 2 viviendas afectadas (da\u00f1o mayor no habitable) por voladura de techos y 05 personas damnificadas.<\/p>\n<p style=\"text-align: justify;\">-Cantidad de animales afectados en la comuna seg\u00fan informe de Oficina Rural DIDECO Municipalidad de Coyhaique; Ovinos 2500 y Bovinos 1100 aproximadamente.<\/p>\n<p style=\"text-align: justify;\">-Vivienda destruida, la que es destinada como segundo inmueble y que se encontraba deshabitada sufre da\u00f1o total debido al desprendimiento desde su base por los vientos, desplaz\u00e1ndose 06 metros. No existen personas damnificadas.<\/p>\n<p style=\"text-align: justify;\"><strong><span style=\"font-size: 14pt;\">R\u00edo Ib\u00e1\u00f1ez<\/span><\/strong><\/p>\n<p style=\"text-align: justify;\">60 personas damnificadas en km01, km03, km 04 y km09 de la Ruta X-728 sector Exploradores por desborde de alcantarilla y anegamiento.<\/p>\n<p style=\"text-align: justify;\"><strong><span style=\"font-size: 14pt;\">Chile Chico<\/span><\/strong><\/p>\n<p style=\"text-align: justify;\">El Le\u00f3n 10 viviendas afectadas, 21 personas. 12 h y 9m.<\/p>\n<ol style=\"text-align: justify;\">\n<li>Bertrand 2 viviendas damnificadas. 2 h y 3m.<\/li>\n<li>Guadal 34 viviendas afectadas. 23 h y 16 m. 6 viviendas damnificadas. 7 h y 6 m. 50 personas en total<\/li>\n<\/ol>\n<p style=\"text-align: justify;\">Laguna La Manga 4 viviendas afectadas. 31 personas. 19 h y 12m. El furioso 1 vivienda aislada. 1 h y 1 m<\/p>\n<p style=\"text-align: justify;\">El Viviano 5 viviendas afectadas. 10 personas, 6 h y 4 m<\/p>\n<p style=\"text-align: justify;\">Mall\u00edn Grande arroyo fiscal-las presillas, 2 viviendas afectadas, 4h y 2 m Las Horquetas 8 viviendas afectadas, 18 personas. 8h y 10m<\/p>\n<p style=\"text-align: justify;\">Los valles:4 viviendas afectadas, 8 personas. 4h y 4m<\/p>\n<p style=\"text-align: justify;\">Bah\u00eda Jara: vivienda con voladura de techumbre, no habitable. Escuela B\u00e1sica de Chile-Chico afectaci\u00f3n por voladura de techumbre Escuela B\u00e1sica de Puerto Guadal afectaci\u00f3n por anegamiento.<\/p>\n<p style=\"text-align: justify;\"><strong><span style=\"font-size: 14pt;\">Cochrane<\/span><\/strong><\/p>\n<p style=\"text-align: justify;\">En sector rural de la comuna viviendas anegadas con agua al interior de las viviendas y galpones, principalmente por desbordes de r\u00edos y arroyos, imposible acceder a sus viviendas. Personas aisladas en sectores San Lorenzo, Los \u00d1adis, Colonia Norte, lago Vargas, Rio Salto, Mait\u00e9n, Rio Neff, Lago Cochrane.<\/p>\n<p style=\"text-align: justify;\">Gran cantidad de poblaci\u00f3n anegada por aumento de caudal por el rio Cochrane, toda la poblaci\u00f3n de rivera del rio Cochrane, \u00e1rea urbana y chacras en general.<\/p>\n<p style=\"text-align: justify;\">120 personas afectadas, 50 damnificados, 40 viviendas con da\u00f1o menor habitable.<\/p>\n<p style=\"text-align: justify;\">60 viviendas (240 personas, promedio 4 personas por familia) con da\u00f1o mayor no habitable producto del ingreso de agua, afectaci\u00f3n a enseres b\u00e1sicos lo que imposibilita su uso.<\/p>\n<p style=\"text-align: justify;\">Sector urbano de Cochrane 19 viviendas con da\u00f1o mayor no habitable por anegamiento Sector urbano de Cochrane 40 viviendas con da\u00f1o menor habitable por anegamiento Sector tamango 04 viviendas anegadas.<\/p>\n<p style=\"text-align: justify;\">Sector Tamanguito 03 viviendas anegadas Sector liceo 04 viviendas anegadas<\/p>\n<p style=\"text-align: justify;\">Sector Lago Cochrane: poblaci\u00f3n completa aislada por anegamiento de camino Estero Cochrane 4 da\u00f1o menor habitable &#8211; 2 viviendas con da\u00f1o mayor no habitable Poblaci\u00f3n del jard\u00edn infantil 2 viviendas anegadas<\/p>\n<p style=\"text-align: justify;\">Afectaci\u00f3n a Sector Colonia Norte por anegamiento<\/p>\n<p style=\"text-align: justify;\"><span style=\"font-size: 12pt;\">Damnificados, afectados, aislados aun sin cuantificar debido a los escases de combustible en la localidad de Cochrane, anegamiento de los diferentes caminos y sectores. Se mantendr\u00e1 a la espera de mayores antecedentes para complementar la informaci\u00f3n.<\/span><\/p>\n<p><span style=\"font-size: 14pt;\"><strong>Tortel<\/strong><\/span><\/p>\n<p>Sector Rio Bravo 17 aislados, sector Rio Baker 21 aislados, sector Cruce Yungay 05 aislados, sector Lago Vargas 29 aislados, Sector Steffens 04 aislados y sector Aer\u00f3dromo 20 aislados<\/p>\n<p>Fuente: SINAPRED<\/p>\n<p style=\"text-align: justify;\"><strong>ESTADO DE SERVICIOS B\u00c1SICOS:<\/strong><\/p>\n<p style=\"text-align: justify;\"><strong>PUERTO SANCHEZ<\/strong><\/p>\n<p style=\"text-align: justify;\">Agua Potable Rural fuera de servicio debido a corte de energ\u00eda en el sector, lo que imposibilita el clorado de esta.<\/p>\n<p style=\"text-align: justify;\">Comuna de R\u00edo Ib\u00e1\u00f1ez se mantiene con interrupci\u00f3n de suministro el\u00e9ctrico, personal de la empresa de electricidad Edelaysen comunica que producto del corte de Ruta 7 a la altura del km 775 sector Traiguanca, no es posible llegar a la localidad de Bah\u00eda Murta y Puerto S\u00e1nchez para trabajar en la reposici\u00f3n del servicio.<\/p>\n<p style=\"text-align: justify;\">Se informa que d\u00eda de hoy domingo 05 de octubre a las 10:30 Hrs., camiones de combustible en desplazamiento desde Chile Chico &#8211; RutaCh265 \u2013 Cochrane.<\/p>\n<p style=\"text-align: justify;\">Fuente: Superintendencia de Electricidad y Combustibles (SEC) Hora de corte 05.10.2025 11:00 hrs.<\/p>\n<p><strong>ALTERACIONES DE CONECTIVIDAD:<\/strong><\/p>\n<p>Detalle de las alteraciones de conectividad a nivel regional durante el evento meteorol\u00f3gico.<\/p>\n<table>\n<tbody>\n<tr>\n<td colspan=\"4\" width=\"634\"><strong><em><u>Ruta 7<\/u><\/em><\/strong><\/td>\n<\/tr>\n<tr>\n<td width=\"87\">Camino Cortado<\/td>\n<td width=\"110\">Sector Puente Traiguanca Km 775 Ruta 7<\/td>\n<td width=\"266\"><strong>Trabajos del d\u00eda de hoy se enfocaron en habilitar la ruta debido a la gran cantidad de \u00e1rboles antes de la remoci\u00f3n.<\/strong><\/p>\n<p><strong>Se trabaj\u00f3 en elaboraci\u00f3n de drenes para evacuar el agua y deprimir napas y definir trazado de habilitaci\u00f3n de paso.<\/strong><\/p>\n<p><strong>Ma\u00f1ana retoman los trabajos a primera hora.<\/strong><\/td>\n<td width=\"171\">tr\u00e1nsito interrumpido entre Castillo y Murta<\/td>\n<\/tr>\n<tr>\n<td width=\"87\">Habilitado<\/td>\n<td width=\"110\">Sector antes Puente Baucha<\/p>\n<p>km 1005 Ruta 7<\/td>\n<td width=\"266\"><\/td>\n<td rowspan=\"3\" width=\"171\">Habilitado con precauci\u00f3n<\/td>\n<\/tr>\n<tr>\n<td width=\"87\">Habilitado<\/td>\n<td width=\"110\">Sector despu\u00e9s Puente Baucha<\/p>\n<p>km 1006 Ruta 7<\/td>\n<td width=\"266\"><\/td>\n<\/tr>\n<tr>\n<td width=\"87\">Cortado<\/td>\n<td width=\"110\">Sector Puente Vagabundo 2<\/td>\n<td width=\"266\"><strong>Se avanz\u00f3 bastante en habilitar la ruta y ma\u00f1ana a las 12.00 se informar\u00e1 de posibilidad de habilitar el paso solo para veh\u00edculos livianos y doble tracci\u00f3n<\/strong><\/p>\n<p><strong>durante la tarde<\/strong><\/td>\n<\/tr>\n<tr>\n<td width=\"87\">Habilitada<\/td>\n<td width=\"110\">Sector Recta Los<\/p>\n<p>Leones Ruta 7<\/td>\n<td width=\"266\">Sector Los Leones habilitado<\/td>\n<td width=\"171\">Informaci\u00f3n recibida por Carabineros Pto. Guadal<\/td>\n<\/tr>\n<tr>\n<td width=\"87\">Transitable con<\/p>\n<p>precauci\u00f3n<\/td>\n<td width=\"110\">Ruta 7, km 875.1<\/td>\n<td width=\"266\">calzada acolchonada (suelo saturado)<\/td>\n<td width=\"171\">Tr\u00e1nsito habilitado solo para veh\u00edculos 4&#215;4<\/td>\n<\/tr>\n<tr>\n<td width=\"87\">Habilitado<\/td>\n<td width=\"110\">El volc\u00e1n Km 1030 Ruta 7<\/p>\n<p>Sur Yungay<\/p>\n<p>Tortel<\/td>\n<td width=\"266\">Habilitado para veh\u00edculos livianos<\/td>\n<td width=\"171\">Habilitado con precauci\u00f3n<\/td>\n<\/tr>\n<\/tbody>\n<\/table>\n<p><strong><em><u>Ruta Exploradores<\/u><\/em><\/strong><\/p>\n<table>\n<tbody>\n<tr>\n<td width=\"87\">Camino Cortado<\/td>\n<td width=\"110\">en toda su<\/p>\n<p>extensi\u00f3n Ruta X728<\/td>\n<td width=\"266\">anegamiento y erosiones de plataforma varios puntos<\/td>\n<td width=\"170\">tr\u00e1nsito interrumpido<\/td>\n<\/tr>\n<\/tbody>\n<\/table>\n<p><strong><em><u>Ruta Puerto S\u00e1nchez<\/u><\/em><\/strong><\/p>\n<table>\n<tbody>\n<tr>\n<td width=\"87\">Habilitado<\/td>\n<td width=\"110\">Sector Puente<\/p>\n<p>Mecano<\/td>\n<td width=\"266\">anegamiento acceso Puente<\/td>\n<td width=\"170\">Tr\u00e1nsito con precauci\u00f3n<\/td>\n<\/tr>\n<\/tbody>\n<\/table>\n<p><strong><em><u>Caminos Provincial Prat<\/u><\/em><\/strong><\/p>\n<table>\n<tbody>\n<tr>\n<td width=\"87\">Camino Cortado<\/td>\n<td width=\"110\"><strong><em>\u00a0<\/em><\/strong><\/p>\n<p>Colonia Norte<\/td>\n<td rowspan=\"3\" width=\"266\"><strong><em>\u00a0<\/em><\/strong><\/p>\n<p><strong><em>\u00a0<\/em><\/strong><\/p>\n<p>Rodados &#8211; P\u00e9rdida de plataforma \u2013<\/p>\n<p>anegamiento<\/td>\n<td rowspan=\"3\" width=\"170\"><strong>Equipos est\u00e1 avanzando desde balsa Baker en direcci\u00f3n a Colonia Norte (km 4 aprox). Ma\u00f1ana avanzara hacia El Puente el Manzano para unirse al equipo que va desde el<\/strong><\/p>\n<p><strong>Puente a la balsa Baker.<\/strong><\/td>\n<\/tr>\n<tr>\n<td width=\"87\">Habilitado<\/td>\n<td width=\"110\">Colonia Sur<\/td>\n<\/tr>\n<tr>\n<td width=\"87\">Camino Cortado<\/td>\n<td width=\"110\">El Manzano Ruta X890<\/td>\n<\/tr>\n<tr>\n<td width=\"87\">Habilitado con<\/p>\n<p>precauci\u00f3n<\/td>\n<td width=\"110\">San Lorenzo Km24<\/td>\n<td width=\"266\"><strong>Se ha habilitado con precauci\u00f3n hasta la Cuesta El Hunco.<\/strong><\/td>\n<td width=\"170\">tr\u00e1nsito interrumpido<\/td>\n<\/tr>\n<tr>\n<td width=\"87\">Camino Cortado<\/td>\n<td width=\"110\">Cochrane &#8211; Lago Cochrane<\/p>\n<p>X899<\/td>\n<td width=\"266\">Se informa habilitado hasta el km 24<\/td>\n<td width=\"170\">Pr\u00f3ximo corte en km 33<\/td>\n<\/tr>\n<tr>\n<td width=\"87\">Habilitado<\/td>\n<td width=\"110\">X-901 Pampa<\/p>\n<p>Calluqueo<\/td>\n<td width=\"266\">Trabajando en km36.<\/td>\n<td width=\"170\">Trabajando en el lugar<\/td>\n<\/tr>\n<tr>\n<td width=\"87\">Habilitado<\/p>\n<p>con precauci\u00f3n<\/td>\n<td width=\"110\">Sector El Hunco<\/p>\n<p>\u2013 Lago Brown Ruta X901<\/td>\n<td width=\"266\">Trabajando en reposici\u00f3n<\/td>\n<td width=\"170\">Trabajando en el lugar<\/td>\n<\/tr>\n<tr>\n<td width=\"87\">Camino<\/p>\n<p>Cortado<\/td>\n<td width=\"110\">X-895 Reserva<\/p>\n<p>Tamango<\/td>\n<td width=\"266\">Erosi\u00f3n de Plataforma<\/td>\n<td width=\"170\">pasado Guarda Ganado<\/p>\n<p>km2<\/td>\n<\/tr>\n<tr>\n<td width=\"87\">Cortado<\/td>\n<td width=\"110\">X-907 cruce ruta<\/p>\n<p>7 \u2013 puente los mellizos<\/td>\n<td width=\"266\">Trabajando km 4,5<\/td>\n<td width=\"170\">Trabajando en el lugar<\/td>\n<\/tr>\n<tr>\n<td width=\"87\"><strong><em>\u00a0<\/em><\/strong><\/p>\n<p>Habilitado<\/td>\n<td width=\"110\">X902 cruce Ruta 7<\/p>\n<p>Puente Barrancoso &#8211; El<\/p>\n<p>salt\u00f3n<\/td>\n<td width=\"266\"><strong><em>\u00a0<\/em><\/strong><\/p>\n<p>Trabajando en km5<\/td>\n<td width=\"170\"><strong><em>\u00a0<\/em><\/strong><\/p>\n<p>Trabajando en el lugar<\/td>\n<\/tr>\n<tr>\n<td width=\"87\">Habilitado<\/td>\n<td width=\"110\">X-909 &#8211; Cord\u00f3n<\/p>\n<p>Esmeralda<\/td>\n<td width=\"266\">Inundaci\u00f3n de plataforma<\/td>\n<td width=\"170\">Habilitado con precauci\u00f3n<\/td>\n<\/tr>\n<\/tbody>\n<\/table>\n<p><strong><em>\u00a0<\/em><\/strong><strong><em><u>Caminos Coyhaique<\/u><\/em><\/strong><\/p>\n<table>\n<tbody>\n<tr>\n<td width=\"120\"><strong><em>\u00a0<\/em><\/strong><\/p>\n<p>Ca\u00edda \u00e1rbol Socavaci\u00f3n alcantarilla<\/td>\n<td width=\"83\"><strong><em>\u00a0<\/em><\/strong><\/p>\n<p>Lago Caro Km33 y 55<\/p>\n<p>Ruta X684<\/td>\n<td width=\"208\"><strong><em>\u00a0<\/em><\/strong><\/p>\n<p>Perdida carpeta por socavaci\u00f3n alcantarilla.<\/p>\n<p>Ca\u00edda \u00e1rbol Corte total de ruta<\/td>\n<td width=\"227\"><strong>debido a la dificultad que presenta este camino para el traslado de equipos mayores, se destinar\u00e1 todo el d\u00eda de ma\u00f1ana domingo para el traslado de los equipos y<\/strong><\/p>\n<p><strong>proceder con la intervenci\u00f3n a contar del lunes 6.<\/strong><\/td>\n<\/tr>\n<\/tbody>\n<\/table>\n<h1><span style=\"font-size: 14pt;\">Corte nocturno preventivo de las siguientes rutas:<\/span><\/h1>\n<p style=\"text-align: justify;\">Ruta 7: El Pangue \u2013 Puente La Uni\u00f3n Ruta 265-CH: Paso Las Llaves<\/p>\n<p style=\"text-align: justify;\">Ruta X-91: Rio Bravo a Villa O\u2019Higgins<\/p>\n<p style=\"text-align: justify;\">PERSONAL MOP DESPLEGADO EN TERRENO DESDE LAS 06:30 HRS A FIN DE REPONER LA CONECTIVIDAD DE LAS DIFERENTES RUTAS.<\/p>\n<p style=\"text-align: justify;\">Fuente: MOP Ays\u00e9n-Direcci\u00f3n Regional de Vialidad<\/p>\n<p><strong>ESTADO DE PUERTOS DE LA REGION:<\/strong><\/p>\n<table>\n<tbody>\n<tr>\n<td width=\"137\"><strong>Puerto<\/strong><\/td>\n<td width=\"444\"><strong>Condici\u00f3n de Puerto<\/strong><\/td>\n<\/tr>\n<tr>\n<td width=\"137\"><strong>Melinka<\/strong><\/td>\n<td width=\"444\">Normal<\/td>\n<\/tr>\n<tr>\n<td width=\"137\"><strong>Puerto Cisnes<\/strong><\/td>\n<td width=\"444\">Normal<\/td>\n<\/tr>\n<tr>\n<td width=\"137\"><strong>Puerto Aguirre<\/strong><\/td>\n<td width=\"444\">Normal<\/td>\n<\/tr>\n<tr>\n<td width=\"137\"><strong>Chacabuco<\/strong><\/td>\n<td width=\"444\">Normal<\/td>\n<\/tr>\n<tr>\n<td width=\"137\"><strong>\u00a0<\/strong><\/p>\n<p><strong>General Carrera<\/strong><\/td>\n<td width=\"444\">Se establece condici\u00f3n de puerto variable cerrado para el tr\u00e1nsito de<\/p>\n<p>embarcaciones menores, para los sectores de Chile Chico y Puerto Ib\u00e1\u00f1ez.<\/td>\n<\/tr>\n<tr>\n<td width=\"137\"><strong>Lago O\u2019Higgins<\/strong><\/td>\n<td width=\"444\">Normal<\/td>\n<\/tr>\n<tr>\n<td width=\"137\"><strong>Baker<\/strong><\/td>\n<td width=\"444\">Normal<\/td>\n<\/tr>\n<\/tbody>\n<\/table>\n<p>Fuente: Armada de Chile, DIRECTEMAR.<\/p>\n<\/div><\/section><\/div><\/p>\n<div  style='height:50px' class='hr hr-invisible   avia-builder-el-6  el_after_av_one_full  el_before_av_social_share '><span class='hr-inner ' ><span class='hr-inner-style'><\/span><\/span><\/div>\n<div  class='av-social-sharing-box  avia-builder-el-7  el_after_av_hr  el_before_av_hr  '><div class='av-share-box'><h5 class='av-share-link-description av-no-toc '>Compartir esta noticia<\/h5><ul class='av-share-box-list noLightbox'><li class='av-share-link av-social-link-facebook' ><a target=\"_blank\" aria-label=\"Compartir en Facebook\" href='https:\/\/www.facebook.com\/sharer.php?u=https:\/\/radiorevelacionfm.cl\/?p=59933&#038;t=Contin%C3%BAa%20despliegue%20en%20la%20regi%C3%B3n%20de%20Ays%C3%A9n%20para%20restablecer%20conectividad%20tras%20paso%20de%20frente%20clim%C3%A1tico' aria-hidden='false' data-av_icon='\ue8f3' data-av_iconfont='entypo-fontello' title='' data-avia-related-tooltip='Compartir en Facebook' rel=\"noopener\"><span class='avia_hidden_link_text'>Compartir en Facebook<\/span><\/a><\/li><li class='av-share-link av-social-link-twitter' ><a target=\"_blank\" aria-label=\"Compartir en Twitter\" href='https:\/\/twitter.com\/share?text=Contin%C3%BAa%20despliegue%20en%20la%20regi%C3%B3n%20de%20Ays%C3%A9n%20para%20restablecer%20conectividad%20tras%20paso%20de%20frente%20clim%C3%A1tico&#038;url=https:\/\/radiorevelacionfm.cl\/?p=59933' aria-hidden='false' data-av_icon='\ue8f1' data-av_iconfont='entypo-fontello' title='' data-avia-related-tooltip='Compartir en Twitter' rel=\"noopener\"><span class='avia_hidden_link_text'>Compartir en Twitter<\/span><\/a><\/li><li class='av-share-link av-social-link-whatsapp' ><a target=\"_blank\" aria-label=\"Compartir en Whatsapp\" href='https:\/\/api.whatsapp.com\/send?text=https:\/\/radiorevelacionfm.cl\/?p=59933' aria-hidden='false' data-av_icon='\uf232' data-av_iconfont='entypo-fontello' title='' data-avia-related-tooltip='Compartir en Whatsapp' rel=\"noopener\"><span class='avia_hidden_link_text'>Compartir en Whatsapp<\/span><\/a><\/li><li class='av-share-link av-social-link-linkedin' ><a target=\"_blank\" aria-label=\"Compartir en LinkedIn\" href='https:\/\/linkedin.com\/shareArticle?mini=true&#038;title=Contin%C3%BAa%20despliegue%20en%20la%20regi%C3%B3n%20de%20Ays%C3%A9n%20para%20restablecer%20conectividad%20tras%20paso%20de%20frente%20clim%C3%A1tico&#038;url=https:\/\/radiorevelacionfm.cl\/?p=59933' aria-hidden='false' data-av_icon='\ue8fc' data-av_iconfont='entypo-fontello' title='' data-avia-related-tooltip='Compartir en LinkedIn' rel=\"noopener\"><span class='avia_hidden_link_text'>Compartir en LinkedIn<\/span><\/a><\/li><li class='av-share-link av-social-link-mail' ><a  aria-label=\"Compartir por correo\" href='mailto:?subject=Contin%C3%BAa%20despliegue%20en%20la%20regi%C3%B3n%20de%20Ays%C3%A9n%20para%20restablecer%20conectividad%20tras%20paso%20de%20frente%20clim%C3%A1tico&#038;body=https:\/\/radiorevelacionfm.cl\/?p=59933' aria-hidden='false' data-av_icon='\ue805' data-av_iconfont='entypo-fontello' title='' data-avia-related-tooltip='Compartir por correo'><span class='avia_hidden_link_text'>Compartir por correo<\/span><\/a><\/li><\/ul><\/div><\/div>\n<div  style='height:50px' class='hr hr-invisible   avia-builder-el-8  el_after_av_social_share  el_before_av_comments_list '><span class='hr-inner ' ><span class='hr-inner-style'><\/span><\/span><\/div>\n<div  class='av-buildercomment  av-blog-meta-html-info-disabled av-blog-meta-tag-disabled  '><\/div>\n","protected":false},"excerpt":{"rendered":"","protected":false},"author":1,"featured_media":59934,"comment_status":"closed","ping_status":"closed","sticky":false,"template":"","format":"standard","meta":{"footnotes":""},"categories":[38],"tags":[],"class_list":["post-59933","post","type-post","status-publish","format-standard","has-post-thumbnail","hentry","category-regional"],"jetpack_featured_media_url":"https:\/\/radiorevelacionfm.cl\/wp-content\/uploads\/2025\/10\/557862469_1132499902346434_32027798224220874_n-1_optimized-1.jpg","_links":{"self":[{"href":"https:\/\/radiorevelacionfm.cl\/index.php?rest_route=\/wp\/v2\/posts\/59933","targetHints":{"allow":["GET"]}}],"collection":[{"href":"https:\/\/radiorevelacionfm.cl\/index.php?rest_route=\/wp\/v2\/posts"}],"about":[{"href":"https:\/\/radiorevelacionfm.cl\/index.php?rest_route=\/wp\/v2\/types\/post"}],"author":[{"embeddable":true,"href":"https:\/\/radiorevelacionfm.cl\/index.php?rest_route=\/wp\/v2\/users\/1"}],"replies":[{"embeddable":true,"href":"https:\/\/radiorevelacionfm.cl\/index.php?rest_route=%2Fwp%2Fv2%2Fcomments&post=59933"}],"version-history":[{"count":3,"href":"https:\/\/radiorevelacionfm.cl\/index.php?rest_route=\/wp\/v2\/posts\/59933\/revisions"}],"predecessor-version":[{"id":59936,"href":"https:\/\/radiorevelacionfm.cl\/index.php?rest_route=\/wp\/v2\/posts\/59933\/revisions\/59936"}],"wp:featuredmedia":[{"embeddable":true,"href":"https:\/\/radiorevelacionfm.cl\/index.php?rest_route=\/wp\/v2\/media\/59934"}],"wp:attachment":[{"href":"https:\/\/radiorevelacionfm.cl\/index.php?rest_route=%2Fwp%2Fv2%2Fmedia&parent=59933"}],"wp:term":[{"taxonomy":"category","embeddable":true,"href":"https:\/\/radiorevelacionfm.cl\/index.php?rest_route=%2Fwp%2Fv2%2Fcategories&post=59933"},{"taxonomy":"post_tag","embeddable":true,"href":"https:\/\/radiorevelacionfm.cl\/index.php?rest_route=%2Fwp%2Fv2%2Ftags&post=59933"}],"curies":[{"name":"wp","href":"https:\/\/api.w.org\/{rel}","templated":true}]}}