{"id":59924,"date":"2025-10-05T14:56:34","date_gmt":"2025-10-05T17:56:34","guid":{"rendered":"https:\/\/radiorevelacionfm.cl\/?p=59924"},"modified":"2025-10-05T14:56:34","modified_gmt":"2025-10-05T17:56:34","slug":"edelaysen-refuerza-despliegue-operativo-ante-interrupciones-de-suministro-en-la-zona-sur-de-la-region-de-aysen","status":"publish","type":"post","link":"https:\/\/radiorevelacionfm.cl\/?p=59924","title":{"rendered":"Edelaysen refuerza despliegue operativo ante interrupciones de suministro en la zona sur de la regi\u00f3n de Ays\u00e9n"},"content":{"rendered":"<div class=\"flex_column av_one_full  flex_column_div av-zero-column-padding first  avia-builder-el-0  el_before_av_one_full  avia-builder-el-first  \" style='border-radius:0px; '><div  class='avia-image-container  av-styling-    avia-builder-el-1  avia-builder-el-no-sibling  avia-align-center '  itemprop=\"image\" itemscope=\"itemscope\" itemtype=\"https:\/\/schema.org\/ImageObject\"  ><div class='avia-image-container-inner'><div class='avia-image-overlay-wrap'><img decoding=\"async\" class='wp-image-59926 avia-img-lazy-loading-not-59926 avia_image' src=\"https:\/\/radiorevelacionfm.cl\/wp-content\/uploads\/2025\/10\/WhatsApp-Image-2025-10-05-at-11.23.56-AM-1-1.jpeg\" alt='' title='WhatsApp Image 2025-10-05 at 11.23.56 AM (1) (1)' height=\"600\" width=\"800\"  itemprop=\"thumbnailUrl\" srcset=\"https:\/\/radiorevelacionfm.cl\/wp-content\/uploads\/2025\/10\/WhatsApp-Image-2025-10-05-at-11.23.56-AM-1-1.jpeg 800w, https:\/\/radiorevelacionfm.cl\/wp-content\/uploads\/2025\/10\/WhatsApp-Image-2025-10-05-at-11.23.56-AM-1-1-300x225.jpeg 300w, https:\/\/radiorevelacionfm.cl\/wp-content\/uploads\/2025\/10\/WhatsApp-Image-2025-10-05-at-11.23.56-AM-1-1-768x576.jpeg 768w, https:\/\/radiorevelacionfm.cl\/wp-content\/uploads\/2025\/10\/WhatsApp-Image-2025-10-05-at-11.23.56-AM-1-1-705x529.jpeg 705w, https:\/\/radiorevelacionfm.cl\/wp-content\/uploads\/2025\/10\/WhatsApp-Image-2025-10-05-at-11.23.56-AM-1-1-450x338.jpeg 450w, https:\/\/radiorevelacionfm.cl\/wp-content\/uploads\/2025\/10\/WhatsApp-Image-2025-10-05-at-11.23.56-AM-1-1-600x450.jpeg 600w\" sizes=\"(max-width: 800px) 100vw, 800px\" \/><\/div><\/div><\/div><\/div><div class=\"flex_column av_one_full  flex_column_div av-zero-column-padding first  avia-builder-el-2  el_after_av_one_full  el_before_av_one_full  column-top-margin\" style='border-radius:0px; '><section class=\"av_textblock_section \"  itemscope=\"itemscope\" itemtype=\"https:\/\/schema.org\/BlogPosting\" itemprop=\"blogPost\" ><div class='avia_textblock  '   itemprop=\"text\" ><p style=\"text-align: center;\"><strong><span style=\"font-size: 18pt;\">Edelaysen refuerza despliegue operativo ante interrupciones de suministro en la zona sur de la regi\u00f3n de Ays\u00e9n<\/span><\/strong><\/p>\n<div id=\"gtx-trans\" style=\"position: absolute; left: -50px; top: 4.31534px;\">\n<div class=\"gtx-trans-icon\"><\/div>\n<\/div>\n<\/div><\/section><\/div><\/p>\n<div class=\"flex_column av_one_full  flex_column_div av-zero-column-padding first  avia-builder-el-4  el_after_av_one_full  el_before_av_hr  column-top-margin\" style='border-radius:0px; '><section class=\"av_textblock_section \"  itemscope=\"itemscope\" itemtype=\"https:\/\/schema.org\/BlogPosting\" itemprop=\"blogPost\" ><div class='avia_textblock  '   itemprop=\"text\" ><p style=\"text-align: justify;\"><em>Las intensas nevadas y cortes de camino han dificultado el acceso de las brigadas a sectores como Bah\u00eda Murta y Puerto S\u00e1nchez. La empresa activ\u00f3 un plan especial de contingencia para asegurar la reposici\u00f3n del servicio tan pronto las condiciones lo permitan.<\/em><\/p>\n<p style=\"text-align: justify;\">Edelaysen informa que, a ra\u00edz del intenso temporal que ha afectado a la Regi\u00f3n de Ays\u00e9n, se mantiene interrumpido el suministro el\u00e9ctrico en sectores de Bah\u00eda Murta y Puerto S\u00e1nchez, donde las fuertes nevadas, ca\u00edda de \u00e1rboles y cortes de camino han impedido el ingreso de las brigadas a las zonas afectadas.<\/p>\n<p style=\"text-align: justify;\">Actualmente, 367 clientes permanecen sin suministro en el tramo Bah\u00eda Murta \u2013 Puerto S\u00e1nchez debido a que los accesos permanecen restringidos hasta el d\u00eda domingo tras informaci\u00f3n entregada por vialidad. En ese sentido Edelaysen activ\u00f3 un plan especial de contingencia para asegurar la pronta reposici\u00f3n del servicio en cuanto las condiciones de desplazamiento lo permitan.<\/p>\n<p style=\"text-align: justify;\">Entre las medidas implementadas, la empresa coordin\u00f3 un traslado lacustre de personal y equipamiento entre Puerto Ib\u00e1\u00f1ez y Puerto Tranquilo, adem\u00e1s de disponer de brigadas pesadas con personal, camiones gr\u00faa, equipamiento, postes y materiales listos para ingresar en cuanto se habiliten las rutas.<\/p>\n<p style=\"text-align: justify;\">As\u00edmismo, se realiza un monitoreo permanente a los clientes electrodependientes del sector garantizando la continuidad de su atenci\u00f3n y el suministro alternativo necesario para resguardar su bienestar.<\/p>\n<p style=\"text-align: justify;\">\u201cNuestro principal compromiso es con la seguridad y el bienestar de nuestra comunidad. Hemos desplegado todos los recursos disponibles para llegar a las zonas afectadas y restablecer el suministro apenas las condiciones de acceso lo permitan. Agradecemos la comprensi\u00f3n de la comunidad y la colaboraci\u00f3n de las autoridades en esta labor conjunta\u201d, se\u00f1al\u00f3 Mar\u00eda de los \u00c1ngeles Gajardo, jefa de Servicio al Cliente de Edelaysen.<\/p>\n<p style=\"text-align: justify;\">Edelaysen mantiene coordinaci\u00f3n constante con las autoridades regionales y locales, entre ellas la SEREMI de Energ\u00eda, la Superintendencia de Electricidad y Combustibles (SEC), la delegaci\u00f3n presidencial y el Ministerio de Obras P\u00fablicas (MOP), con el prop\u00f3sito de avanzar de manera conjunta en la evaluaci\u00f3n de las condiciones de acceso y en las acciones que permitan retomar el suministro con seguridad y eficiencia.<\/p>\n<\/div><\/section><\/div>\n<div  style='height:50px' class='hr hr-invisible   avia-builder-el-6  el_after_av_one_full  el_before_av_social_share '><span class='hr-inner ' ><span class='hr-inner-style'><\/span><\/span><\/div>\n<div  class='av-social-sharing-box  avia-builder-el-7  el_after_av_hr  el_before_av_hr  '><div class='av-share-box'><h5 class='av-share-link-description av-no-toc '>Compartir esta noticia<\/h5><ul class='av-share-box-list noLightbox'><li class='av-share-link av-social-link-facebook' ><a target=\"_blank\" aria-label=\"Compartir en Facebook\" href='https:\/\/www.facebook.com\/sharer.php?u=https:\/\/radiorevelacionfm.cl\/?p=59924&#038;t=Edelaysen%20refuerza%20despliegue%20operativo%20ante%20interrupciones%20de%20suministro%20en%20la%20zona%20sur%20de%20la%20regi%C3%B3n%20de%20Ays%C3%A9n' aria-hidden='false' data-av_icon='\ue8f3' data-av_iconfont='entypo-fontello' title='' data-avia-related-tooltip='Compartir en Facebook' rel=\"noopener\"><span class='avia_hidden_link_text'>Compartir en Facebook<\/span><\/a><\/li><li class='av-share-link av-social-link-twitter' ><a target=\"_blank\" aria-label=\"Compartir en Twitter\" href='https:\/\/twitter.com\/share?text=Edelaysen%20refuerza%20despliegue%20operativo%20ante%20interrupciones%20de%20suministro%20en%20la%20zona%20sur%20de%20la%20regi%C3%B3n%20de%20Ays%C3%A9n&#038;url=https:\/\/radiorevelacionfm.cl\/?p=59924' aria-hidden='false' data-av_icon='\ue8f1' data-av_iconfont='entypo-fontello' title='' data-avia-related-tooltip='Compartir en Twitter' rel=\"noopener\"><span class='avia_hidden_link_text'>Compartir en Twitter<\/span><\/a><\/li><li class='av-share-link av-social-link-whatsapp' ><a target=\"_blank\" aria-label=\"Compartir en Whatsapp\" href='https:\/\/api.whatsapp.com\/send?text=https:\/\/radiorevelacionfm.cl\/?p=59924' aria-hidden='false' data-av_icon='\uf232' data-av_iconfont='entypo-fontello' title='' data-avia-related-tooltip='Compartir en Whatsapp' rel=\"noopener\"><span class='avia_hidden_link_text'>Compartir en Whatsapp<\/span><\/a><\/li><li class='av-share-link av-social-link-linkedin' ><a target=\"_blank\" aria-label=\"Compartir en LinkedIn\" href='https:\/\/linkedin.com\/shareArticle?mini=true&#038;title=Edelaysen%20refuerza%20despliegue%20operativo%20ante%20interrupciones%20de%20suministro%20en%20la%20zona%20sur%20de%20la%20regi%C3%B3n%20de%20Ays%C3%A9n&#038;url=https:\/\/radiorevelacionfm.cl\/?p=59924' aria-hidden='false' data-av_icon='\ue8fc' data-av_iconfont='entypo-fontello' title='' data-avia-related-tooltip='Compartir en LinkedIn' rel=\"noopener\"><span class='avia_hidden_link_text'>Compartir en LinkedIn<\/span><\/a><\/li><li class='av-share-link av-social-link-mail' ><a  aria-label=\"Compartir por correo\" href='mailto:?subject=Edelaysen%20refuerza%20despliegue%20operativo%20ante%20interrupciones%20de%20suministro%20en%20la%20zona%20sur%20de%20la%20regi%C3%B3n%20de%20Ays%C3%A9n&#038;body=https:\/\/radiorevelacionfm.cl\/?p=59924' aria-hidden='false' data-av_icon='\ue805' data-av_iconfont='entypo-fontello' title='' data-avia-related-tooltip='Compartir por correo'><span class='avia_hidden_link_text'>Compartir por correo<\/span><\/a><\/li><\/ul><\/div><\/div>\n<div  style='height:50px' class='hr hr-invisible   avia-builder-el-8  el_after_av_social_share  el_before_av_comments_list '><span class='hr-inner ' ><span class='hr-inner-style'><\/span><\/span><\/div>\n<div  class='av-buildercomment  av-blog-meta-html-info-disabled av-blog-meta-tag-disabled  '><\/div>\n","protected":false},"excerpt":{"rendered":"","protected":false},"author":1,"featured_media":59926,"comment_status":"closed","ping_status":"closed","sticky":false,"template":"","format":"standard","meta":{"footnotes":""},"categories":[38],"tags":[],"class_list":["post-59924","post","type-post","status-publish","format-standard","has-post-thumbnail","hentry","category-regional"],"jetpack_featured_media_url":"https:\/\/radiorevelacionfm.cl\/wp-content\/uploads\/2025\/10\/WhatsApp-Image-2025-10-05-at-11.23.56-AM-1-1.jpeg","_links":{"self":[{"href":"https:\/\/radiorevelacionfm.cl\/index.php?rest_route=\/wp\/v2\/posts\/59924","targetHints":{"allow":["GET"]}}],"collection":[{"href":"https:\/\/radiorevelacionfm.cl\/index.php?rest_route=\/wp\/v2\/posts"}],"about":[{"href":"https:\/\/radiorevelacionfm.cl\/index.php?rest_route=\/wp\/v2\/types\/post"}],"author":[{"embeddable":true,"href":"https:\/\/radiorevelacionfm.cl\/index.php?rest_route=\/wp\/v2\/users\/1"}],"replies":[{"embeddable":true,"href":"https:\/\/radiorevelacionfm.cl\/index.php?rest_route=%2Fwp%2Fv2%2Fcomments&post=59924"}],"version-history":[{"count":3,"href":"https:\/\/radiorevelacionfm.cl\/index.php?rest_route=\/wp\/v2\/posts\/59924\/revisions"}],"predecessor-version":[{"id":59928,"href":"https:\/\/radiorevelacionfm.cl\/index.php?rest_route=\/wp\/v2\/posts\/59924\/revisions\/59928"}],"wp:featuredmedia":[{"embeddable":true,"href":"https:\/\/radiorevelacionfm.cl\/index.php?rest_route=\/wp\/v2\/media\/59926"}],"wp:attachment":[{"href":"https:\/\/radiorevelacionfm.cl\/index.php?rest_route=%2Fwp%2Fv2%2Fmedia&parent=59924"}],"wp:term":[{"taxonomy":"category","embeddable":true,"href":"https:\/\/radiorevelacionfm.cl\/index.php?rest_route=%2Fwp%2Fv2%2Fcategories&post=59924"},{"taxonomy":"post_tag","embeddable":true,"href":"https:\/\/radiorevelacionfm.cl\/index.php?rest_route=%2Fwp%2Fv2%2Ftags&post=59924"}],"curies":[{"name":"wp","href":"https:\/\/api.w.org\/{rel}","templated":true}]}}