{"id":59920,"date":"2025-10-04T20:47:55","date_gmt":"2025-10-04T23:47:55","guid":{"rendered":"https:\/\/radiorevelacionfm.cl\/?p=59920"},"modified":"2025-10-04T20:47:55","modified_gmt":"2025-10-04T23:47:55","slug":"slep-aysen-inaugura-proyecto-de-conservacion-en-el-jardin-infantil-ayelen-ruka-de-puerto-chacabuco","status":"publish","type":"post","link":"https:\/\/radiorevelacionfm.cl\/?p=59920","title":{"rendered":"SLEP Ays\u00e9n inaugura proyecto de conservaci\u00f3n en el Jard\u00edn Infantil Ayelen Ruka de Puerto Chacabuco"},"content":{"rendered":"<div class=\"flex_column av_one_full  flex_column_div av-zero-column-padding first  avia-builder-el-0  el_before_av_one_full  avia-builder-el-first  \" style='border-radius:0px; '><div  class='avia-image-container  av-styling-    avia-builder-el-1  avia-builder-el-no-sibling  avia-align-center '  itemprop=\"image\" itemscope=\"itemscope\" itemtype=\"https:\/\/schema.org\/ImageObject\"  ><div class='avia-image-container-inner'><div class='avia-image-overlay-wrap'><img decoding=\"async\" class='wp-image-59921 avia-img-lazy-loading-not-59921 avia_image' src=\"https:\/\/radiorevelacionfm.cl\/wp-content\/uploads\/2025\/10\/corte-cinta-1_optimized-1.jpg\" alt='' title='corte-cinta-(1)_optimized (1)' height=\"760\" width=\"801\"  itemprop=\"thumbnailUrl\" srcset=\"https:\/\/radiorevelacionfm.cl\/wp-content\/uploads\/2025\/10\/corte-cinta-1_optimized-1.jpg 801w, https:\/\/radiorevelacionfm.cl\/wp-content\/uploads\/2025\/10\/corte-cinta-1_optimized-1-300x285.jpg 300w, https:\/\/radiorevelacionfm.cl\/wp-content\/uploads\/2025\/10\/corte-cinta-1_optimized-1-768x729.jpg 768w, https:\/\/radiorevelacionfm.cl\/wp-content\/uploads\/2025\/10\/corte-cinta-1_optimized-1-705x669.jpg 705w, https:\/\/radiorevelacionfm.cl\/wp-content\/uploads\/2025\/10\/corte-cinta-1_optimized-1-450x427.jpg 450w, https:\/\/radiorevelacionfm.cl\/wp-content\/uploads\/2025\/10\/corte-cinta-1_optimized-1-600x569.jpg 600w\" sizes=\"(max-width: 801px) 100vw, 801px\" \/><\/div><\/div><\/div><\/div><div class=\"flex_column av_one_full  flex_column_div av-zero-column-padding first  avia-builder-el-2  el_after_av_one_full  el_before_av_one_full  column-top-margin\" style='border-radius:0px; '><section class=\"av_textblock_section \"  itemscope=\"itemscope\" itemtype=\"https:\/\/schema.org\/BlogPosting\" itemprop=\"blogPost\" ><div class='avia_textblock  '   itemprop=\"text\" ><p style=\"text-align: center;\"><strong><span style=\"font-size: 18pt;\">SLEP Ays\u00e9n inaugura proyecto de conservaci\u00f3n en el Jard\u00edn Infantil Ayelen Ruka de Puerto Chacabuco<\/span><\/strong><\/p>\n<div id=\"gtx-trans\" style=\"position: absolute; left: -50px; top: 4.31534px;\">\n<div class=\"gtx-trans-icon\"><\/div>\n<\/div>\n<\/div><\/section><\/div><div class=\"flex_column av_one_full  flex_column_div av-zero-column-padding first  avia-builder-el-4  el_after_av_one_full  el_before_av_hr  column-top-margin\" style='border-radius:0px; '><section class=\"av_textblock_section \"  itemscope=\"itemscope\" itemtype=\"https:\/\/schema.org\/BlogPosting\" itemprop=\"blogPost\" ><div class='avia_textblock  '   itemprop=\"text\" ><p style=\"text-align: justify;\">El Servicio Local de Educaci\u00f3n P\u00fablica de Ays\u00e9n inaugur\u00f3 oficialmente el proyecto de conservaci\u00f3n del Jard\u00edn Infantil y Sala Cuna Ayel\u00e9n Ruka de Puerto Chacabuco, iniciativa que forma parte de la estrategia de mejora de infraestructura educativa impulsada por el SLEP Ays\u00e9n.<\/p>\n<p style=\"text-align: justify;\">Con una inversi\u00f3n superior a 379 millones de pesos, financiada y ejecutada por el servicio, el proyecto beneficia a 30 p\u00e1rvulos del jard\u00edn y a 24 estudiantes de nivel preb\u00e1sico de la Escuela Almirante Simpson, mediante la renovaci\u00f3n integral de sus espacios educativos.<\/p>\n<p style=\"text-align: justify;\">El director ejecutivo del SLEP Ays\u00e9n, <strong>Sebasti\u00e1n Gonz\u00e1lez Rogers<\/strong>, destac\u00f3 que este proyecto marca un hito para la educaci\u00f3n p\u00fablica del territorio:\u201d Cuando iniciamos el servicio ten\u00edamos la misi\u00f3n de hacernos cargo de 66 establecimientos en distintas condiciones y priorizamos la educaci\u00f3n parvularia y la educaci\u00f3n rural. Quisimos hacer este proyecto porque sab\u00edamos que la comunidad lo necesitaba. Cuando lo presentamos, muchos apoderados nos dec\u00edan llevamos a\u00f1os con promesas y no creemos que esto pueda suceder. Y hoy d\u00eda ver que nuestros ni\u00f1os y ni\u00f1as tienen un espacio que es digno, que est\u00e1 con todas las mejores condiciones para la educaci\u00f3n, da realmente alegr\u00eda, da sentido a lo que hacemos. Queremos espacios que permitan interacciones que promuevan una mejor educaci\u00f3n porque estamos comprometidos con una educaci\u00f3n de calidad para toda la regi\u00f3n de Ays\u00e9n\u201d.<\/p>\n<p style=\"text-align: justify;\">En esta misma l\u00ednea la directora del Jard\u00edn Infantil Ayelen Ruka Catalina Ortega destac\u00f3 la renovada infraestructura con la que cuenta el jard\u00edn, invitando a padres, madres y apoderaros a conocer las nuevas condiciones de la unidad educativa. \u201cHoy en d\u00eda contamos con un jard\u00edn infantil renovado, donde tenemos una excelente calefacci\u00f3n y donde los ambientes son apropiados para los ni\u00f1os y ni\u00f1as. Tenemos un patio tambi\u00e9n que favorece el crecimiento y desarrollo de los ni\u00f1os. Entonces estamos muy contentos de que el servicio local haya podido apostar por este proyecto, para que as\u00ed todas las familias de la localidad se encuentren c\u00f3modas y tranquilas en este hogar que se llama Jard\u00edn Ayelen Ruka\u201d, indic\u00f3 la educadora de p\u00e1rvulos.<\/p>\n<p style=\"text-align: justify;\">El proyecto, iniciado en 2024, incluy\u00f3 la <strong>conservaci\u00f3n del sistema el\u00e9ctrico, recambio de puertas y ventanas, reposici\u00f3n de cubierta, pisos, pintura, conservaci\u00f3n de patio abierto, juegos infantiles y mejoramiento de servicios higi\u00e9nicos y cocina<\/strong>, adem\u00e1s de un plan de contingencia que permiti\u00f3 mantener el servicio educativo durante la ejecuci\u00f3n de las obras.<\/p>\n<p style=\"text-align: justify;\">Al respecto, el director ejecutivo agradeci\u00f3 a la comunidad educativa la comprensi\u00f3n con respecto a las molestias generadas en beneficio de un bien mayor, se\u00f1alando que \u201csiempre cuando se hacen este tipo de obras se genera un plan de contingencia que permita mantener el servicio educativo, ya que son obras que implican varios meses de trabajo por lo que no podemos dejar de prestar el servicio para el cual estamos mandatados. En este sentido, la comunidad lo entendi\u00f3 y nos apoy\u00f3 en este proceso, y hoy podemos ver los resultados de este trabajo colaborativo\u201d.<\/p>\n<p style=\"text-align: justify;\">\u00a0Un resultado que hoy se refleja en la confianza depositada por las familias, como es el caso de Roc\u00edo Valenzuela, apoderada del nivel sala cuna, quien, a pesar de vivir en Puerto Ays\u00e9n, eligi\u00f3 matricular a su hija en el jard\u00edn. \u201cSin duda cuando visitamos este jard\u00edn nos quedamos con \u00e9l, decidimos casi inmediato que iba a ser as\u00ed porque tiene una infraestructura como ustedes ya la pueden ver, una buena conservaci\u00f3n, un buen trabajo de parte de los profesionales sobre todo que uno que es mam\u00e1 necesita irse tranquilo a su casa, entonces dejamos a nuestra hija en muy buenas manos. Desde un principio la directora y el equipo profesional siempre nos estuvieron informando de c\u00f3mo estaba nuestra hija; por esas razones nosotros, aunque tengamos que hacer este sacrificio de movernos desde Puerto Ays\u00e9n, vale la pena\u201d, se\u00f1al\u00f3.<\/p>\n<p style=\"text-align: justify;\"><strong>M\u00e1s proyectos para la educaci\u00f3n p\u00fablica de Ays\u00e9n <\/strong><\/p>\n<p style=\"text-align: justify;\">En paralelo al desarrollo del proyecto de conservaci\u00f3n del Jard\u00edn Infantil Ayelen Ruka, el SLEP Ays\u00e9n tambi\u00e9n ejecut\u00f3 un proyecto de similares caracter\u00edsticas en la Escuela Rural Pablo Cea V\u00e1squez de Lago Atravesado, proyecto que ya est\u00e1 finalizado y que prontamente se entregar\u00e1 de manera oficial a la comunidad educativa. Para este mes se contempla tambi\u00e9n el comienzo de obras del plan de contingencia para la Escuela Diferencial Despertar y en lo que queda de este a\u00f1o la adjudicaci\u00f3n del proyecto de la Escuela Tulio Burgos Rivera de Mall\u00edn Grande y el proyecto de conservaci\u00f3n de emergencia del sistema de calefacci\u00f3n de la Escuela Comandante Luis Bravo de Caleta Tortel, reafirmando as\u00ed el compromiso del servicio con una educaci\u00f3n p\u00fablica de calidad, segura y con mejores condiciones para aprender.<\/p>\n<\/div><\/section><\/div><div  style='height:50px' class='hr hr-invisible   avia-builder-el-6  el_after_av_one_full  el_before_av_social_share '><span class='hr-inner ' ><span class='hr-inner-style'><\/span><\/span><\/div><\/p>\n<div  class='av-social-sharing-box  avia-builder-el-7  el_after_av_hr  el_before_av_hr  '><div class='av-share-box'><h5 class='av-share-link-description av-no-toc '>Compartir esta noticia<\/h5><ul class='av-share-box-list noLightbox'><li class='av-share-link av-social-link-facebook' ><a target=\"_blank\" aria-label=\"Compartir en Facebook\" href='https:\/\/www.facebook.com\/sharer.php?u=https:\/\/radiorevelacionfm.cl\/?p=59920&#038;t=SLEP%20Ays%C3%A9n%20inaugura%20proyecto%20de%20conservaci%C3%B3n%20en%20el%20Jard%C3%ADn%20Infantil%20Ayelen%20Ruka%20de%20Puerto%20Chacabuco' aria-hidden='false' data-av_icon='\ue8f3' data-av_iconfont='entypo-fontello' title='' data-avia-related-tooltip='Compartir en Facebook' rel=\"noopener\"><span class='avia_hidden_link_text'>Compartir en Facebook<\/span><\/a><\/li><li class='av-share-link av-social-link-twitter' ><a target=\"_blank\" aria-label=\"Compartir en Twitter\" href='https:\/\/twitter.com\/share?text=SLEP%20Ays%C3%A9n%20inaugura%20proyecto%20de%20conservaci%C3%B3n%20en%20el%20Jard%C3%ADn%20Infantil%20Ayelen%20Ruka%20de%20Puerto%20Chacabuco&#038;url=https:\/\/radiorevelacionfm.cl\/?p=59920' aria-hidden='false' data-av_icon='\ue8f1' data-av_iconfont='entypo-fontello' title='' data-avia-related-tooltip='Compartir en Twitter' rel=\"noopener\"><span class='avia_hidden_link_text'>Compartir en Twitter<\/span><\/a><\/li><li class='av-share-link av-social-link-whatsapp' ><a target=\"_blank\" aria-label=\"Compartir en Whatsapp\" href='https:\/\/api.whatsapp.com\/send?text=https:\/\/radiorevelacionfm.cl\/?p=59920' aria-hidden='false' data-av_icon='\uf232' data-av_iconfont='entypo-fontello' title='' data-avia-related-tooltip='Compartir en Whatsapp' rel=\"noopener\"><span class='avia_hidden_link_text'>Compartir en Whatsapp<\/span><\/a><\/li><li class='av-share-link av-social-link-linkedin' ><a target=\"_blank\" aria-label=\"Compartir en LinkedIn\" href='https:\/\/linkedin.com\/shareArticle?mini=true&#038;title=SLEP%20Ays%C3%A9n%20inaugura%20proyecto%20de%20conservaci%C3%B3n%20en%20el%20Jard%C3%ADn%20Infantil%20Ayelen%20Ruka%20de%20Puerto%20Chacabuco&#038;url=https:\/\/radiorevelacionfm.cl\/?p=59920' aria-hidden='false' data-av_icon='\ue8fc' data-av_iconfont='entypo-fontello' title='' data-avia-related-tooltip='Compartir en LinkedIn' rel=\"noopener\"><span class='avia_hidden_link_text'>Compartir en LinkedIn<\/span><\/a><\/li><li class='av-share-link av-social-link-mail' ><a  aria-label=\"Compartir por correo\" href='mailto:?subject=SLEP%20Ays%C3%A9n%20inaugura%20proyecto%20de%20conservaci%C3%B3n%20en%20el%20Jard%C3%ADn%20Infantil%20Ayelen%20Ruka%20de%20Puerto%20Chacabuco&#038;body=https:\/\/radiorevelacionfm.cl\/?p=59920' aria-hidden='false' data-av_icon='\ue805' data-av_iconfont='entypo-fontello' title='' data-avia-related-tooltip='Compartir por correo'><span class='avia_hidden_link_text'>Compartir por correo<\/span><\/a><\/li><\/ul><\/div><\/div>\n<div  style='height:50px' class='hr hr-invisible   avia-builder-el-8  el_after_av_social_share  el_before_av_comments_list '><span class='hr-inner ' ><span class='hr-inner-style'><\/span><\/span><\/div>\n<div  class='av-buildercomment  av-blog-meta-html-info-disabled av-blog-meta-tag-disabled  '><\/div>\n","protected":false},"excerpt":{"rendered":"","protected":false},"author":1,"featured_media":59921,"comment_status":"closed","ping_status":"closed","sticky":false,"template":"","format":"standard","meta":{"footnotes":""},"categories":[49],"tags":[],"class_list":["post-59920","post","type-post","status-publish","format-standard","has-post-thumbnail","hentry","category-educacion"],"jetpack_featured_media_url":"https:\/\/radiorevelacionfm.cl\/wp-content\/uploads\/2025\/10\/corte-cinta-1_optimized-1.jpg","_links":{"self":[{"href":"https:\/\/radiorevelacionfm.cl\/index.php?rest_route=\/wp\/v2\/posts\/59920","targetHints":{"allow":["GET"]}}],"collection":[{"href":"https:\/\/radiorevelacionfm.cl\/index.php?rest_route=\/wp\/v2\/posts"}],"about":[{"href":"https:\/\/radiorevelacionfm.cl\/index.php?rest_route=\/wp\/v2\/types\/post"}],"author":[{"embeddable":true,"href":"https:\/\/radiorevelacionfm.cl\/index.php?rest_route=\/wp\/v2\/users\/1"}],"replies":[{"embeddable":true,"href":"https:\/\/radiorevelacionfm.cl\/index.php?rest_route=%2Fwp%2Fv2%2Fcomments&post=59920"}],"version-history":[{"count":2,"href":"https:\/\/radiorevelacionfm.cl\/index.php?rest_route=\/wp\/v2\/posts\/59920\/revisions"}],"predecessor-version":[{"id":59923,"href":"https:\/\/radiorevelacionfm.cl\/index.php?rest_route=\/wp\/v2\/posts\/59920\/revisions\/59923"}],"wp:featuredmedia":[{"embeddable":true,"href":"https:\/\/radiorevelacionfm.cl\/index.php?rest_route=\/wp\/v2\/media\/59921"}],"wp:attachment":[{"href":"https:\/\/radiorevelacionfm.cl\/index.php?rest_route=%2Fwp%2Fv2%2Fmedia&parent=59920"}],"wp:term":[{"taxonomy":"category","embeddable":true,"href":"https:\/\/radiorevelacionfm.cl\/index.php?rest_route=%2Fwp%2Fv2%2Fcategories&post=59920"},{"taxonomy":"post_tag","embeddable":true,"href":"https:\/\/radiorevelacionfm.cl\/index.php?rest_route=%2Fwp%2Fv2%2Ftags&post=59920"}],"curies":[{"name":"wp","href":"https:\/\/api.w.org\/{rel}","templated":true}]}}