{"id":5992,"date":"2021-07-06T16:42:58","date_gmt":"2021-07-06T19:42:58","guid":{"rendered":"https:\/\/radiorevelacionfm.cl\/?p=5992"},"modified":"2021-07-06T16:45:58","modified_gmt":"2021-07-06T19:45:58","slug":"ingresan-proyecto-para-incluir-a-pequenos-agricultores-en-bono-de-alivio-a-pymes","status":"publish","type":"post","link":"https:\/\/radiorevelacionfm.cl\/?p=5992","title":{"rendered":"Ingresan proyecto para incluir a peque\u00f1os agricultores en bono de alivio a pymes"},"content":{"rendered":"<div class=\"flex_column av_one_full  flex_column_div av-zero-column-padding first  avia-builder-el-0  el_before_av_one_full  avia-builder-el-first  \" style='border-radius:0px; '><div  class='avia-image-container  av-styling-    avia-builder-el-1  avia-builder-el-no-sibling  avia-align-center '  itemprop=\"image\" itemscope=\"itemscope\" itemtype=\"https:\/\/schema.org\/ImageObject\"  ><div class='avia-image-container-inner'><div class='avia-image-overlay-wrap'><img decoding=\"async\" class='wp-image-5995 avia-img-lazy-loading-not-5995 avia_image' src=\"https:\/\/radiorevelacionfm.cl\/wp-content\/uploads\/2021\/07\/agricultores-1-1_optimized.jpg\" alt='' title='agricultores-(1)-(1)_optimized' height=\"600\" width=\"902\"  itemprop=\"thumbnailUrl\" srcset=\"https:\/\/radiorevelacionfm.cl\/wp-content\/uploads\/2021\/07\/agricultores-1-1_optimized.jpg 902w, https:\/\/radiorevelacionfm.cl\/wp-content\/uploads\/2021\/07\/agricultores-1-1_optimized-300x200.jpg 300w, https:\/\/radiorevelacionfm.cl\/wp-content\/uploads\/2021\/07\/agricultores-1-1_optimized-768x511.jpg 768w, https:\/\/radiorevelacionfm.cl\/wp-content\/uploads\/2021\/07\/agricultores-1-1_optimized-705x469.jpg 705w, https:\/\/radiorevelacionfm.cl\/wp-content\/uploads\/2021\/07\/agricultores-1-1_optimized-600x399.jpg 600w\" sizes=\"(max-width: 902px) 100vw, 902px\" \/><\/div><\/div><\/div><\/div><div class=\"flex_column av_one_full  flex_column_div av-zero-column-padding first  avia-builder-el-2  el_after_av_one_full  el_before_av_one_full  column-top-margin\" style='border-radius:0px; '><section class=\"av_textblock_section \"  itemscope=\"itemscope\" itemtype=\"https:\/\/schema.org\/BlogPosting\" itemprop=\"blogPost\" ><div class='avia_textblock  '   itemprop=\"text\" ><p style=\"text-align: center;\"><span style=\"font-size: 18pt;\"><b><span lang=\"ES\">Ingresan proyecto para incluir a peque\u00f1os agricultores en bono de alivio a pymes<\/span><\/b><\/span><\/p>\n<div id=\"gtx-trans\" style=\"position: absolute; left: -50px; top: 4.31534px;\">\n<div class=\"gtx-trans-icon\"><\/div>\n<\/div>\n<\/div><\/section><\/div><\/p>\n<div class=\"flex_column av_one_full  flex_column_div av-zero-column-padding first  avia-builder-el-4  el_after_av_one_full  el_before_av_hr  column-top-margin\" style='border-radius:0px; '><section class=\"av_textblock_section \"  itemscope=\"itemscope\" itemtype=\"https:\/\/schema.org\/BlogPosting\" itemprop=\"blogPost\" ><div class='avia_textblock  '   itemprop=\"text\" ><p style=\"font-weight: 400; text-align: justify;\">Buscando incluir al rubro de la peque\u00f1a agricultura como un sector \u201cafectado por la pandemia\u201d, los diputados DC ingresaron hoy un proyecto de ley interpretativo que incluye a los\u00a0peque\u00f1os\u00a0agricultores\u00a0como beneficiarios del bono de alivio que recibir\u00e1n las pymes del pa\u00eds.<\/p>\n<p style=\"font-weight: 400; text-align: justify;\">El proyecto, que fue ingresado por los diputados Jorge Sabag, Miguel Angel Calisto, Joanna P\u00e9rez, Manuel Antonio Matta, Mat\u00edas Walker, Daniel Verdessi, y el diputado del PR Cosme Mellado, pide declarar de forma expresa a los\u00a0peque\u00f1os\u00a0productores agr\u00edcolas como rubro especialmente afectado por la pandemia provocada por el COVID-19, sum\u00e1ndose a una lista de sectores productivos afectados en el pa\u00eds. A ello, agregan los efectos que ha ocasionado la escasez h\u00eddrica, agrav\u00e1ndose a\u00fan m\u00e1s su situaci\u00f3n.<\/p>\n<p style=\"font-weight: 400; text-align: justify;\">La iniciativa consiste en un art\u00edculo \u00fanico que indica \u201cdecl\u00e1rase interpretando el art\u00edculo 11 de la Ley Num. 21.354, que otorga bonos de cargo fiscal para apoyar a las Micro y Peque\u00f1as Empresas, por la crisis generada por la enfermedad COVID-19, considerando a los peque\u00f1os productores agr\u00edcolas que tributan de acuerdo al sistema de renta presunta o renta efectiva con contabilidad simplificada, como rubro especialmente afectado dentro de los considerados en el inciso tercero del mismo art\u00edculo\u201d.<\/p>\n<p style=\"font-weight: 400; text-align: justify;\">Al respecto, el diputado Miguel \u00c1ngel Calisto se\u00f1al\u00f3 explic\u00f3 que \u201cel proyecto de apoyo a las Pymes es un avance para paliar la crisis en un sector muy afectado como son los emprendedores, pero tambi\u00e9n creemos que hubo otros sectores que quedaron fuera y que tambi\u00e9n se han visto muy afectados por las medidas sanitarias establecidas para combatir la pandemia. Este es el caso de la peque\u00f1a agricultura\u201d.<\/p>\n<p style=\"font-weight: 400; text-align: justify;\">Finalmente, Calisto agreg\u00f3 que \u201ces fundamental incluir a este sector en este beneficio, ya que se han visto bastante golpeados, afectando la continuidad de la producci\u00f3n. En estos tiempos donde mucha poblaci\u00f3n lo est\u00e1 pasando mal, los beneficios y bonos de este tipo deben llegar a los distintos sectores productivos que han sufrido con las medidas sanitarias\u201d.<\/p>\n<\/div><\/section><\/div>\n<div  style='height:50px' class='hr hr-invisible   avia-builder-el-6  el_after_av_one_full  el_before_av_social_share '><span class='hr-inner ' ><span class='hr-inner-style'><\/span><\/span><\/div>\n<div  class='av-social-sharing-box  avia-builder-el-7  el_after_av_hr  el_before_av_hr  '><div class='av-share-box'><h5 class='av-share-link-description av-no-toc '>Compartir esta noticia<\/h5><ul class='av-share-box-list noLightbox'><li class='av-share-link av-social-link-facebook' ><a target=\"_blank\" aria-label=\"Compartir en Facebook\" href='https:\/\/www.facebook.com\/sharer.php?u=https:\/\/radiorevelacionfm.cl\/?p=5992&#038;t=Ingresan%20proyecto%20para%20incluir%20a%20peque%C3%B1os%20agricultores%20en%20bono%20de%20alivio%20a%20pymes' aria-hidden='false' data-av_icon='\ue8f3' data-av_iconfont='entypo-fontello' title='' data-avia-related-tooltip='Compartir en Facebook' rel=\"noopener\"><span class='avia_hidden_link_text'>Compartir en Facebook<\/span><\/a><\/li><li class='av-share-link av-social-link-twitter' ><a target=\"_blank\" aria-label=\"Compartir en Twitter\" href='https:\/\/twitter.com\/share?text=Ingresan%20proyecto%20para%20incluir%20a%20peque%C3%B1os%20agricultores%20en%20bono%20de%20alivio%20a%20pymes&#038;url=https:\/\/radiorevelacionfm.cl\/?p=5992' aria-hidden='false' data-av_icon='\ue8f1' data-av_iconfont='entypo-fontello' title='' data-avia-related-tooltip='Compartir en Twitter' rel=\"noopener\"><span class='avia_hidden_link_text'>Compartir en Twitter<\/span><\/a><\/li><li class='av-share-link av-social-link-whatsapp' ><a target=\"_blank\" aria-label=\"Compartir en Whatsapp\" href='https:\/\/api.whatsapp.com\/send?text=https:\/\/radiorevelacionfm.cl\/?p=5992' aria-hidden='false' data-av_icon='\uf232' data-av_iconfont='entypo-fontello' title='' data-avia-related-tooltip='Compartir en Whatsapp' rel=\"noopener\"><span class='avia_hidden_link_text'>Compartir en Whatsapp<\/span><\/a><\/li><li class='av-share-link av-social-link-linkedin' ><a target=\"_blank\" aria-label=\"Compartir en LinkedIn\" href='https:\/\/linkedin.com\/shareArticle?mini=true&#038;title=Ingresan%20proyecto%20para%20incluir%20a%20peque%C3%B1os%20agricultores%20en%20bono%20de%20alivio%20a%20pymes&#038;url=https:\/\/radiorevelacionfm.cl\/?p=5992' aria-hidden='false' data-av_icon='\ue8fc' data-av_iconfont='entypo-fontello' title='' data-avia-related-tooltip='Compartir en LinkedIn' rel=\"noopener\"><span class='avia_hidden_link_text'>Compartir en LinkedIn<\/span><\/a><\/li><li class='av-share-link av-social-link-mail' ><a  aria-label=\"Compartir por correo\" href='mailto:?subject=Ingresan%20proyecto%20para%20incluir%20a%20peque%C3%B1os%20agricultores%20en%20bono%20de%20alivio%20a%20pymes&#038;body=https:\/\/radiorevelacionfm.cl\/?p=5992' aria-hidden='false' data-av_icon='\ue805' data-av_iconfont='entypo-fontello' title='' data-avia-related-tooltip='Compartir por correo'><span class='avia_hidden_link_text'>Compartir por correo<\/span><\/a><\/li><\/ul><\/div><\/div>\n<div  style='height:50px' class='hr hr-invisible   avia-builder-el-8  el_after_av_social_share  el_before_av_comments_list '><span class='hr-inner ' ><span class='hr-inner-style'><\/span><\/span><\/div>\n<div  class='av-buildercomment  av-blog-meta-html-info-disabled av-blog-meta-tag-disabled  '><\/div>\n","protected":false},"excerpt":{"rendered":"","protected":false},"author":1,"featured_media":5995,"comment_status":"open","ping_status":"open","sticky":false,"template":"","format":"standard","meta":{"footnotes":""},"categories":[58],"tags":[],"class_list":["post-5992","post","type-post","status-publish","format-standard","has-post-thumbnail","hentry","category-agricultura"],"jetpack_featured_media_url":"https:\/\/radiorevelacionfm.cl\/wp-content\/uploads\/2021\/07\/agricultores-1-1_optimized.jpg","_links":{"self":[{"href":"https:\/\/radiorevelacionfm.cl\/index.php?rest_route=\/wp\/v2\/posts\/5992","targetHints":{"allow":["GET"]}}],"collection":[{"href":"https:\/\/radiorevelacionfm.cl\/index.php?rest_route=\/wp\/v2\/posts"}],"about":[{"href":"https:\/\/radiorevelacionfm.cl\/index.php?rest_route=\/wp\/v2\/types\/post"}],"author":[{"embeddable":true,"href":"https:\/\/radiorevelacionfm.cl\/index.php?rest_route=\/wp\/v2\/users\/1"}],"replies":[{"embeddable":true,"href":"https:\/\/radiorevelacionfm.cl\/index.php?rest_route=%2Fwp%2Fv2%2Fcomments&post=5992"}],"version-history":[{"count":2,"href":"https:\/\/radiorevelacionfm.cl\/index.php?rest_route=\/wp\/v2\/posts\/5992\/revisions"}],"predecessor-version":[{"id":5996,"href":"https:\/\/radiorevelacionfm.cl\/index.php?rest_route=\/wp\/v2\/posts\/5992\/revisions\/5996"}],"wp:featuredmedia":[{"embeddable":true,"href":"https:\/\/radiorevelacionfm.cl\/index.php?rest_route=\/wp\/v2\/media\/5995"}],"wp:attachment":[{"href":"https:\/\/radiorevelacionfm.cl\/index.php?rest_route=%2Fwp%2Fv2%2Fmedia&parent=5992"}],"wp:term":[{"taxonomy":"category","embeddable":true,"href":"https:\/\/radiorevelacionfm.cl\/index.php?rest_route=%2Fwp%2Fv2%2Fcategories&post=5992"},{"taxonomy":"post_tag","embeddable":true,"href":"https:\/\/radiorevelacionfm.cl\/index.php?rest_route=%2Fwp%2Fv2%2Ftags&post=5992"}],"curies":[{"name":"wp","href":"https:\/\/api.w.org\/{rel}","templated":true}]}}