{"id":59912,"date":"2025-10-04T16:56:25","date_gmt":"2025-10-04T19:56:25","guid":{"rendered":"https:\/\/radiorevelacionfm.cl\/?p=59912"},"modified":"2025-10-04T16:56:25","modified_gmt":"2025-10-04T19:56:25","slug":"sector-rural-demanda-urgente-apoyo-del-ministerio-de-agricultura","status":"publish","type":"post","link":"https:\/\/radiorevelacionfm.cl\/?p=59912","title":{"rendered":"Sector rural demanda urgente apoyo del ministerio de Agricultura"},"content":{"rendered":"<div class=\"flex_column av_one_full  flex_column_div av-zero-column-padding first  avia-builder-el-0  el_before_av_one_full  avia-builder-el-first  \" style='border-radius:0px; '><div  class='avia-image-container  av-styling-    avia-builder-el-1  avia-builder-el-no-sibling  avia-align-center '  itemprop=\"image\" itemscope=\"itemscope\" itemtype=\"https:\/\/schema.org\/ImageObject\"  ><div class='avia-image-container-inner'><div class='avia-image-overlay-wrap'><img decoding=\"async\" class='wp-image-59913 avia-img-lazy-loading-not-59913 avia_image' src=\"https:\/\/radiorevelacionfm.cl\/wp-content\/uploads\/2025\/10\/colonia-norte-reporte-6-7-1_optimized-1.jpg\" alt='' title='colonia-norte-reporte-6-(7)-(1)_optimized (1)' height=\"600\" width=\"857\"  itemprop=\"thumbnailUrl\" srcset=\"https:\/\/radiorevelacionfm.cl\/wp-content\/uploads\/2025\/10\/colonia-norte-reporte-6-7-1_optimized-1.jpg 857w, https:\/\/radiorevelacionfm.cl\/wp-content\/uploads\/2025\/10\/colonia-norte-reporte-6-7-1_optimized-1-300x210.jpg 300w, https:\/\/radiorevelacionfm.cl\/wp-content\/uploads\/2025\/10\/colonia-norte-reporte-6-7-1_optimized-1-768x538.jpg 768w, https:\/\/radiorevelacionfm.cl\/wp-content\/uploads\/2025\/10\/colonia-norte-reporte-6-7-1_optimized-1-705x494.jpg 705w, https:\/\/radiorevelacionfm.cl\/wp-content\/uploads\/2025\/10\/colonia-norte-reporte-6-7-1_optimized-1-450x315.jpg 450w, https:\/\/radiorevelacionfm.cl\/wp-content\/uploads\/2025\/10\/colonia-norte-reporte-6-7-1_optimized-1-600x420.jpg 600w\" sizes=\"(max-width: 857px) 100vw, 857px\" \/><\/div><\/div><\/div><\/div><div class=\"flex_column av_one_full  flex_column_div av-zero-column-padding first  avia-builder-el-2  el_after_av_one_full  el_before_av_one_full  column-top-margin\" style='border-radius:0px; '><section class=\"av_textblock_section \"  itemscope=\"itemscope\" itemtype=\"https:\/\/schema.org\/BlogPosting\" itemprop=\"blogPost\" ><div class='avia_textblock  '   itemprop=\"text\" ><p style=\"text-align: center;\"><strong><span style=\"font-size: 18pt;\">Sector rural demanda urgente apoyo del ministerio de Agricultura<\/span><\/strong><\/p>\n<div id=\"gtx-trans\" style=\"position: absolute; left: -50px; top: 4.31534px;\">\n<div class=\"gtx-trans-icon\"><\/div>\n<\/div>\n<\/div><\/section><\/div><div class=\"flex_column av_one_full  flex_column_div av-zero-column-padding first  avia-builder-el-4  el_after_av_one_full  el_before_av_hr  column-top-margin\" style='border-radius:0px; '><section class=\"av_textblock_section \"  itemscope=\"itemscope\" itemtype=\"https:\/\/schema.org\/BlogPosting\" itemprop=\"blogPost\" ><div class='avia_textblock  '   itemprop=\"text\" ><p style=\"text-align: justify;\">Durante esta jornada, el equipo municipal encabezado por el alcalde\u00a0Patricio Ulloa Georgia\u00a0se traslad\u00f3 hasta el\u00a0sector rural de Colonia Norte, constatando en terreno el estado de los caminos, viviendas y predios tras el fuerte temporal que afect\u00f3 la comuna.<\/p>\n<p style=\"text-align: justify;\">La balsa del r\u00edo Baker se encuentra operando con normalidad, permitiendo el tr\u00e1nsito de vecinos y maquinaria pesada. En el lugar se observ\u00f3 la presencia activa de maquinaria de la Direcci\u00f3n Provincial de Vialidad, realizando trabajos de reparaci\u00f3n y despeje.<\/p>\n<p style=\"text-align: justify;\">CAMINO COLONIA NORTE<\/p>\n<p style=\"text-align: justify;\">El recorrido permiti\u00f3 verificar un\u00a0importante deterioro del camino, especialmente desde el campo de la se\u00f1ora Irma Oyarzo hacia adelante, donde una\u00a0alcantarilla se encuentra completamente fuera de su lugar, interrumpiendo el tr\u00e1nsito.<br \/>\nLa situaci\u00f3n fue informada a Vialidad, que continuar\u00e1 los trabajos en los pr\u00f3ximos d\u00edas para restablecer la conectividad del sector.<\/p>\n<p style=\"text-align: justify;\">COORDINACI\u00d3N CON EL EJ\u00c9RCITO DE CHILE<\/p>\n<p style=\"text-align: justify;\">El operativo de apoyo en esta jornada se desarroll\u00f3 en\u00a0coordinaci\u00f3n con la Compa\u00f1\u00eda Andina N\u00b020 del Ej\u00e9rcito de Chile, instituci\u00f3n que ha estado apoyando activamente las labores comunales desde el inicio de la emergencia, colaborando con el traslado de ayuda, maquinaria y apoyo log\u00edstico para llegar a los sectores m\u00e1s aislados junto a Hospital en esta jornada. El municipio agradece profundamente la disposici\u00f3n y compromiso del Ej\u00e9rcito con la comunidad.<\/p>\n<p style=\"text-align: justify;\">ASISTENCIA M\u00c9DICA EN TERRENO<\/p>\n<p style=\"text-align: justify;\">Durante esta jornada tambi\u00e9n se despleg\u00f3 al sector una\u00a0enfermera y un m\u00e9dico del equipo del Hospital de Cochrane, quienes realizaron\u00a0atenci\u00f3n directa a familias y personas mayores, verificando condiciones de salud y entregando medicamentos y recomendaciones b\u00e1sicas.<\/p>\n<p style=\"text-align: justify;\">Se agradece la\u00a0disposici\u00f3n y compromiso del personal de salud, cuya presencia en terreno fue clave para apoyar a los vecinos del mundo rural afectados por las lluvias.<\/p>\n<p style=\"text-align: justify;\">DA\u00d1OS Y AFECTACIONES<\/p>\n<p style=\"text-align: justify;\">En Colonia Norte se constataron\u00a0predios anegados, p\u00e9rdidas de animales reci\u00e9n nacidos y deterioro de pastizales, producto del exceso de agua y bajas temperaturas.<br \/>\nEl municipio advierte que las im\u00e1genes compartidas en esta jornada son\u00a0fuertes y sensibles, pero reflejan la\u00a0realidad del impacto que dej\u00f3 este frente clim\u00e1tico sin precedentes recientes\u00a0en la comuna de Cochrane.<\/p>\n<p style=\"text-align: justify;\">LLAMADO URGENTE AL MINISTERIO DE AGRICULTURA<\/p>\n<p style=\"text-align: justify;\">Alcalde Patricio Ulloa reiter\u00f3 el llamado a las autoridades del\u00a0Ministerio de Agricultura\u00a0para que\u00a0accionen medidas inmediatas\u00a0que permitan apoyar a los productores rurales:<\/p>\n<p style=\"text-align: justify;\">Entrega urgente de forraje y suplementos alimenticios.<\/p>\n<p style=\"text-align: justify;\">Evaluaci\u00f3n directa en terreno\u00a0de las p\u00e9rdidas.<\/p>\n<p style=\"text-align: justify;\">Disposici\u00f3n de recursos sin demoras burocr\u00e1ticas.<\/p>\n<p style=\"text-align: justify;\">Asimismo, enfatiz\u00f3 que la ayuda no debe limitarse solo a usuarios de INDAP, ya que muchos campesinos no inscritos tambi\u00e9n han sufrido severas p\u00e9rdidas en sus animales y producci\u00f3n.<\/p>\n<p style=\"text-align: justify;\">COMPROMISO MUNICIPAL<\/p>\n<p style=\"text-align: justify;\">El municipio, junto a sus direcciones sociales y rurales, continuar\u00e1\u00a0levantando informaci\u00f3n y acompa\u00f1ando a los vecinos del campo.<br \/>\nLos equipos municipales permanecer\u00e1n desplegados en terreno a medida que\u00a0Vialidad habilite los caminos, con el objetivo de\u00a0registrar da\u00f1os, gestionar apoyos y canalizar las ayudas necesarias.<\/p>\n<p style=\"text-align: justify;\">MENSAJE<\/p>\n<p style=\"text-align: justify;\">El alcalde de Cochrane Patricio Ulloa Georgia agradeci\u00f3 el trabajo de todos los equipos que se mantienen activos en esta emergencia:\u00a0Vialidad, Ej\u00e9rcito de Chile, personal de salud, funcionarios municipales y vecinos que colaboran solidariamente.<\/p>\n<p style=\"text-align: justify;\">Indicando: \u201cSabemos que los caminos se van a recuperar, pero las p\u00e9rdidas del mundo rural no se pueden reemplazar. Por eso necesitamos que el Estado act\u00fae con urgencia. Nuestros campesinos no pueden esperar ni un minuto m\u00e1s\u201d, se\u00f1al\u00f3 el alcalde Patricio Ulloa Georgia.<\/p>\n<\/div><\/section><\/div><div  style='height:50px' class='hr hr-invisible   avia-builder-el-6  el_after_av_one_full  el_before_av_social_share '><span class='hr-inner ' ><span class='hr-inner-style'><\/span><\/span><\/div><\/p>\n<div  class='av-social-sharing-box  avia-builder-el-7  el_after_av_hr  el_before_av_hr  '><div class='av-share-box'><h5 class='av-share-link-description av-no-toc '>Compartir esta noticia<\/h5><ul class='av-share-box-list noLightbox'><li class='av-share-link av-social-link-facebook' ><a target=\"_blank\" aria-label=\"Compartir en Facebook\" href='https:\/\/www.facebook.com\/sharer.php?u=https:\/\/radiorevelacionfm.cl\/?p=59912&#038;t=Sector%20rural%20demanda%20urgente%20apoyo%20del%20ministerio%20de%20Agricultura' aria-hidden='false' data-av_icon='\ue8f3' data-av_iconfont='entypo-fontello' title='' data-avia-related-tooltip='Compartir en Facebook' rel=\"noopener\"><span class='avia_hidden_link_text'>Compartir en Facebook<\/span><\/a><\/li><li class='av-share-link av-social-link-twitter' ><a target=\"_blank\" aria-label=\"Compartir en Twitter\" href='https:\/\/twitter.com\/share?text=Sector%20rural%20demanda%20urgente%20apoyo%20del%20ministerio%20de%20Agricultura&#038;url=https:\/\/radiorevelacionfm.cl\/?p=59912' aria-hidden='false' data-av_icon='\ue8f1' data-av_iconfont='entypo-fontello' title='' data-avia-related-tooltip='Compartir en Twitter' rel=\"noopener\"><span class='avia_hidden_link_text'>Compartir en Twitter<\/span><\/a><\/li><li class='av-share-link av-social-link-whatsapp' ><a target=\"_blank\" aria-label=\"Compartir en Whatsapp\" href='https:\/\/api.whatsapp.com\/send?text=https:\/\/radiorevelacionfm.cl\/?p=59912' aria-hidden='false' data-av_icon='\uf232' data-av_iconfont='entypo-fontello' title='' data-avia-related-tooltip='Compartir en Whatsapp' rel=\"noopener\"><span class='avia_hidden_link_text'>Compartir en Whatsapp<\/span><\/a><\/li><li class='av-share-link av-social-link-linkedin' ><a target=\"_blank\" aria-label=\"Compartir en LinkedIn\" href='https:\/\/linkedin.com\/shareArticle?mini=true&#038;title=Sector%20rural%20demanda%20urgente%20apoyo%20del%20ministerio%20de%20Agricultura&#038;url=https:\/\/radiorevelacionfm.cl\/?p=59912' aria-hidden='false' data-av_icon='\ue8fc' data-av_iconfont='entypo-fontello' title='' data-avia-related-tooltip='Compartir en LinkedIn' rel=\"noopener\"><span class='avia_hidden_link_text'>Compartir en LinkedIn<\/span><\/a><\/li><li class='av-share-link av-social-link-mail' ><a  aria-label=\"Compartir por correo\" href='mailto:?subject=Sector%20rural%20demanda%20urgente%20apoyo%20del%20ministerio%20de%20Agricultura&#038;body=https:\/\/radiorevelacionfm.cl\/?p=59912' aria-hidden='false' data-av_icon='\ue805' data-av_iconfont='entypo-fontello' title='' data-avia-related-tooltip='Compartir por correo'><span class='avia_hidden_link_text'>Compartir por correo<\/span><\/a><\/li><\/ul><\/div><\/div>\n<div  style='height:50px' class='hr hr-invisible   avia-builder-el-8  el_after_av_social_share  el_before_av_comments_list '><span class='hr-inner ' ><span class='hr-inner-style'><\/span><\/span><\/div>\n<div  class='av-buildercomment  av-blog-meta-html-info-disabled av-blog-meta-tag-disabled  '><\/div>\n","protected":false},"excerpt":{"rendered":"","protected":false},"author":1,"featured_media":59913,"comment_status":"closed","ping_status":"closed","sticky":false,"template":"","format":"standard","meta":{"footnotes":""},"categories":[38],"tags":[],"class_list":["post-59912","post","type-post","status-publish","format-standard","has-post-thumbnail","hentry","category-regional"],"jetpack_featured_media_url":"https:\/\/radiorevelacionfm.cl\/wp-content\/uploads\/2025\/10\/colonia-norte-reporte-6-7-1_optimized-1.jpg","_links":{"self":[{"href":"https:\/\/radiorevelacionfm.cl\/index.php?rest_route=\/wp\/v2\/posts\/59912","targetHints":{"allow":["GET"]}}],"collection":[{"href":"https:\/\/radiorevelacionfm.cl\/index.php?rest_route=\/wp\/v2\/posts"}],"about":[{"href":"https:\/\/radiorevelacionfm.cl\/index.php?rest_route=\/wp\/v2\/types\/post"}],"author":[{"embeddable":true,"href":"https:\/\/radiorevelacionfm.cl\/index.php?rest_route=\/wp\/v2\/users\/1"}],"replies":[{"embeddable":true,"href":"https:\/\/radiorevelacionfm.cl\/index.php?rest_route=%2Fwp%2Fv2%2Fcomments&post=59912"}],"version-history":[{"count":2,"href":"https:\/\/radiorevelacionfm.cl\/index.php?rest_route=\/wp\/v2\/posts\/59912\/revisions"}],"predecessor-version":[{"id":59915,"href":"https:\/\/radiorevelacionfm.cl\/index.php?rest_route=\/wp\/v2\/posts\/59912\/revisions\/59915"}],"wp:featuredmedia":[{"embeddable":true,"href":"https:\/\/radiorevelacionfm.cl\/index.php?rest_route=\/wp\/v2\/media\/59913"}],"wp:attachment":[{"href":"https:\/\/radiorevelacionfm.cl\/index.php?rest_route=%2Fwp%2Fv2%2Fmedia&parent=59912"}],"wp:term":[{"taxonomy":"category","embeddable":true,"href":"https:\/\/radiorevelacionfm.cl\/index.php?rest_route=%2Fwp%2Fv2%2Fcategories&post=59912"},{"taxonomy":"post_tag","embeddable":true,"href":"https:\/\/radiorevelacionfm.cl\/index.php?rest_route=%2Fwp%2Fv2%2Ftags&post=59912"}],"curies":[{"name":"wp","href":"https:\/\/api.w.org\/{rel}","templated":true}]}}