{"id":59900,"date":"2025-10-04T11:37:36","date_gmt":"2025-10-04T14:37:36","guid":{"rendered":"https:\/\/radiorevelacionfm.cl\/?p=59900"},"modified":"2025-10-04T11:37:36","modified_gmt":"2025-10-04T14:37:36","slug":"centros-de-negocios-sercotec-celebran-10-anos-en-aysen-con-encuentro-empresarial-y-rueda-de-negocios","status":"publish","type":"post","link":"https:\/\/radiorevelacionfm.cl\/?p=59900","title":{"rendered":"Centros de Negocios Sercotec celebran 10 a\u00f1os en Ays\u00e9n con encuentro empresarial y rueda de negocios"},"content":{"rendered":"<div class=\"flex_column av_one_full  flex_column_div av-zero-column-padding first  avia-builder-el-0  el_before_av_one_full  avia-builder-el-first  \" style='border-radius:0px; '><div  class='avia-image-container  av-styling-    avia-builder-el-1  avia-builder-el-no-sibling  avia-align-center '  itemprop=\"image\" itemscope=\"itemscope\" itemtype=\"https:\/\/schema.org\/ImageObject\"  ><div class='avia-image-container-inner'><div class='avia-image-overlay-wrap'><img decoding=\"async\" class='wp-image-59901 avia-img-lazy-loading-not-59901 avia_image' src=\"https:\/\/radiorevelacionfm.cl\/wp-content\/uploads\/2025\/10\/cdn-3-03-10-1_optimized.jpg\" alt='' title='cdn-3-03-10-(1)_optimized' height=\"600\" width=\"900\"  itemprop=\"thumbnailUrl\" srcset=\"https:\/\/radiorevelacionfm.cl\/wp-content\/uploads\/2025\/10\/cdn-3-03-10-1_optimized.jpg 900w, https:\/\/radiorevelacionfm.cl\/wp-content\/uploads\/2025\/10\/cdn-3-03-10-1_optimized-300x200.jpg 300w, https:\/\/radiorevelacionfm.cl\/wp-content\/uploads\/2025\/10\/cdn-3-03-10-1_optimized-768x512.jpg 768w, https:\/\/radiorevelacionfm.cl\/wp-content\/uploads\/2025\/10\/cdn-3-03-10-1_optimized-705x470.jpg 705w, https:\/\/radiorevelacionfm.cl\/wp-content\/uploads\/2025\/10\/cdn-3-03-10-1_optimized-450x300.jpg 450w, https:\/\/radiorevelacionfm.cl\/wp-content\/uploads\/2025\/10\/cdn-3-03-10-1_optimized-600x400.jpg 600w\" sizes=\"(max-width: 900px) 100vw, 900px\" \/><\/div><\/div><\/div><\/div><div class=\"flex_column av_one_full  flex_column_div av-zero-column-padding first  avia-builder-el-2  el_after_av_one_full  el_before_av_one_full  column-top-margin\" style='border-radius:0px; '><section class=\"av_textblock_section \"  itemscope=\"itemscope\" itemtype=\"https:\/\/schema.org\/BlogPosting\" itemprop=\"blogPost\" ><div class='avia_textblock  '   itemprop=\"text\" ><p style=\"text-align: center;\"><strong><span style=\"font-size: 18pt;\">Centros de Negocios Sercotec celebran 10 a\u00f1os en Ays\u00e9n con encuentro empresarial y rueda de negocios<\/span><\/strong><\/p>\n<div id=\"gtx-trans\" style=\"position: absolute; left: -50px; top: 4.31534px;\">\n<div class=\"gtx-trans-icon\"><\/div>\n<\/div>\n<\/div><\/section><\/div><div class=\"flex_column av_one_full  flex_column_div av-zero-column-padding first  avia-builder-el-4  el_after_av_one_full  el_before_av_hr  column-top-margin\" style='border-radius:0px; '><section class=\"av_textblock_section \"  itemscope=\"itemscope\" itemtype=\"https:\/\/schema.org\/BlogPosting\" itemprop=\"blogPost\" ><div class='avia_textblock  '   itemprop=\"text\" ><p style=\"text-align: justify;\">La Regi\u00f3n de Ays\u00e9n fue escenario de una jornada empresarial que conmemor\u00f3 los 10 a\u00f1os de funcionamiento de los Centros de Negocios Sercotec en el territorio. La actividad, realizada en Coyhaique, reuni\u00f3 a autoridades regionales y representantes de empresas locales, quienes participaron en un programa que incluy\u00f3 reconocimientos, un focus group de planificaci\u00f3n y la clausura del programa <em>Yo Compro Local 2025<\/em>.<\/p>\n<p style=\"text-align: justify;\">Durante la ma\u00f1ana se entregaron distinciones a clientes destacados y se presentaron los principales impactos del programa en la regi\u00f3n. Posteriormente, se desarroll\u00f3 un focus group donde empresarios y autoridades discutieron propuestas conjuntas para la planificaci\u00f3n del a\u00f1o 2026.<\/p>\n<p style=\"text-align: justify;\">En la tarde, el protagonismo lo tuvo la rueda de negocios de <em>Yo Compro Local 2025<\/em>, que busc\u00f3 propiciar v\u00ednculos comerciales entre productores de alimentos, industrias creativas y bienestar con empresas locales de perfil comprador, entre ellas Hotel Cumbres, Taberna de Dolbeck, La Botica, Cafeter\u00eda Aktiva, Boutique Confluencia, Hiperpatag\u00f3nico y Refugio Macales.<\/p>\n<p style=\"text-align: justify;\">La directora regional de Sercotec, Nelly Vargas, destac\u00f3 que el programa se ha convertido en un motor para la comercializaci\u00f3n local:<\/p>\n<p style=\"text-align: justify;\">\u201cHemos instalado distintas actividades de encadenamiento productivo y de vinculaci\u00f3n p\u00fablica-privada. En ese sentido, hemos levantado programas como el <em>Yo Compro Local<\/em>, logrando la implementaci\u00f3n de 4 nuevos puntos de venta para ayudar a la comercializaci\u00f3n de productos de los clientes que participan en los centros de negocios de la Regi\u00f3n de Ays\u00e9n\u201d.<\/p>\n<p style=\"text-align: justify;\">El seremi de Econom\u00eda, Fomento y Turismo, Felipe Rojas Pizarro, enfatiz\u00f3 el impacto que este trabajo ha tenido en la regi\u00f3n:<\/p>\n<p style=\"text-align: justify;\">\u201cHoy en d\u00eda tenemos emprendedores que venden en toda la regi\u00f3n, venden afuera de la regi\u00f3n e incluso en mercados internacionales, y esto garantiza y proyecta que estos emprendimientos generen bienestar a las familias de la regi\u00f3n de Ays\u00e9n\u201d.<\/p>\n<p style=\"text-align: justify;\">Los testimonios de los propios clientes tambi\u00e9n marcaron la jornada. Camila Gonz\u00e1lez, due\u00f1a de <em>Refugio Macales<\/em>, expres\u00f3:<\/p>\n<p style=\"text-align: justify;\">\u201cEs una asesor\u00eda constante y agradezco el apoyo. Siempre aconsejo a todos que vayan al centro, porque es una oportunidad de trabajar con un gran equipo humano para cumplir tus sue\u00f1os y hacerte crecer\u201d.<\/p>\n<p style=\"text-align: justify;\">Los Centros de Negocios Sercotec nacieron en 2015, inspirados en la experiencia de los <em>Small Business Development Centers (SBDC)<\/em> de Estados Unidos. En la actualidad, a nivel nacional han asesorado a 3.089 clientes, de los cuales 1.069 han logrado aumento en ventas fruto de la intervenci\u00f3n de la asesor\u00eda, lo que equivale a 2.398 millones en recaudaci\u00f3n fiscal.<\/p>\n<p style=\"text-align: justify;\">En la regi\u00f3n, los jefes de centro tambi\u00e9n destacaron el camino recorrido. Iv\u00e1n Cabezas, jefe del Centro de Coyhaique, explic\u00f3 que:<\/p>\n<p style=\"text-align: justify;\">\u201cHemos acompa\u00f1ado a los emprendedores de la regi\u00f3n, apoyando de manera gratuita a empresas con capacitaciones y asesor\u00edas especializadas. Ahora estamos con el programa de encadenamiento productivo, que es el <em>Yo Compro Local<\/em>, un programa que busca que seamos un nexo para llegar a las medianas y grandes empresas de la regi\u00f3n como proveedores\u201d.<\/p>\n<p style=\"text-align: justify;\">Mientras que la jefa del Centro de Negocios de Puerto Ays\u00e9n, Paulina Medina, subray\u00f3 el valor humano detr\u00e1s de estos logros:<\/p>\n<p style=\"text-align: justify;\">\u201cUno de los grandes logros locales ha sido consolidar los equipos de trabajo. Conseguir asesores tan comprometidos con sus clientes, vinculando este trabajo con otras instituciones. Este acompa\u00f1amiento constante no se consigue con cualquier otro programa\u201d.<\/p>\n<p style=\"text-align: justify;\">Tras una d\u00e9cada de funcionamiento, los Centros de Negocios Sercotec en Ays\u00e9n se consolidan como un pilar estrat\u00e9gico para las micro y peque\u00f1as empresas de la regi\u00f3n, ofreciendo apoyo gratuito y especializado que ha fortalecido su participaci\u00f3n en la econom\u00eda local. Al mismo tiempo, se han transformado en el principal articulador del ecosistema de emprendimiento, generando v\u00ednculos efectivos entre el sector p\u00fablico y privado.<\/p>\n<p style=\"text-align: justify;\">Finalmente recordar que puedes pedir tu asesoramiento en los centros de negocios de Coyhaique, en Condell 23, y de Puerto Ays\u00e9n en avenida Eleuterio Ram\u00edrez 1423, adem\u00e1s de conocer de todas las actividades en las cuentas de Instagram @cdncoyhaique y @cdnpuertoaysen.<\/p>\n<\/div><\/section><\/div><div  style='height:50px' class='hr hr-invisible   avia-builder-el-6  el_after_av_one_full  el_before_av_social_share '><span class='hr-inner ' ><span class='hr-inner-style'><\/span><\/span><\/div><\/p>\n<div  class='av-social-sharing-box  avia-builder-el-7  el_after_av_hr  el_before_av_hr  '><div class='av-share-box'><h5 class='av-share-link-description av-no-toc '>Compartir esta noticia<\/h5><ul class='av-share-box-list noLightbox'><li class='av-share-link av-social-link-facebook' ><a target=\"_blank\" aria-label=\"Compartir en Facebook\" href='https:\/\/www.facebook.com\/sharer.php?u=https:\/\/radiorevelacionfm.cl\/?p=59900&#038;t=Centros%20de%20Negocios%20Sercotec%20celebran%2010%20a%C3%B1os%20en%20Ays%C3%A9n%20con%20encuentro%20empresarial%20y%20rueda%20de%20negocios' aria-hidden='false' data-av_icon='\ue8f3' data-av_iconfont='entypo-fontello' title='' data-avia-related-tooltip='Compartir en Facebook' rel=\"noopener\"><span class='avia_hidden_link_text'>Compartir en Facebook<\/span><\/a><\/li><li class='av-share-link av-social-link-twitter' ><a target=\"_blank\" aria-label=\"Compartir en Twitter\" href='https:\/\/twitter.com\/share?text=Centros%20de%20Negocios%20Sercotec%20celebran%2010%20a%C3%B1os%20en%20Ays%C3%A9n%20con%20encuentro%20empresarial%20y%20rueda%20de%20negocios&#038;url=https:\/\/radiorevelacionfm.cl\/?p=59900' aria-hidden='false' data-av_icon='\ue8f1' data-av_iconfont='entypo-fontello' title='' data-avia-related-tooltip='Compartir en Twitter' rel=\"noopener\"><span class='avia_hidden_link_text'>Compartir en Twitter<\/span><\/a><\/li><li class='av-share-link av-social-link-whatsapp' ><a target=\"_blank\" aria-label=\"Compartir en Whatsapp\" href='https:\/\/api.whatsapp.com\/send?text=https:\/\/radiorevelacionfm.cl\/?p=59900' aria-hidden='false' data-av_icon='\uf232' data-av_iconfont='entypo-fontello' title='' data-avia-related-tooltip='Compartir en Whatsapp' rel=\"noopener\"><span class='avia_hidden_link_text'>Compartir en Whatsapp<\/span><\/a><\/li><li class='av-share-link av-social-link-linkedin' ><a target=\"_blank\" aria-label=\"Compartir en LinkedIn\" href='https:\/\/linkedin.com\/shareArticle?mini=true&#038;title=Centros%20de%20Negocios%20Sercotec%20celebran%2010%20a%C3%B1os%20en%20Ays%C3%A9n%20con%20encuentro%20empresarial%20y%20rueda%20de%20negocios&#038;url=https:\/\/radiorevelacionfm.cl\/?p=59900' aria-hidden='false' data-av_icon='\ue8fc' data-av_iconfont='entypo-fontello' title='' data-avia-related-tooltip='Compartir en LinkedIn' rel=\"noopener\"><span class='avia_hidden_link_text'>Compartir en LinkedIn<\/span><\/a><\/li><li class='av-share-link av-social-link-mail' ><a  aria-label=\"Compartir por correo\" href='mailto:?subject=Centros%20de%20Negocios%20Sercotec%20celebran%2010%20a%C3%B1os%20en%20Ays%C3%A9n%20con%20encuentro%20empresarial%20y%20rueda%20de%20negocios&#038;body=https:\/\/radiorevelacionfm.cl\/?p=59900' aria-hidden='false' data-av_icon='\ue805' data-av_iconfont='entypo-fontello' title='' data-avia-related-tooltip='Compartir por correo'><span class='avia_hidden_link_text'>Compartir por correo<\/span><\/a><\/li><\/ul><\/div><\/div>\n<div  style='height:50px' class='hr hr-invisible   avia-builder-el-8  el_after_av_social_share  el_before_av_comments_list '><span class='hr-inner ' ><span class='hr-inner-style'><\/span><\/span><\/div>\n<div  class='av-buildercomment  av-blog-meta-html-info-disabled av-blog-meta-tag-disabled  '><\/div>\n","protected":false},"excerpt":{"rendered":"","protected":false},"author":1,"featured_media":59901,"comment_status":"closed","ping_status":"closed","sticky":false,"template":"","format":"standard","meta":{"footnotes":""},"categories":[38],"tags":[],"class_list":["post-59900","post","type-post","status-publish","format-standard","has-post-thumbnail","hentry","category-regional"],"jetpack_featured_media_url":"https:\/\/radiorevelacionfm.cl\/wp-content\/uploads\/2025\/10\/cdn-3-03-10-1_optimized.jpg","_links":{"self":[{"href":"https:\/\/radiorevelacionfm.cl\/index.php?rest_route=\/wp\/v2\/posts\/59900","targetHints":{"allow":["GET"]}}],"collection":[{"href":"https:\/\/radiorevelacionfm.cl\/index.php?rest_route=\/wp\/v2\/posts"}],"about":[{"href":"https:\/\/radiorevelacionfm.cl\/index.php?rest_route=\/wp\/v2\/types\/post"}],"author":[{"embeddable":true,"href":"https:\/\/radiorevelacionfm.cl\/index.php?rest_route=\/wp\/v2\/users\/1"}],"replies":[{"embeddable":true,"href":"https:\/\/radiorevelacionfm.cl\/index.php?rest_route=%2Fwp%2Fv2%2Fcomments&post=59900"}],"version-history":[{"count":2,"href":"https:\/\/radiorevelacionfm.cl\/index.php?rest_route=\/wp\/v2\/posts\/59900\/revisions"}],"predecessor-version":[{"id":59908,"href":"https:\/\/radiorevelacionfm.cl\/index.php?rest_route=\/wp\/v2\/posts\/59900\/revisions\/59908"}],"wp:featuredmedia":[{"embeddable":true,"href":"https:\/\/radiorevelacionfm.cl\/index.php?rest_route=\/wp\/v2\/media\/59901"}],"wp:attachment":[{"href":"https:\/\/radiorevelacionfm.cl\/index.php?rest_route=%2Fwp%2Fv2%2Fmedia&parent=59900"}],"wp:term":[{"taxonomy":"category","embeddable":true,"href":"https:\/\/radiorevelacionfm.cl\/index.php?rest_route=%2Fwp%2Fv2%2Fcategories&post=59900"},{"taxonomy":"post_tag","embeddable":true,"href":"https:\/\/radiorevelacionfm.cl\/index.php?rest_route=%2Fwp%2Fv2%2Ftags&post=59900"}],"curies":[{"name":"wp","href":"https:\/\/api.w.org\/{rel}","templated":true}]}}