{"id":59897,"date":"2025-10-04T14:48:03","date_gmt":"2025-10-04T17:48:03","guid":{"rendered":"https:\/\/radiorevelacionfm.cl\/?p=59897"},"modified":"2025-10-04T14:48:03","modified_gmt":"2025-10-04T17:48:03","slug":"ruta-de-los-parques-de-la-patagonia-un-plan-global-con-impacto-local","status":"publish","type":"post","link":"https:\/\/radiorevelacionfm.cl\/?p=59897","title":{"rendered":"Ruta de los Parques de la Patagonia: un plan global con impacto local"},"content":{"rendered":"<div class=\"flex_column av_one_full  flex_column_div av-zero-column-padding first  avia-builder-el-0  el_before_av_one_full  avia-builder-el-first  \" style='border-radius:0px; '><div  class='avia-image-container  av-styling-    avia-builder-el-1  avia-builder-el-no-sibling  avia-align-center '  itemprop=\"image\" itemscope=\"itemscope\" itemtype=\"https:\/\/schema.org\/ImageObject\"  ><div class='avia-image-container-inner'><div class='avia-image-overlay-wrap'><img decoding=\"async\" class='wp-image-59898 avia-img-lazy-loading-not-59898 avia_image' src=\"https:\/\/radiorevelacionfm.cl\/wp-content\/uploads\/2025\/10\/carolina_cerda_rewildingchile-1-1.jpg\" alt='' title='carolina_cerda_rewildingchile (1) (1)' height=\"600\" width=\"908\"  itemprop=\"thumbnailUrl\" srcset=\"https:\/\/radiorevelacionfm.cl\/wp-content\/uploads\/2025\/10\/carolina_cerda_rewildingchile-1-1.jpg 908w, https:\/\/radiorevelacionfm.cl\/wp-content\/uploads\/2025\/10\/carolina_cerda_rewildingchile-1-1-300x198.jpg 300w, https:\/\/radiorevelacionfm.cl\/wp-content\/uploads\/2025\/10\/carolina_cerda_rewildingchile-1-1-768x507.jpg 768w, https:\/\/radiorevelacionfm.cl\/wp-content\/uploads\/2025\/10\/carolina_cerda_rewildingchile-1-1-705x466.jpg 705w, https:\/\/radiorevelacionfm.cl\/wp-content\/uploads\/2025\/10\/carolina_cerda_rewildingchile-1-1-450x297.jpg 450w, https:\/\/radiorevelacionfm.cl\/wp-content\/uploads\/2025\/10\/carolina_cerda_rewildingchile-1-1-600x396.jpg 600w\" sizes=\"(max-width: 908px) 100vw, 908px\" \/><\/div><\/div><\/div><\/div><div class=\"flex_column av_one_full  flex_column_div av-zero-column-padding first  avia-builder-el-2  el_after_av_one_full  el_before_av_one_full  column-top-margin\" style='border-radius:0px; '><section class=\"av_textblock_section \"  itemscope=\"itemscope\" itemtype=\"https:\/\/schema.org\/BlogPosting\" itemprop=\"blogPost\" ><div class='avia_textblock  '   itemprop=\"text\" ><p style=\"text-align: center;\"><strong><span style=\"font-size: 18pt;\">Ruta de los Parques de la Patagonia: un plan global con impacto local<\/span><\/strong><\/p>\n<div id=\"gtx-trans\" style=\"position: absolute; left: -50px; top: 4.31534px;\">\n<div class=\"gtx-trans-icon\"><\/div>\n<\/div>\n<\/div><\/section><\/div><div class=\"flex_column av_one_full  flex_column_div av-zero-column-padding first  avia-builder-el-4  el_after_av_one_full  el_before_av_hr  column-top-margin\" style='border-radius:0px; '><section class=\"av_textblock_section \"  itemscope=\"itemscope\" itemtype=\"https:\/\/schema.org\/BlogPosting\" itemprop=\"blogPost\" ><div class='avia_textblock  '   itemprop=\"text\" ><p style=\"text-align: justify;\"><em>Por Carolina Cerda, directora programa Ruta de los Parques de la Patagonia de Fundaci\u00f3n Rewilding Chile.<\/em><\/p>\n<p style=\"text-align: justify;\">La primera sesi\u00f3n del Consejo Directivo del Programa Transforma Meso Regional \u201cRuta de los Parques de la Patagonia\u201d, realizada en Santiago en agosto pasado, marc\u00f3 un hito: por primera vez se reunieron actores p\u00fablicos y privados de las tres regiones que conforman este destino \u00fanico.<\/p>\n<p style=\"text-align: justify;\">Este encuentro representa el inicio de una nueva etapa que consolida m\u00e1s de una d\u00e9cada de trabajo desde que Douglas Tompkins presentara en 2015 la idea de posicionar a la Patagonia como un destino de clase mundial en torno a la conservaci\u00f3n de la naturaleza.<\/p>\n<p style=\"text-align: justify;\">Lo que comenz\u00f3 como un sue\u00f1o hoy es una realidad compartida. La Ruta de los Parques de la Patagonia abarca 17 parques nacionales, m\u00e1s de 60 comunidades y 11,8 millones de hect\u00e1reas. Un territorio que no solo deslumbra por su belleza, sino que cumple un rol esencial para el planeta: almacena m\u00e1s de 6.600 millones de toneladas m\u00e9tricas de carbono, absorbiendo casi tres veces m\u00e1s carbono por hect\u00e1rea que los bosques amaz\u00f3nicos.<\/p>\n<p style=\"text-align: justify;\">El valor de la Ruta va m\u00e1s all\u00e1 de su aporte ambiental. Para las comunidades locales, significa oportunidades de desarrollo a trav\u00e9s del turismo de naturaleza, nuevos empleos y un modelo econ\u00f3mico sustentable que pone en el centro la colaboraci\u00f3n entre Estado, sector privado y habitantes.<\/p>\n<p style=\"text-align: justify;\">El Programa Estrat\u00e9gico Mesoregional de Corfo busca precisamente eso: transformar la Patagonia chilena en un referente global de turismo de naturaleza, con un modelo basado en la sostenibilidad, la participaci\u00f3n y la identidad local.<\/p>\n<p style=\"text-align: justify;\">El desaf\u00edo es grande y sus resultados depender\u00e1n de la voluntad de trabajar juntos. La invitaci\u00f3n es a sumar energ\u00edas desde cada lugar y rol que ocupamos, para que la Ruta de los Parques siga creciendo como motor de desarrollo local y ejemplo de c\u00f3mo la conservaci\u00f3n puede guiar el futuro.<\/p>\n<\/div><\/section><\/div><div  style='height:50px' class='hr hr-invisible   avia-builder-el-6  el_after_av_one_full  el_before_av_social_share '><span class='hr-inner ' ><span class='hr-inner-style'><\/span><\/span><\/div><\/p>\n<div  class='av-social-sharing-box  avia-builder-el-7  el_after_av_hr  el_before_av_hr  '><div class='av-share-box'><h5 class='av-share-link-description av-no-toc '>Compartir esta noticia<\/h5><ul class='av-share-box-list noLightbox'><li class='av-share-link av-social-link-facebook' ><a target=\"_blank\" aria-label=\"Compartir en Facebook\" href='https:\/\/www.facebook.com\/sharer.php?u=https:\/\/radiorevelacionfm.cl\/?p=59897&#038;t=Ruta%20de%20los%20Parques%20de%20la%20Patagonia%3A%20un%20plan%20global%20con%20impacto%20local' aria-hidden='false' data-av_icon='\ue8f3' data-av_iconfont='entypo-fontello' title='' data-avia-related-tooltip='Compartir en Facebook' rel=\"noopener\"><span class='avia_hidden_link_text'>Compartir en Facebook<\/span><\/a><\/li><li class='av-share-link av-social-link-twitter' ><a target=\"_blank\" aria-label=\"Compartir en Twitter\" href='https:\/\/twitter.com\/share?text=Ruta%20de%20los%20Parques%20de%20la%20Patagonia%3A%20un%20plan%20global%20con%20impacto%20local&#038;url=https:\/\/radiorevelacionfm.cl\/?p=59897' aria-hidden='false' data-av_icon='\ue8f1' data-av_iconfont='entypo-fontello' title='' data-avia-related-tooltip='Compartir en Twitter' rel=\"noopener\"><span class='avia_hidden_link_text'>Compartir en Twitter<\/span><\/a><\/li><li class='av-share-link av-social-link-whatsapp' ><a target=\"_blank\" aria-label=\"Compartir en Whatsapp\" href='https:\/\/api.whatsapp.com\/send?text=https:\/\/radiorevelacionfm.cl\/?p=59897' aria-hidden='false' data-av_icon='\uf232' data-av_iconfont='entypo-fontello' title='' data-avia-related-tooltip='Compartir en Whatsapp' rel=\"noopener\"><span class='avia_hidden_link_text'>Compartir en Whatsapp<\/span><\/a><\/li><li class='av-share-link av-social-link-linkedin' ><a target=\"_blank\" aria-label=\"Compartir en LinkedIn\" href='https:\/\/linkedin.com\/shareArticle?mini=true&#038;title=Ruta%20de%20los%20Parques%20de%20la%20Patagonia%3A%20un%20plan%20global%20con%20impacto%20local&#038;url=https:\/\/radiorevelacionfm.cl\/?p=59897' aria-hidden='false' data-av_icon='\ue8fc' data-av_iconfont='entypo-fontello' title='' data-avia-related-tooltip='Compartir en LinkedIn' rel=\"noopener\"><span class='avia_hidden_link_text'>Compartir en LinkedIn<\/span><\/a><\/li><li class='av-share-link av-social-link-mail' ><a  aria-label=\"Compartir por correo\" href='mailto:?subject=Ruta%20de%20los%20Parques%20de%20la%20Patagonia%3A%20un%20plan%20global%20con%20impacto%20local&#038;body=https:\/\/radiorevelacionfm.cl\/?p=59897' aria-hidden='false' data-av_icon='\ue805' data-av_iconfont='entypo-fontello' title='' data-avia-related-tooltip='Compartir por correo'><span class='avia_hidden_link_text'>Compartir por correo<\/span><\/a><\/li><\/ul><\/div><\/div>\n<div  style='height:50px' class='hr hr-invisible   avia-builder-el-8  el_after_av_social_share  el_before_av_comments_list '><span class='hr-inner ' ><span class='hr-inner-style'><\/span><\/span><\/div>\n<div  class='av-buildercomment  av-blog-meta-html-info-disabled av-blog-meta-tag-disabled  '><\/div>\n","protected":false},"excerpt":{"rendered":"","protected":false},"author":1,"featured_media":59898,"comment_status":"closed","ping_status":"closed","sticky":false,"template":"","format":"standard","meta":{"footnotes":""},"categories":[50],"tags":[],"class_list":["post-59897","post","type-post","status-publish","format-standard","has-post-thumbnail","hentry","category-cartas-y-opinion"],"jetpack_featured_media_url":"https:\/\/radiorevelacionfm.cl\/wp-content\/uploads\/2025\/10\/carolina_cerda_rewildingchile-1-1.jpg","_links":{"self":[{"href":"https:\/\/radiorevelacionfm.cl\/index.php?rest_route=\/wp\/v2\/posts\/59897","targetHints":{"allow":["GET"]}}],"collection":[{"href":"https:\/\/radiorevelacionfm.cl\/index.php?rest_route=\/wp\/v2\/posts"}],"about":[{"href":"https:\/\/radiorevelacionfm.cl\/index.php?rest_route=\/wp\/v2\/types\/post"}],"author":[{"embeddable":true,"href":"https:\/\/radiorevelacionfm.cl\/index.php?rest_route=\/wp\/v2\/users\/1"}],"replies":[{"embeddable":true,"href":"https:\/\/radiorevelacionfm.cl\/index.php?rest_route=%2Fwp%2Fv2%2Fcomments&post=59897"}],"version-history":[{"count":2,"href":"https:\/\/radiorevelacionfm.cl\/index.php?rest_route=\/wp\/v2\/posts\/59897\/revisions"}],"predecessor-version":[{"id":59910,"href":"https:\/\/radiorevelacionfm.cl\/index.php?rest_route=\/wp\/v2\/posts\/59897\/revisions\/59910"}],"wp:featuredmedia":[{"embeddable":true,"href":"https:\/\/radiorevelacionfm.cl\/index.php?rest_route=\/wp\/v2\/media\/59898"}],"wp:attachment":[{"href":"https:\/\/radiorevelacionfm.cl\/index.php?rest_route=%2Fwp%2Fv2%2Fmedia&parent=59897"}],"wp:term":[{"taxonomy":"category","embeddable":true,"href":"https:\/\/radiorevelacionfm.cl\/index.php?rest_route=%2Fwp%2Fv2%2Fcategories&post=59897"},{"taxonomy":"post_tag","embeddable":true,"href":"https:\/\/radiorevelacionfm.cl\/index.php?rest_route=%2Fwp%2Fv2%2Ftags&post=59897"}],"curies":[{"name":"wp","href":"https:\/\/api.w.org\/{rel}","templated":true}]}}