{"id":59894,"date":"2025-10-03T22:29:06","date_gmt":"2025-10-04T01:29:06","guid":{"rendered":"https:\/\/radiorevelacionfm.cl\/?p=59894"},"modified":"2025-10-03T22:29:06","modified_gmt":"2025-10-04T01:29:06","slug":"conoce-en-detalle-las-alteraciones-de-conectividad-a-nivel-regional-durante-el-evento-meteorologico","status":"publish","type":"post","link":"https:\/\/radiorevelacionfm.cl\/?p=59894","title":{"rendered":"Conoce en detalle las alteraciones de conectividad a nivel regional durante el evento meteorol\u00f3gico"},"content":{"rendered":"<div class=\"flex_column av_one_full  flex_column_div av-zero-column-padding first  avia-builder-el-0  el_before_av_one_full  avia-builder-el-first  \" style='border-radius:0px; '><div  class='avia-image-container  av-styling-    avia-builder-el-1  avia-builder-el-no-sibling  avia-align-center '  itemprop=\"image\" itemscope=\"itemscope\" itemtype=\"https:\/\/schema.org\/ImageObject\"  ><div class='avia-image-container-inner'><div class='avia-image-overlay-wrap'><img decoding=\"async\" class='wp-image-59893 avia-img-lazy-loading-not-59893 avia_image' src=\"https:\/\/radiorevelacionfm.cl\/wp-content\/uploads\/2025\/10\/558343839_1130733089189782_5535373811751351964_n-1_optimized.jpg\" alt='' title='558343839_1130733089189782_5535373811751351964_n-(1)_optimized' height=\"600\" width=\"845\"  itemprop=\"thumbnailUrl\" srcset=\"https:\/\/radiorevelacionfm.cl\/wp-content\/uploads\/2025\/10\/558343839_1130733089189782_5535373811751351964_n-1_optimized.jpg 845w, https:\/\/radiorevelacionfm.cl\/wp-content\/uploads\/2025\/10\/558343839_1130733089189782_5535373811751351964_n-1_optimized-300x213.jpg 300w, https:\/\/radiorevelacionfm.cl\/wp-content\/uploads\/2025\/10\/558343839_1130733089189782_5535373811751351964_n-1_optimized-768x545.jpg 768w, https:\/\/radiorevelacionfm.cl\/wp-content\/uploads\/2025\/10\/558343839_1130733089189782_5535373811751351964_n-1_optimized-260x185.jpg 260w, https:\/\/radiorevelacionfm.cl\/wp-content\/uploads\/2025\/10\/558343839_1130733089189782_5535373811751351964_n-1_optimized-705x501.jpg 705w, https:\/\/radiorevelacionfm.cl\/wp-content\/uploads\/2025\/10\/558343839_1130733089189782_5535373811751351964_n-1_optimized-450x320.jpg 450w, https:\/\/radiorevelacionfm.cl\/wp-content\/uploads\/2025\/10\/558343839_1130733089189782_5535373811751351964_n-1_optimized-600x426.jpg 600w\" sizes=\"(max-width: 845px) 100vw, 845px\" \/><\/div><\/div><\/div><\/div><div class=\"flex_column av_one_full  flex_column_div av-zero-column-padding first  avia-builder-el-2  el_after_av_one_full  el_before_av_one_full  column-top-margin\" style='border-radius:0px; '><section class=\"av_textblock_section \"  itemscope=\"itemscope\" itemtype=\"https:\/\/schema.org\/BlogPosting\" itemprop=\"blogPost\" ><div class='avia_textblock  '   itemprop=\"text\" ><p style=\"text-align: center;\"><strong><span style=\"font-size: 18pt;\">Conoce en detalle las alteraciones de conectividad a nivel regional durante el evento meteorol\u00f3gico<\/span><\/strong><\/p>\n<div id=\"gtx-trans\" style=\"position: absolute; left: -50px; top: 4.31534px;\">\n<div class=\"gtx-trans-icon\"><\/div>\n<\/div>\n<\/div><\/section><\/div><div class=\"flex_column av_one_full  flex_column_div av-zero-column-padding first  avia-builder-el-4  el_after_av_one_full  el_before_av_hr  column-top-margin\" style='border-radius:0px; '><section class=\"av_textblock_section \"  itemscope=\"itemscope\" itemtype=\"https:\/\/schema.org\/BlogPosting\" itemprop=\"blogPost\" ><div class='avia_textblock  '   itemprop=\"text\" ><p style=\"text-align: justify;\">De acuerdo con el monitoreo regional realizado con enlaces provinciales y comunales, personal de Carabineros y antecedentes proporcionados el Ministerio de Obras P\u00fablicas (MOP), respecto al evento meteorol\u00f3gico que se desarrolla en la regi\u00f3n de Ays\u00e9n desde el d\u00eda\u00a0 27\u00a0 de\u00a0 septiembre\u00a0 de\u00a0 2025,\u00a0 se\u00a0 indican\u00a0 las\u00a0 novedades\u00a0 detalladas\u00a0 a\u00a0 continuaci\u00f3n:<\/p>\n<table>\n<tbody>\n<tr>\n<td colspan=\"10\" width=\"604\"><strong>Afectaci\u00f3n por Evento Meteorol\u00f3gico<\/strong><\/td>\n<\/tr>\n<tr>\n<td rowspan=\"2\" width=\"60\"><strong>Comunas<\/strong><\/td>\n<td colspan=\"5\" width=\"323\"><strong>Afectaci\u00f3n a personas<\/strong><\/td>\n<td width=\"53\"><\/td>\n<td colspan=\"3\" width=\"167\"><strong>Afectaci\u00f3n a viviendas<\/strong><\/td>\n<\/tr>\n<tr>\n<td width=\"56\"><strong>Afectados<\/strong><\/td>\n<td width=\"58\"><strong>Evacuados<\/strong><\/td>\n<td width=\"49\"><strong>Aislados<\/strong><\/td>\n<td width=\"75\"><strong>Desaparecidos<\/strong><\/td>\n<td width=\"85\"><strong>Damnificados<\/strong><\/td>\n<td width=\"53\"><strong>Albergues<\/strong><\/td>\n<td width=\"54\"><strong>Da\u00f1o<\/strong> <strong>menor<\/strong><\/p>\n<p><strong>habitable<\/strong><\/td>\n<td width=\"54\"><strong>Da\u00f1o<\/strong> <strong>mayor no<\/strong><\/p>\n<p><strong>habitable<\/strong><\/td>\n<td width=\"59\"><strong>Destruidas<\/strong><\/td>\n<\/tr>\n<tr>\n<td width=\"60\">Coyhaique<\/td>\n<td width=\"56\">18<\/td>\n<td width=\"58\"><\/td>\n<td width=\"49\">1<\/td>\n<td width=\"75\"><\/td>\n<td width=\"85\"><\/td>\n<td width=\"53\"><\/td>\n<td width=\"54\">1<\/td>\n<td width=\"54\"><\/td>\n<td width=\"59\"><\/td>\n<\/tr>\n<tr>\n<td width=\"60\">R\u00edo Ib\u00e1\u00f1ez<\/td>\n<td width=\"56\">142<\/td>\n<td width=\"58\"><\/td>\n<td width=\"49\"><\/td>\n<td width=\"75\"><\/td>\n<td width=\"85\"><\/td>\n<td width=\"53\"><\/td>\n<td width=\"54\">9<\/td>\n<td width=\"54\"><\/td>\n<td width=\"59\"><\/td>\n<\/tr>\n<tr>\n<td width=\"60\">ChileChico<\/td>\n<td width=\"56\">130<\/td>\n<td width=\"58\"><\/td>\n<td width=\"49\">48<\/td>\n<td width=\"75\"><\/td>\n<td width=\"85\"><\/td>\n<td width=\"53\"><\/td>\n<td width=\"54\">107<\/td>\n<td width=\"54\">4<\/td>\n<td width=\"59\"><\/td>\n<\/tr>\n<tr>\n<td width=\"60\">Cochrane<\/td>\n<td width=\"56\">120<\/td>\n<td width=\"58\"><\/td>\n<td width=\"49\"><\/td>\n<td width=\"75\"><\/td>\n<td width=\"85\">50<\/td>\n<td width=\"53\"><\/td>\n<td width=\"54\">40<\/td>\n<td width=\"54\">60<\/td>\n<td width=\"59\"><\/td>\n<\/tr>\n<tr>\n<td width=\"60\">Tortel<\/td>\n<td width=\"56\"><\/td>\n<td width=\"58\"><\/td>\n<td width=\"49\">96<\/td>\n<td width=\"75\"><\/td>\n<td width=\"85\"><\/td>\n<td width=\"53\"><\/td>\n<td width=\"54\"><\/td>\n<td width=\"54\"><\/td>\n<td width=\"59\"><\/td>\n<\/tr>\n<tr>\n<td width=\"60\"><strong>Total<\/strong><\/td>\n<td width=\"56\"><strong>410<\/strong><\/td>\n<td width=\"58\"><\/td>\n<td width=\"49\"><strong>145<\/strong><\/td>\n<td width=\"75\"><\/td>\n<td width=\"85\"><strong>50<\/strong><\/td>\n<td width=\"53\"><\/td>\n<td width=\"54\"><strong>157<\/strong><\/td>\n<td width=\"54\"><strong>64<\/strong><\/td>\n<td width=\"59\"><\/td>\n<\/tr>\n<\/tbody>\n<\/table>\n<h2><span style=\"font-size: 14pt;\">Coyhaique<\/span><\/h2>\n<p style=\"text-align: justify;\">18 afectados por voladura de techumbre, anegamiento.<\/p>\n<p style=\"text-align: justify;\">01 persona aislada por crecida de rio y aumento de caudal en sector Lago Misterioso Sector norte de la comuna solicita alimento para ganado ovino, bovino y granos.<\/p>\n<p style=\"text-align: justify;\">Cuadrillas de emergencia municipales trabajaron en el despeje de alcantarillas para evitar colapso<\/p>\n<h2 style=\"text-align: justify;\"><span style=\"font-size: 14pt;\">R\u00edo Ib\u00e1\u00f1ez<\/span><\/h2>\n<p style=\"text-align: justify;\">Los 22 afectados, 19 de ellos corresponde a afectaci\u00f3n por desprendimiento de techumbre por viento y 3 de ellos corresponden a afectaci\u00f3n por inundaci\u00f3n, Adicionalmente, 30 familias (120 personas) se encuentran afectadas por desborde del Rio Tranquilo en km01, km03, km 04 y km09 por desborde de alcantarilla<\/p>\n<h2 style=\"text-align: justify;\"><span style=\"font-size: 14pt;\">Chile Chico<\/span><\/h2>\n<p style=\"text-align: justify;\">R\u00edo Leones: se mantiene la situaci\u00f3n, vecinos informan que el forraje destinado para sus animales durar\u00e1 uno o dos d\u00edas m\u00e1s, existiendo aproximadamente 200 cabezas de ovinos entre 5 familias ganaderas.<\/p>\n<p style=\"text-align: justify;\">Laguna La Manga: 31 personas afectadas, 15 hombres, 11 mujeres, 5 ni\u00f1os (4 hombres y 1 mujer).<\/p>\n<p style=\"text-align: justify;\">8 viviendas aisladas.<\/p>\n<p style=\"text-align: justify;\">El Furioso: 7 viviendas con peligro de quedar aisladas por corte de ruta.<\/p>\n<p style=\"text-align: justify;\">El Viviano: 10 personas aisladas, un total de 5 viviendas. No hay datos de si son hombres o mujeres.<\/p>\n<p style=\"text-align: justify;\">Puerto Guadal: 50 personas afectadas, 28 hombres, 22 mujeres, se consideran 12 ni\u00f1os\/as. 2 viviendas con p\u00e9rdida material por anegamiento, 34 viviendas con patios inundados y peligro de anegamiento dentro de los hogares.<\/p>\n<p style=\"text-align: justify;\">Arroyo Fiscal Mall\u00edn Grande: crecida del arroyo amenaza a 1 vivienda, 4 pobladores sin distinci\u00f3n de g\u00e9nero<\/p>\n<p style=\"text-align: justify;\">Puerto Bertrand: 2 viviendas con p\u00e9rdida material por inundaci\u00f3n, 5 personas, 3 mujeres y 2 hombres.<\/p>\n<p style=\"text-align: justify;\">Las Horquetas: 7 mujeres, 6 hombres, 5 ni\u00f1os (3 ni\u00f1as y 2 ni\u00f1os), un total de 18 afectados, 8 viviendas aisladas.<\/p>\n<p style=\"text-align: justify;\">El Ceballo: 5 viviendas en peligro de aislamiento por acumulaci\u00f3n de nieve, se mantiene monitoreo.<\/p>\n<p style=\"text-align: justify;\">Chile-Chico: 67 viviendas, 21 personas y 01 establecimiento educacional afectados por inundaci\u00f3n<\/p>\n<h2 style=\"text-align: justify;\"><span style=\"font-size: 14pt;\">Cochrane<\/span><\/h2>\n<p>En sector rural de la comuna viviendas anegadas con agua al interior de las viviendas y galpones, principalmente por desbordes de r\u00edos y arroyos, imposible acceder a sus viviendas. Personas aisladas en sectores San Lorenzo, Los \u00d1adis, Colonia Norte, lago Vargas, Rio Salto, Mait\u00e9n, Rio Neff, Lago Cochrane.<\/p>\n<p>Gran cantidad de poblaci\u00f3n anegada por aumento de caudal por el rio Cochrane, toda la poblaci\u00f3n de rivera del rio Cochrane, \u00e1rea urbana y chacras en general.<\/p>\n<h2><span style=\"font-size: 14pt;\">Tortel<\/span><\/h2>\n<p>Sector Rio Bravo 17 aislados, sector Rio Baker 21 aislados, sector Cruce Yungay 05 aislados, sector Lago Vargas 29 aislados, Sector Steffens 04 aislados y sector Aer\u00f3dromo 20 aislados<\/p>\n<h2><span style=\"font-size: 14pt;\">Villa O\u2019higgins<\/span><\/h2>\n<p>Se interrumpi\u00f3 el sistema agua potable hasta que bajen los niveles de la planta tratamiento, encontr\u00e1ndose operativo desde las 14:30 horas<\/p>\n<p>Fuente: SINAPRED, hora de corte 03.10.2025 18:40 hrs<\/p>\n<p><strong>ESTADO DE SERVICIOS B\u00c1SICOS:<\/strong><\/p>\n<p><strong>INFORME T\u00c9CNICO CORTE AGUA POTABLE<\/strong><\/p>\n<p><strong>COCHRANE<\/strong><\/p>\n<p style=\"text-align: justify;\">Situaci\u00f3n Actual: <strong>Corte agua potable para la localidad de Cochrane<\/strong><\/p>\n<p style=\"text-align: justify;\"><strong>\u00a0<\/strong>Debido al mejoramiento paulatino y el descenso de los niveles de turbiedad en los R\u00edos Tamango y Cochrane que abastecen a la planta que produce agua potable de la localidad, se ha ido reponiendo progresivamente el servicio.<\/p>\n<p style=\"text-align: justify;\">Adem\u00e1s, se mantendr\u00e1 el monitoreo permanente de las fuentes alimentadoras de las redes y de la calidad del agua potable que se est\u00e1 abasteciendo a la poblaci\u00f3n.<\/p>\n<p style=\"text-align: justify;\">Fuente: Aguas Patagonia, 12:50 horas<\/p>\n<p style=\"text-align: justify;\"><strong><span style=\"font-size: 12pt;\">EMERGENCIA COMUNAL:<\/span><\/strong><\/p>\n<p>01-10-2025 Municipalidad de Cochrane declara Emergencia Comunal 02-10-2025 Municipalidad de R\u00edo Ib\u00e1\u00f1ez declara Emergencia Comunal 02-10-2025 Municipalidad de Chile Chico declara Emergencia Comunal<\/p>\n<p>16:30 horas Delegado Presidencial Regional en conjunto con Director Regional de SENAPRED personal de Vialidad, DOH, SERNAGEOMIN y Carabineros realizan sobrevuelo hacia la localidad de Cochrane con el fin de levantar informaci\u00f3n de la afectaci\u00f3n de los diferentes sectores.<\/p>\n<p>Se mantiene el monitoreo constante de los diversos sectores para apoyar el trabajo de los equipos de emergencia y resguardar la seguridad de las personas.<\/p>\n<p><strong><span style=\"font-size: 12pt;\">ALERTAS VIGENTES:<\/span><\/strong><\/p>\n<p><strong>02 de octubre de 2025 Declara ALERTA ROJA POR EVENTO METEOROL\u00d3GICO, <\/strong>para las Provincias de General Carrera y Capit\u00e1n Prat.<\/p>\n<h1><span style=\"font-size: 12pt;\">ALERTA AMARILLA POR AMENAZA DE CRECIDA \u2013 PROVINCIA CAPIT\u00c1N PRAT.<\/span><\/h1>\n<p>Vigente desde el 02 de octubre de 2025.<\/p>\n<h2><span style=\"font-size: 12pt;\">02 octubre de 2025 Actualiza COBERTURA ALERTA VERDE TEMPRANA PREVENTIVA POR EVENTO<\/span><\/h2>\n<p><strong>METEOROL\u00d3GICO \u2013 <\/strong>Para las Provincias de Coyhaique y Ays\u00e9n. Vigente desde el 27 de septiembre de 2025.<\/p>\n<p><strong><span style=\"font-size: 12pt;\">ALTERACIONES DE CONECTIVIDAD:<\/span><\/strong><\/p>\n<p>Detalle de las alteraciones de conectividad a nivel regional durante el evento meteorol\u00f3gico.<\/p>\n<p><strong><em><u>Ruta 7<\/u><\/em><\/strong><\/p>\n<table>\n<tbody>\n<tr>\n<td width=\"87\">Camino Cortado<\/td>\n<td width=\"110\">Sector Puente Traiguanca Km 775 Ruta 7<\/td>\n<td width=\"229\">se activa antiguo rodado provocando deslizamiento material sobre plataforma de camino<\/td>\n<td width=\"207\">tr\u00e1nsito interrumpido entre Castillo y Murta<\/td>\n<\/tr>\n<tr>\n<td rowspan=\"3\" width=\"87\"><strong><em>\u00a0<\/em><\/strong><\/p>\n<p><strong><em>\u00a0<\/em><\/strong><\/p>\n<p><strong><em>\u00a0<\/em><\/strong><\/p>\n<p>Camino Cortado<\/td>\n<td width=\"110\">Sector antes Puente Baucha<\/p>\n<p>km 1006 Ruta 7<\/td>\n<td width=\"229\">Socavaci\u00f3n de plataforma<\/td>\n<td rowspan=\"3\" width=\"207\"><strong><em>\u00a0<\/em><\/strong><\/p>\n<p><strong><em>\u00a0<\/em><\/strong><\/p>\n<p>Tr\u00e1nsito interrumpido, se pierde conectividad con Tortel y Villa O\u00b4Higgins<\/td>\n<\/tr>\n<tr>\n<td width=\"110\">Sector despu\u00e9s Puente Baucha<\/p>\n<p>km 1006 Ruta 7<\/td>\n<td width=\"229\"><strong><em>\u00a0<\/em><\/strong><\/p>\n<p>Socavaci\u00f3n de plataforma<\/td>\n<\/tr>\n<tr>\n<td width=\"110\">Sector Puente Vagabundo 2<\/td>\n<td width=\"229\">Plataforma inundada &#8211; \u00e1rboles ca\u00eddos<\/td>\n<\/tr>\n<tr>\n<td width=\"87\">En Observaci\u00f3n<\/td>\n<td width=\"110\">Sector Recta Los Leones<\/p>\n<p>Ruta 7<\/td>\n<td width=\"229\">Plataforma inundada<\/td>\n<td width=\"207\">se inspecciona<\/td>\n<\/tr>\n<tr>\n<td width=\"87\">Inundaci\u00f3n de plataforma<\/td>\n<td width=\"110\">El volc\u00e1n Km 1030 Ruta 7<\/p>\n<p>Sur Yungay<\/p>\n<p>Tortel<\/td>\n<td width=\"229\"><strong><em>\u00a0<\/em><\/strong><\/p>\n<p>Inundaci\u00f3n plataforma<\/td>\n<td width=\"207\"><strong><em>\u00a0<\/em><\/strong><\/p>\n<p>Corte Total<\/td>\n<\/tr>\n<\/tbody>\n<\/table>\n<p><strong><em><u>Ruta Exploradores<\/u><\/em><\/strong><\/p>\n<p><strong><em>\u00a0<\/em><\/strong><\/p>\n<table>\n<tbody>\n<tr>\n<td width=\"87\">Camino Cortado<\/td>\n<td width=\"110\">en toda su extensi\u00f3n<\/p>\n<p>Ruta X728<\/td>\n<td width=\"230\">anegamiento y erosiones de plataforma varios puntos<\/td>\n<td width=\"207\">tr\u00e1nsito interrumpido<\/td>\n<\/tr>\n<\/tbody>\n<\/table>\n<p><strong><em><u>Ruta Puerto S\u00e1nchez<\/u><\/em><\/strong><\/p>\n<p><strong><em>\u00a0<\/em><\/strong><\/p>\n<table>\n<tbody>\n<tr>\n<td width=\"87\">Camino<\/p>\n<p>Cortado<\/td>\n<td width=\"110\">Sector Puente<\/p>\n<p>Mecano<\/td>\n<td width=\"230\">anegamiento acceso Puente<\/td>\n<td width=\"207\">tr\u00e1nsito interrumpido<\/td>\n<\/tr>\n<\/tbody>\n<\/table>\n<p><strong><em><u>Caminos Provincial Prat<\/u><\/em><\/strong><\/p>\n<table>\n<tbody>\n<tr>\n<td rowspan=\"3\" width=\"87\"><strong><em>\u00a0<\/em><\/strong><\/p>\n<p><strong><em>\u00a0<\/em><\/strong><\/p>\n<p>Camino Cortado<\/td>\n<td width=\"110\"><strong><em>\u00a0<\/em><\/strong><\/p>\n<p>Colonia Norte<\/td>\n<td rowspan=\"3\" width=\"230\"><strong><em>\u00a0<\/em><\/strong><\/p>\n<p><strong><em>\u00a0<\/em><\/strong><\/p>\n<p>Rodados &#8211; P\u00e9rdida de plataforma &#8211; anegamiento<\/td>\n<td rowspan=\"3\" width=\"207\">imposibilidad de acceder a los sectores producto de aumento caudal R\u00edo Baker por un lado y Rodado acceso Puente Mecano El Manzano por el otro<\/td>\n<\/tr>\n<tr>\n<td width=\"110\">Colonia Sur<\/td>\n<\/tr>\n<tr>\n<td width=\"110\">El Manzano<\/p>\n<p>Ruta X890<\/td>\n<\/tr>\n<tr>\n<td width=\"87\">Camino Cortado<\/td>\n<td width=\"110\">San Lorenzo Km24<\/td>\n<td width=\"230\">P\u00e9rdida de plataforma y anegamiento varios sectores<\/td>\n<td width=\"207\">tr\u00e1nsito interrumpido<\/td>\n<\/tr>\n<tr>\n<td width=\"87\">Camino Cortado<\/td>\n<td width=\"110\">Cochrane &#8211; Lago Cochrane<\/p>\n<p>X899<\/td>\n<td width=\"230\"><strong><em>\u00a0<\/em><\/strong><\/p>\n<p><strong><em>\u00a0<\/em><\/strong><\/p>\n<p>Erosi\u00f3n en Plataforma kms 17 y 33<\/td>\n<td width=\"207\"><strong><em>\u00a0<\/em><\/strong><\/p>\n<p><strong><em>\u00a0<\/em><\/strong><\/p>\n<p>Corte Total<\/td>\n<\/tr>\n<tr>\n<td width=\"87\">Camino<\/p>\n<p>Cortado<\/td>\n<td width=\"110\">Pampa<\/p>\n<p>Calluqueo<\/td>\n<td width=\"230\"><strong><em>\u00a0<\/em><\/strong><\/p>\n<p>Erosi\u00f3n y desborde arroyo<\/td>\n<td width=\"207\"><\/td>\n<\/tr>\n<tr>\n<td width=\"87\">Camino Cortado<\/td>\n<td width=\"110\">Sector El Hunco<\/p>\n<p>\u2013 Lago Brown<\/p>\n<p>Ruta X901<\/td>\n<td width=\"230\"><strong><em>\u00a0<\/em><\/strong><\/p>\n<p><strong><em>\u00a0<\/em><\/strong><\/p>\n<p>Colapso de plataforma<\/td>\n<td width=\"207\"><strong><em>\u00a0<\/em><\/strong><\/p>\n<p><strong><em>\u00a0<\/em><\/strong><\/p>\n<p>Corte total<\/td>\n<\/tr>\n<\/tbody>\n<\/table>\n<p><strong><em>\u00a0<\/em><\/strong><\/p>\n<table>\n<tbody>\n<tr>\n<td width=\"87\">Camino<\/p>\n<p>Cortado<\/td>\n<td width=\"110\">Reserva<\/p>\n<p>Tamango<\/td>\n<td width=\"230\">Erosi\u00f3n de Plataforma<\/td>\n<td width=\"207\">pasado Guarda Ganado km2<\/td>\n<\/tr>\n<tr>\n<td width=\"87\">Camino Cortado<\/td>\n<td width=\"110\">Puente Barrancoso &#8211; El<\/p>\n<p>salt\u00f3n<\/td>\n<td width=\"230\"><strong><em>\u00a0<\/em><\/strong><\/p>\n<p>Erosi\u00f3n y desborde arroyo km5<\/td>\n<td width=\"207\"><\/td>\n<\/tr>\n<tr>\n<td width=\"87\">Camino<\/p>\n<p>Cortado<\/td>\n<td width=\"110\">Cord\u00f3n<\/p>\n<p>Esmeralda<\/td>\n<td width=\"230\"><strong><em>\u00a0<\/em><\/strong><\/p>\n<p>Inundaci\u00f3n de plataforma<\/td>\n<td width=\"207\"><\/td>\n<\/tr>\n<\/tbody>\n<\/table>\n<p><strong><em><u>Caminos General Carrera<\/u><\/em><\/strong><\/p>\n<table>\n<tbody>\n<tr>\n<td width=\"85\">Ca\u00edda de rocas<\/td>\n<td width=\"113\">Paso Las Llaves km 30 Ruta<\/p>\n<p>CH265<\/td>\n<td width=\"227\">Rodado de rocas sobre plataforma y presencia de nieve<\/td>\n<td width=\"208\">Habilitado una v\u00eda, con precauci\u00f3n<\/td>\n<\/tr>\n<tr>\n<td width=\"85\">Ca\u00edda de<\/p>\n<p>\u00c1rbol<\/td>\n<td width=\"113\">Mall\u00edn Grande<\/p>\n<p>Ruta CH265<\/td>\n<td width=\"227\">ca\u00edda de \u00e1rbol<\/td>\n<td width=\"208\"><\/td>\n<\/tr>\n<tr>\n<td width=\"85\">Socavaci\u00f3n alcantarilla<\/td>\n<td width=\"113\">Ruta 7, El Cofre San Sebasti\u00e1n<\/p>\n<p>km742<\/td>\n<td width=\"227\">socavaci\u00f3n en alcantarilla<\/td>\n<td width=\"208\">Corte total de ruta<\/td>\n<\/tr>\n<\/tbody>\n<\/table>\n<p><strong><em><u>Caminos Coyhaique<\/u><\/em><\/strong><\/p>\n<table>\n<tbody>\n<tr>\n<td width=\"120\">Ca\u00edda \u00e1rbol Socavaci\u00f3n<\/p>\n<p>alcantarilla<\/td>\n<td width=\"83\">Lago Caro Km32 y 55<\/p>\n<p>Ruta X684<\/td>\n<td width=\"227\">Perdida carpeta por socavaci\u00f3n alcantarilla.<\/p>\n<p>Ca\u00edda \u00e1rbol<\/td>\n<td width=\"208\">Corte total de ruta<\/td>\n<\/tr>\n<\/tbody>\n<\/table>\n<ul>\n<li>Balsa Baker suspende operaci\u00f3n por aumento de caudal de r\u00edo<\/li>\n<li>Fiordo Mitchell operando con Barcaza Padre Ronchi, Barcaza Pitipulla restringida hasta nueva evaluaci\u00f3n.<\/li>\n<\/ul>\n<h2><span style=\"font-size: 12pt;\">Corte nocturno preventivo de las siguientes rutas:<\/span><\/h2>\n<p>Ruta 7: El Pangue \u2013 Puente La Uni\u00f3n Ruta 265-CH: Paso Las Llaves<\/p>\n<p>Ruta X-91: Rio Bravo a Villa O\u2019Higgins<\/p>\n<p>Fuente: MOP Ays\u00e9n-Direcci\u00f3n Regional de Vialidad<\/p>\n<p><strong><span style=\"font-size: 12pt;\">ESTADO DE PUERTOS DE LA REGION:<\/span><\/strong><\/p>\n<table>\n<tbody>\n<tr>\n<td rowspan=\"2\" width=\"300\"><strong>\u00a0<\/strong><\/p>\n<p><strong>Puerto<\/strong><\/td>\n<td width=\"299\"><strong>Condici\u00f3n de Puerto<\/strong><\/td>\n<\/tr>\n<tr>\n<td width=\"299\"><strong>03 octubre<\/strong><\/td>\n<\/tr>\n<tr>\n<td width=\"300\"><strong>Melinka<\/strong><\/td>\n<td width=\"299\">Puerto Variable<\/td>\n<\/tr>\n<tr>\n<td width=\"300\"><strong>Puerto Cisnes<\/strong><\/td>\n<td width=\"299\">Tiempo Variable<\/td>\n<\/tr>\n<tr>\n<td width=\"300\"><strong>Puerto Aguirre<\/strong><\/td>\n<td width=\"299\">SIN RESTRICIONES-NORMAL<\/td>\n<\/tr>\n<tr>\n<td width=\"300\"><strong>Chacabuco<\/strong><\/td>\n<td width=\"299\">SIN RESTRICIONES-NORMAL<\/td>\n<\/tr>\n<tr>\n<td width=\"300\"><strong>General Carrera<\/strong><\/td>\n<td width=\"299\">SIN RESTRICIONES-NORMAL<\/td>\n<\/tr>\n<tr>\n<td width=\"300\"><strong>Lago O\u2019higgins<\/strong><\/td>\n<td width=\"299\">SIN RESTRICIONES-NORMAL<\/td>\n<\/tr>\n<tr>\n<td width=\"300\"><strong>Baker<\/strong><\/td>\n<td width=\"299\">SUSPENDIDO<\/td>\n<\/tr>\n<\/tbody>\n<\/table>\n<p>Fuente: Armada de Chile, DIRECTEMAR.<\/p>\n<p><strong><span style=\"font-size: 12pt;\">OTROS:<\/span><\/strong><\/p>\n<p><span style=\"font-size: 12pt;\">Medidas del sector salud en la Regi\u00f3n de Ays\u00e9n ante la emergencia clim\u00e1tica por precipitaciones<\/span><\/p>\n<ul style=\"text-align: justify;\">\n<li>Se realiz\u00f3 COGRID sectorial en el que se realizaron coordinaciones, se activ\u00f3 el plan de evacuaci\u00f3n del SAMU.<\/li>\n<li>Se verificaron las condiciones de funcionamiento de toda la Red Asistencial del territorio jurisdiccional de la Regi\u00f3n de Ays\u00e9n y especialmente donde existe la emergencia<\/li>\n<li>La SEREMI de Salud Ays\u00e9n tiene funcionarios en Cochrane, que est\u00e1n disponibles para la inspecci\u00f3n de albergues en caso de Adem\u00e1s, est\u00e1n encargados de controlar el reparto de agua en la localidad de Cochrane.<\/li>\n<li>Se solicitar\u00e1 los planes de contingencia de las plantas de tratamiento a la concesionaria a trav\u00e9s de la SISS.<\/li>\n<\/ul>\n<h2><span style=\"font-size: 12pt;\">Informaci\u00f3n otorgada por Direcci\u00f3n General de Aguas a las 14:00 horas.<\/span><\/h2>\n<p style=\"text-align: justify;\"><strong>Resumen:<\/strong><\/p>\n<ul style=\"text-align: justify;\">\n<li>La condici\u00f3n actual en los puntos de control en estaciones fluviom\u00e9tricas indica lo siguiente:<\/li>\n<\/ul>\n<p style=\"text-align: justify;\"><strong>Umbral rojo<\/strong>: R\u00edo Baker Bajo \u00d1adis<\/p>\n<p style=\"text-align: justify;\"><strong>Umbral Azul<\/strong>: R\u00edo Ays\u00e9n en Puerto Ays\u00e9n, R\u00edo Blanco ante junta r\u00edo Ays\u00e9n, R\u00edo Ib\u00e1\u00f1ez en desembocadura, R\u00edo Murta en desembocadura, R\u00edo Baker en angostura Chacabuco, Rio Baker Colonia, Rio Mayer en desembocadura<\/p>\n<ul>\n<li style=\"text-align: justify;\">La mayor cantidad de precipitaciones registradas se concentran en el sector sur de la regi\u00f3n entre las localidades de Puerto Tranquilo al sur, siendo en el sector de R\u00edo Exploradores los montos observados m\u00e1s altos alcanzando los 204.5 mm en 48 horas.<\/li>\n<li style=\"text-align: justify;\">Se mantendr\u00e1 un constante monitoreo, se recomienda tomar todas las medidas pertinentes al resguardo de la poblaci\u00f3n e infraestructura p\u00fablica.<\/li>\n<\/ul>\n<\/div><\/section><\/div><div  style='height:50px' class='hr hr-invisible   avia-builder-el-6  el_after_av_one_full  el_before_av_social_share '><span class='hr-inner ' ><span class='hr-inner-style'><\/span><\/span><\/div><\/p>\n<div  class='av-social-sharing-box  avia-builder-el-7  el_after_av_hr  el_before_av_hr  '><div class='av-share-box'><h5 class='av-share-link-description av-no-toc '>Compartir esta noticia<\/h5><ul class='av-share-box-list noLightbox'><li class='av-share-link av-social-link-facebook' ><a target=\"_blank\" aria-label=\"Compartir en Facebook\" href='https:\/\/www.facebook.com\/sharer.php?u=https:\/\/radiorevelacionfm.cl\/?p=59894&#038;t=Conoce%20en%20detalle%20las%20alteraciones%20de%20conectividad%20a%20nivel%20regional%20durante%20el%20evento%20meteorol%C3%B3gico' aria-hidden='false' data-av_icon='\ue8f3' data-av_iconfont='entypo-fontello' title='' data-avia-related-tooltip='Compartir en Facebook' rel=\"noopener\"><span class='avia_hidden_link_text'>Compartir en Facebook<\/span><\/a><\/li><li class='av-share-link av-social-link-twitter' ><a target=\"_blank\" aria-label=\"Compartir en Twitter\" href='https:\/\/twitter.com\/share?text=Conoce%20en%20detalle%20las%20alteraciones%20de%20conectividad%20a%20nivel%20regional%20durante%20el%20evento%20meteorol%C3%B3gico&#038;url=https:\/\/radiorevelacionfm.cl\/?p=59894' aria-hidden='false' data-av_icon='\ue8f1' data-av_iconfont='entypo-fontello' title='' data-avia-related-tooltip='Compartir en Twitter' rel=\"noopener\"><span class='avia_hidden_link_text'>Compartir en Twitter<\/span><\/a><\/li><li class='av-share-link av-social-link-whatsapp' ><a target=\"_blank\" aria-label=\"Compartir en Whatsapp\" href='https:\/\/api.whatsapp.com\/send?text=https:\/\/radiorevelacionfm.cl\/?p=59894' aria-hidden='false' data-av_icon='\uf232' data-av_iconfont='entypo-fontello' title='' data-avia-related-tooltip='Compartir en Whatsapp' rel=\"noopener\"><span class='avia_hidden_link_text'>Compartir en Whatsapp<\/span><\/a><\/li><li class='av-share-link av-social-link-linkedin' ><a target=\"_blank\" aria-label=\"Compartir en LinkedIn\" href='https:\/\/linkedin.com\/shareArticle?mini=true&#038;title=Conoce%20en%20detalle%20las%20alteraciones%20de%20conectividad%20a%20nivel%20regional%20durante%20el%20evento%20meteorol%C3%B3gico&#038;url=https:\/\/radiorevelacionfm.cl\/?p=59894' aria-hidden='false' data-av_icon='\ue8fc' data-av_iconfont='entypo-fontello' title='' data-avia-related-tooltip='Compartir en LinkedIn' rel=\"noopener\"><span class='avia_hidden_link_text'>Compartir en LinkedIn<\/span><\/a><\/li><li class='av-share-link av-social-link-mail' ><a  aria-label=\"Compartir por correo\" href='mailto:?subject=Conoce%20en%20detalle%20las%20alteraciones%20de%20conectividad%20a%20nivel%20regional%20durante%20el%20evento%20meteorol%C3%B3gico&#038;body=https:\/\/radiorevelacionfm.cl\/?p=59894' aria-hidden='false' data-av_icon='\ue805' data-av_iconfont='entypo-fontello' title='' data-avia-related-tooltip='Compartir por correo'><span class='avia_hidden_link_text'>Compartir por correo<\/span><\/a><\/li><\/ul><\/div><\/div>\n<div  style='height:50px' class='hr hr-invisible   avia-builder-el-8  el_after_av_social_share  el_before_av_comments_list '><span class='hr-inner ' ><span class='hr-inner-style'><\/span><\/span><\/div>\n<div  class='av-buildercomment  av-blog-meta-html-info-disabled av-blog-meta-tag-disabled  '><\/div>\n","protected":false},"excerpt":{"rendered":"","protected":false},"author":1,"featured_media":59893,"comment_status":"closed","ping_status":"closed","sticky":false,"template":"","format":"standard","meta":{"footnotes":""},"categories":[38],"tags":[],"class_list":["post-59894","post","type-post","status-publish","format-standard","has-post-thumbnail","hentry","category-regional"],"jetpack_featured_media_url":"https:\/\/radiorevelacionfm.cl\/wp-content\/uploads\/2025\/10\/558343839_1130733089189782_5535373811751351964_n-1_optimized.jpg","_links":{"self":[{"href":"https:\/\/radiorevelacionfm.cl\/index.php?rest_route=\/wp\/v2\/posts\/59894","targetHints":{"allow":["GET"]}}],"collection":[{"href":"https:\/\/radiorevelacionfm.cl\/index.php?rest_route=\/wp\/v2\/posts"}],"about":[{"href":"https:\/\/radiorevelacionfm.cl\/index.php?rest_route=\/wp\/v2\/types\/post"}],"author":[{"embeddable":true,"href":"https:\/\/radiorevelacionfm.cl\/index.php?rest_route=\/wp\/v2\/users\/1"}],"replies":[{"embeddable":true,"href":"https:\/\/radiorevelacionfm.cl\/index.php?rest_route=%2Fwp%2Fv2%2Fcomments&post=59894"}],"version-history":[{"count":2,"href":"https:\/\/radiorevelacionfm.cl\/index.php?rest_route=\/wp\/v2\/posts\/59894\/revisions"}],"predecessor-version":[{"id":59896,"href":"https:\/\/radiorevelacionfm.cl\/index.php?rest_route=\/wp\/v2\/posts\/59894\/revisions\/59896"}],"wp:featuredmedia":[{"embeddable":true,"href":"https:\/\/radiorevelacionfm.cl\/index.php?rest_route=\/wp\/v2\/media\/59893"}],"wp:attachment":[{"href":"https:\/\/radiorevelacionfm.cl\/index.php?rest_route=%2Fwp%2Fv2%2Fmedia&parent=59894"}],"wp:term":[{"taxonomy":"category","embeddable":true,"href":"https:\/\/radiorevelacionfm.cl\/index.php?rest_route=%2Fwp%2Fv2%2Fcategories&post=59894"},{"taxonomy":"post_tag","embeddable":true,"href":"https:\/\/radiorevelacionfm.cl\/index.php?rest_route=%2Fwp%2Fv2%2Ftags&post=59894"}],"curies":[{"name":"wp","href":"https:\/\/api.w.org\/{rel}","templated":true}]}}