{"id":59888,"date":"2025-10-03T20:32:13","date_gmt":"2025-10-03T23:32:13","guid":{"rendered":"https:\/\/radiorevelacionfm.cl\/?p=59888"},"modified":"2025-10-03T20:32:13","modified_gmt":"2025-10-03T23:32:13","slug":"en-prision-preventiva-imputado-prolifico-autor-de-5-robos-con-intimidacion-en-coyhaique","status":"publish","type":"post","link":"https:\/\/radiorevelacionfm.cl\/?p=59888","title":{"rendered":"En prisi\u00f3n preventiva imputado prol\u00edfico autor de 5 robos con intimidaci\u00f3n en Coyhaique"},"content":{"rendered":"<div class=\"flex_column av_one_full  flex_column_div av-zero-column-padding first  avia-builder-el-0  el_before_av_one_full  avia-builder-el-first  \" style='border-radius:0px; '><div  class='avia-image-container  av-styling-    avia-builder-el-1  avia-builder-el-no-sibling  avia-align-center '  itemprop=\"image\" itemscope=\"itemscope\" itemtype=\"https:\/\/schema.org\/ImageObject\"  ><div class='avia-image-container-inner'><div class='avia-image-overlay-wrap'><img decoding=\"async\" class='wp-image-59889 avia-img-lazy-loading-not-59889 avia_image' src=\"https:\/\/radiorevelacionfm.cl\/wp-content\/uploads\/2025\/10\/autoridades-2_optimized.jpg\" alt='' title='autoridades-(2)_optimized' height=\"600\" width=\"900\"  itemprop=\"thumbnailUrl\" srcset=\"https:\/\/radiorevelacionfm.cl\/wp-content\/uploads\/2025\/10\/autoridades-2_optimized.jpg 900w, https:\/\/radiorevelacionfm.cl\/wp-content\/uploads\/2025\/10\/autoridades-2_optimized-300x200.jpg 300w, https:\/\/radiorevelacionfm.cl\/wp-content\/uploads\/2025\/10\/autoridades-2_optimized-768x512.jpg 768w, https:\/\/radiorevelacionfm.cl\/wp-content\/uploads\/2025\/10\/autoridades-2_optimized-705x470.jpg 705w, https:\/\/radiorevelacionfm.cl\/wp-content\/uploads\/2025\/10\/autoridades-2_optimized-450x300.jpg 450w, https:\/\/radiorevelacionfm.cl\/wp-content\/uploads\/2025\/10\/autoridades-2_optimized-600x400.jpg 600w\" sizes=\"(max-width: 900px) 100vw, 900px\" \/><\/div><\/div><\/div><\/div><div class=\"flex_column av_one_full  flex_column_div av-zero-column-padding first  avia-builder-el-2  el_after_av_one_full  el_before_av_one_full  column-top-margin\" style='border-radius:0px; '><section class=\"av_textblock_section \"  itemscope=\"itemscope\" itemtype=\"https:\/\/schema.org\/BlogPosting\" itemprop=\"blogPost\" ><div class='avia_textblock  '   itemprop=\"text\" ><p style=\"text-align: center;\"><strong><span style=\"font-size: 18pt;\">En prisi\u00f3n preventiva imputado prol\u00edfico autor de 5 robos con intimidaci\u00f3n en Coyhaique<\/span><\/strong><\/p>\n<div id=\"gtx-trans\" style=\"position: absolute; left: -50px; top: 4.31534px;\">\n<div class=\"gtx-trans-icon\"><\/div>\n<\/div>\n<\/div><\/section><\/div><div class=\"flex_column av_one_full  flex_column_div av-zero-column-padding first  avia-builder-el-4  el_after_av_one_full  el_before_av_hr  column-top-margin\" style='border-radius:0px; '><section class=\"av_textblock_section \"  itemscope=\"itemscope\" itemtype=\"https:\/\/schema.org\/BlogPosting\" itemprop=\"blogPost\" ><div class='avia_textblock  '   itemprop=\"text\" ><p style=\"text-align: justify;\"><em>Ocurridos entre el 14 y 27 de agosto de este a\u00f1o en Coyhaique.<\/em><\/p>\n<p style=\"font-weight: 400; text-align: justify;\">Adem\u00e1s, se formaliz\u00f3 un sexto delito de uso malicioso de una tarjeta de d\u00e9bito.\u00a0 Investigaci\u00f3n a cargo de la Unidad de An\u00e1lisis Criminal de la Fiscal\u00eda y Brigada de Robos de la PDI.<strong>\u00a0<\/strong><\/p>\n<p style=\"font-weight: 400; text-align: justify;\">C\u00f3mo parte de un trabajo conjunto entre la Unidad de An\u00e1lisis Criminal y Focos Investigativos de la Fiscal\u00eda Regional de Ays\u00e9n y la Brigada Investigadora de Robos Coyhaique de la PDI, se formaliz\u00f3 hoy a un imputado de 32 a\u00f1os como autor de cinco delitos de robo con intimidaci\u00f3n y un delito de uso malicioso de tarjeta de d\u00e9bito.<\/p>\n<p style=\"font-weight: 400; text-align: justify;\">Seg\u00fan explic\u00f3 hoy el Fiscal Jefe de Sacfi, Luis Gonz\u00e1lez Aracena, en la audiencia de control de la detenci\u00f3n y formalizaci\u00f3n de la investigaci\u00f3n, tres de los delitos de robo con intimidaci\u00f3n tienen el car\u00e1cter de consumados y los otros dos corresponden a robos frustrados.<\/p>\n<p style=\"font-weight: 400; text-align: justify;\">El sexto delito se asocia al uso malicioso de una tarjeta de d\u00e9bito de la ex pareja del imputado, desde la cual el sujeto gir\u00f3 dinero y efectu\u00f3 una compra, posterior a sustraerla cuando ambos permanec\u00edan al interior de una iglesia.<\/p>\n<p style=\"font-weight: 400; text-align: justify;\">MODUS OPERANDI<\/p>\n<p style=\"font-weight: 400; text-align: justify;\">Los hechos por los que se formaliz\u00f3 este foco investigativo, ocurrieron en distintos horarios, principalmente de madrugada, entre el 14 y 27 de agosto de este a\u00f1o y afectaron en cuatro ocasiones a servicentros y locales comerciales insertos dentro de dichos recintos, los cuales se ubican en calle Balmaceda, cercan\u00edas de la Plaza de Armas y en avenida Ogana de Coyhaique. El quinto robo con intimidaci\u00f3n -en car\u00e1cter de frustrado-, afect\u00f3 a un minimarket de calle Bilbao, donde el dependiente opuso resistencia, tras lo cual el imputado huy\u00f3 del lugar.<\/p>\n<p style=\"font-weight: 400; text-align: justify;\">Seg\u00fan explic\u00f3 en la audiencia el Fiscal Jefe de Sacfi, Luis Gonz\u00e1lez, quien exhibi\u00f3 videos y fotograf\u00edas como pruebas de estos delitos, el modus operandi del detenido inclu\u00eda intimidar a las v\u00edctimas simulando portar un arma de fuego.<\/p>\n<p style=\"font-weight: 400; text-align: justify;\">El Fiscal Gonz\u00e1lez destac\u00f3 adem\u00e1s la relevancia de los antecedentes que aportaron las v\u00edctimas de los delitos, lo cual permiti\u00f3 acotar los tiempos de investigaci\u00f3n para identificar al autor de estos hechos.<\/p>\n<p style=\"font-weight: 400; text-align: justify;\">\u201cEs una investigaci\u00f3n que aborda un fen\u00f3meno delictual preocupante y que, en definitiva, se logra dar con el autor en un corto tiempo. Aqu\u00ed el aporte que dieron las propias v\u00edctimas que corresponden a servicentros, en cuatro de ellos y un local comercial, fue muy importante y el d\u00eda de hoy se han puesto a disposici\u00f3n los antecedentes al tribunal, lo que ha permitido la medida cautelar de prisi\u00f3n preventiva por seguridad para la sociedad\u201d, explic\u00f3 el Fiscal Gonz\u00e1lez en di\u00e1logo con medios de comunicaci\u00f3n.<\/p>\n<p style=\"font-weight: 400; text-align: justify;\">PRISI\u00d3N PREVENTIVA<\/p>\n<p style=\"font-weight: 400; text-align: justify;\">El persecutor penal tambi\u00e9n expuso que el imputado registra condenas anteriores por conducci\u00f3n bajo la influencia del alcohol y lesiones menos graves en el contexto de violencia intrafamiliar.<\/p>\n<p style=\"font-weight: 400; text-align: justify;\">En la audiencia, el Fiscal Gonz\u00e1lez solicit\u00f3 la prisi\u00f3n preventiva del imputado por\u00a0el car\u00e1cter de los il\u00edcitos, reiteraci\u00f3n, pena asignada y por constituir su libertad un peligro para la seguridad de la sociedad, lo cual fue acogido por el Juez de Garant\u00eda, Mario Devaud Ojeda.<\/p>\n<p style=\"font-weight: 400; text-align: justify;\">El Tribunal fij\u00f3 un plazo de investigaci\u00f3n de 90 d\u00edas para el t\u00e9rmino de las diligencias de la Unidad de An\u00e1lisis Criminal y Focos Investigativos, Sacfi y la Brigada Investigadora de Robos Coyhaique.<\/p>\n<p style=\"font-weight: 400; text-align: justify;\">Respecto de las posibles penas asociadas a los delitos formalizados, el Fiscal Gonz\u00e1lez dijo que \u201cno estamos en una etapa de determinar cu\u00e1l es la sanci\u00f3n, porque obviamente es una investigaci\u00f3n que est\u00e1 reci\u00e9n comenzando, pero obviamente son penas de crimen y es un delito grave como es un robo con intimidaci\u00f3n, donde a las v\u00edctimas se les simulaba portar alg\u00fan tipo de arma y tambi\u00e9n se les intimidaba verbalmente, logrando la sustracci\u00f3n de principalmente dinero\u201d.<\/p>\n<p style=\"font-weight: 400; text-align: justify;\">BRIGADA DE ROBOS<\/p>\n<p style=\"font-weight: 400; text-align: justify;\">Por su parte el Comisario, Felipe Vald\u00e9s D\u00edaz, jefe de la Brigada Investigadora de Robos Coyhaique, remarc\u00f3 \u201cel trabajo mancomunado que se gener\u00f3 con la Fiscal\u00eda\u201d. Y tambi\u00e9n destac\u00f3 \u201ca los ciudadanos y v\u00edctimas que tambi\u00e9n aportaron antecedentes importantes que se complementaron con los indicios y evidencia cient\u00edfica que se est\u00e1 trabajando todav\u00eda para vincular a\u00fan m\u00e1s al imputado en estos hechos\u201d.<\/p>\n<p style=\"font-weight: 400; text-align: justify;\">Respecto del modus operandi, el jefe policial profundiz\u00f3 en que el imputado \u201cactuaba solo y lo hac\u00eda en horas de la madrugada, donde nosotros presumimos que ten\u00eda mejor oportunidad de abordar a las v\u00edctimas que -principalmente- atend\u00edan los locales comerciales\u201d.<\/p>\n<p style=\"font-weight: 400; text-align: justify;\">Como parte de las especies obtenidas por el imputado, el Comisario Vald\u00e9s mencion\u00f3 \u201cdinero, especies que pudiera sustraer de los estantes, que pudiera llevar tambi\u00e9n sin ser visibilizado por terceros\u201d.<\/p>\n<p style=\"font-weight: 400; text-align: justify;\">El oficial a\u00f1adi\u00f3 que el detenido \u201csimulaba en primera instancia ser un cliente. Ingresaba de manera que le permit\u00eda percibir todo lo que hab\u00eda en el interior del local y posteriormente, ya viendo que se encontraba solamente una v\u00edctima, proced\u00eda a intimidarlos haciendo gestos y amenazas verbales tambi\u00e9n\u201d.<\/p>\n<p style=\"font-weight: 400; text-align: justify;\">SEREMI DE SEGURIDAD P\u00daBLICA<\/p>\n<p style=\"font-weight: 400; text-align: justify;\">En tanto la Seremi de Seguridad P\u00fablica, Ruth Vallejos Cuiti\u00f1o, destac\u00f3 la importancia de aclarar la mayor cantidad de il\u00edcitos posible, en beneficio de la comunidad. \u201cHace dos semanas m\u00e1s o menos, ya tuvimos una soluci\u00f3n de un caso importante en que dos personas de Valdivia fueron incriminadas por un delito y sin embargo, la PDI y el trabajo por cierto de la Fiscal\u00eda, hizo que se vincularan a varios hechos policiales. En este caso tambi\u00e9n tenemos a un imputado con la resoluci\u00f3n -a trav\u00e9s de este detenido- de varios hechos policiales\u201d.<\/p>\n<p style=\"font-weight: 400; text-align: justify;\">La autoridad regional a\u00f1adi\u00f3 que \u201cestamos ante un trabajo exitoso, en el cual gracias al trabajo de la Fiscal\u00eda con la PDI se logran varias soluciones con un solo caso en s\u00ed. Entonces eso es muy destacable y por eso estamos ac\u00e1 precisamente para recalcar que estas l\u00edneas de trabajo son llamativas, son importantes de seguir y est\u00e1n dando muchos resultados\u201d.<\/p>\n<\/div><\/section><\/div><div  style='height:50px' class='hr hr-invisible   avia-builder-el-6  el_after_av_one_full  el_before_av_social_share '><span class='hr-inner ' ><span class='hr-inner-style'><\/span><\/span><\/div><\/p>\n<div  class='av-social-sharing-box  avia-builder-el-7  el_after_av_hr  el_before_av_hr  '><div class='av-share-box'><h5 class='av-share-link-description av-no-toc '>Compartir esta noticia<\/h5><ul class='av-share-box-list noLightbox'><li class='av-share-link av-social-link-facebook' ><a target=\"_blank\" aria-label=\"Compartir en Facebook\" href='https:\/\/www.facebook.com\/sharer.php?u=https:\/\/radiorevelacionfm.cl\/?p=59888&#038;t=En%20prisi%C3%B3n%20preventiva%20imputado%20prol%C3%ADfico%20autor%20de%205%20robos%20con%20intimidaci%C3%B3n%20en%20Coyhaique' aria-hidden='false' data-av_icon='\ue8f3' data-av_iconfont='entypo-fontello' title='' data-avia-related-tooltip='Compartir en Facebook' rel=\"noopener\"><span class='avia_hidden_link_text'>Compartir en Facebook<\/span><\/a><\/li><li class='av-share-link av-social-link-twitter' ><a target=\"_blank\" aria-label=\"Compartir en Twitter\" href='https:\/\/twitter.com\/share?text=En%20prisi%C3%B3n%20preventiva%20imputado%20prol%C3%ADfico%20autor%20de%205%20robos%20con%20intimidaci%C3%B3n%20en%20Coyhaique&#038;url=https:\/\/radiorevelacionfm.cl\/?p=59888' aria-hidden='false' data-av_icon='\ue8f1' data-av_iconfont='entypo-fontello' title='' data-avia-related-tooltip='Compartir en Twitter' rel=\"noopener\"><span class='avia_hidden_link_text'>Compartir en Twitter<\/span><\/a><\/li><li class='av-share-link av-social-link-whatsapp' ><a target=\"_blank\" aria-label=\"Compartir en Whatsapp\" href='https:\/\/api.whatsapp.com\/send?text=https:\/\/radiorevelacionfm.cl\/?p=59888' aria-hidden='false' data-av_icon='\uf232' data-av_iconfont='entypo-fontello' title='' data-avia-related-tooltip='Compartir en Whatsapp' rel=\"noopener\"><span class='avia_hidden_link_text'>Compartir en Whatsapp<\/span><\/a><\/li><li class='av-share-link av-social-link-linkedin' ><a target=\"_blank\" aria-label=\"Compartir en LinkedIn\" href='https:\/\/linkedin.com\/shareArticle?mini=true&#038;title=En%20prisi%C3%B3n%20preventiva%20imputado%20prol%C3%ADfico%20autor%20de%205%20robos%20con%20intimidaci%C3%B3n%20en%20Coyhaique&#038;url=https:\/\/radiorevelacionfm.cl\/?p=59888' aria-hidden='false' data-av_icon='\ue8fc' data-av_iconfont='entypo-fontello' title='' data-avia-related-tooltip='Compartir en LinkedIn' rel=\"noopener\"><span class='avia_hidden_link_text'>Compartir en LinkedIn<\/span><\/a><\/li><li class='av-share-link av-social-link-mail' ><a  aria-label=\"Compartir por correo\" href='mailto:?subject=En%20prisi%C3%B3n%20preventiva%20imputado%20prol%C3%ADfico%20autor%20de%205%20robos%20con%20intimidaci%C3%B3n%20en%20Coyhaique&#038;body=https:\/\/radiorevelacionfm.cl\/?p=59888' aria-hidden='false' data-av_icon='\ue805' data-av_iconfont='entypo-fontello' title='' data-avia-related-tooltip='Compartir por correo'><span class='avia_hidden_link_text'>Compartir por correo<\/span><\/a><\/li><\/ul><\/div><\/div>\n<div  style='height:50px' class='hr hr-invisible   avia-builder-el-8  el_after_av_social_share  el_before_av_comments_list '><span class='hr-inner ' ><span class='hr-inner-style'><\/span><\/span><\/div>\n<div  class='av-buildercomment  av-blog-meta-html-info-disabled av-blog-meta-tag-disabled  '><\/div>\n","protected":false},"excerpt":{"rendered":"","protected":false},"author":1,"featured_media":59889,"comment_status":"closed","ping_status":"closed","sticky":false,"template":"","format":"standard","meta":{"footnotes":""},"categories":[55],"tags":[],"class_list":["post-59888","post","type-post","status-publish","format-standard","has-post-thumbnail","hentry","category-justicia"],"jetpack_featured_media_url":"https:\/\/radiorevelacionfm.cl\/wp-content\/uploads\/2025\/10\/autoridades-2_optimized.jpg","_links":{"self":[{"href":"https:\/\/radiorevelacionfm.cl\/index.php?rest_route=\/wp\/v2\/posts\/59888","targetHints":{"allow":["GET"]}}],"collection":[{"href":"https:\/\/radiorevelacionfm.cl\/index.php?rest_route=\/wp\/v2\/posts"}],"about":[{"href":"https:\/\/radiorevelacionfm.cl\/index.php?rest_route=\/wp\/v2\/types\/post"}],"author":[{"embeddable":true,"href":"https:\/\/radiorevelacionfm.cl\/index.php?rest_route=\/wp\/v2\/users\/1"}],"replies":[{"embeddable":true,"href":"https:\/\/radiorevelacionfm.cl\/index.php?rest_route=%2Fwp%2Fv2%2Fcomments&post=59888"}],"version-history":[{"count":2,"href":"https:\/\/radiorevelacionfm.cl\/index.php?rest_route=\/wp\/v2\/posts\/59888\/revisions"}],"predecessor-version":[{"id":59891,"href":"https:\/\/radiorevelacionfm.cl\/index.php?rest_route=\/wp\/v2\/posts\/59888\/revisions\/59891"}],"wp:featuredmedia":[{"embeddable":true,"href":"https:\/\/radiorevelacionfm.cl\/index.php?rest_route=\/wp\/v2\/media\/59889"}],"wp:attachment":[{"href":"https:\/\/radiorevelacionfm.cl\/index.php?rest_route=%2Fwp%2Fv2%2Fmedia&parent=59888"}],"wp:term":[{"taxonomy":"category","embeddable":true,"href":"https:\/\/radiorevelacionfm.cl\/index.php?rest_route=%2Fwp%2Fv2%2Fcategories&post=59888"},{"taxonomy":"post_tag","embeddable":true,"href":"https:\/\/radiorevelacionfm.cl\/index.php?rest_route=%2Fwp%2Fv2%2Ftags&post=59888"}],"curies":[{"name":"wp","href":"https:\/\/api.w.org\/{rel}","templated":true}]}}