{"id":5988,"date":"2021-07-07T10:39:41","date_gmt":"2021-07-07T13:39:41","guid":{"rendered":"https:\/\/radiorevelacionfm.cl\/?p=5988"},"modified":"2021-07-07T10:39:41","modified_gmt":"2021-07-07T13:39:41","slug":"inscripciones-abiertas-para-talleres-gratuitos-de-invierno","status":"publish","type":"post","link":"https:\/\/radiorevelacionfm.cl\/?p=5988","title":{"rendered":"Inscripciones abiertas para talleres gratuitos de invierno"},"content":{"rendered":"<div class=\"flex_column av_one_full  flex_column_div av-zero-column-padding first  avia-builder-el-0  el_before_av_one_full  avia-builder-el-first  \" style='border-radius:0px; '><div  class='avia-image-container  av-styling-    avia-builder-el-1  avia-builder-el-no-sibling  avia-align-center '  itemprop=\"image\" itemscope=\"itemscope\" itemtype=\"https:\/\/schema.org\/ImageObject\"  ><div class='avia-image-container-inner'><div class='avia-image-overlay-wrap'><img decoding=\"async\" class='wp-image-0 avia-img-lazy-loading-not-0 avia_image' src=\"https:\/\/radiorevelacionfm.cl\/wp-content\/uploads\/2021\/07\/Escultura1-1-1.jpg\" alt='' title=''   itemprop=\"thumbnailUrl\"  \/><\/div><\/div><\/div><\/div>\n<div class=\"flex_column av_one_full  flex_column_div av-zero-column-padding first  avia-builder-el-2  el_after_av_one_full  el_before_av_one_full  column-top-margin\" style='border-radius:0px; '><section class=\"av_textblock_section \"  itemscope=\"itemscope\" itemtype=\"https:\/\/schema.org\/BlogPosting\" itemprop=\"blogPost\" ><div class='avia_textblock  '   itemprop=\"text\" ><p style=\"text-align: center;\"><strong><span style=\"font-size: 18pt;\">Inscripciones abiertas para talleres gratuitos de invierno<\/span><\/strong><\/p>\n<div id=\"gtx-trans\" style=\"position: absolute; left: -50px; top: 4.31534px;\">\n<div class=\"gtx-trans-icon\"><\/div>\n<\/div>\n<\/div><\/section><\/div><div class=\"flex_column av_one_full  flex_column_div av-zero-column-padding first  avia-builder-el-4  el_after_av_one_full  el_before_av_hr  column-top-margin\" style='border-radius:0px; '><section class=\"av_textblock_section \"  itemscope=\"itemscope\" itemtype=\"https:\/\/schema.org\/BlogPosting\" itemprop=\"blogPost\" ><div class='avia_textblock  '   itemprop=\"text\" ><p style=\"text-align: justify;\">Son tres talleres culturales y art\u00edsticos que comenzaron este martes y que a\u00fan tienen las inscripciones abiertas con los que da inicio a una oferta program\u00e1tica que integra un total de 12 talleres de artes visuales que se impartir\u00e1n el segundo semestre del 2021 y vacaciones de verano del 2022. Los talleres que son absolutamente gratuitos fueron financiados por m\u00e1s de $9 millones por el Fondo de Desarrollo Cultural y la Artes del Ministerio de la Cultura las Artes y el Patrimonio y parten en la versi\u00f3n vacaciones de invierno con Arte Urbano, Escultura y Dibujo.<\/p>\n<p style=\"text-align: justify;\">Carlos Gatica, alcalde de Coyhaique, explic\u00f3 que en el marco del trabajo de la Corporaci\u00f3n Cultural Municipal de Coyhaique se realiz\u00f3 el lanzamiento de estos talleres online gratuitos para la comunidad y que a\u00fan tiene las inscripciones abiertas. \u201cSon parte de la programaci\u00f3n que ponemos a disposici\u00f3n de los vecinos y vecinas, sus familias y principalmente los estudiantes de Coyhaique, un panorama para vacaciones de inviernos con el que adem\u00e1s iniciamos un segundo semestre con hartas actividades culturales y art\u00edsticas que est\u00e1n dise\u00f1adas para este 2021 en la Corporaci\u00f3n Cultural Municipal de Coyhaique\u00bb, dijo la autoridad comunal.<\/p>\n<p style=\"text-align: justify;\">Los talleres orientados a mayores de 13 a\u00f1os que comienzan esta semana, est\u00e1n dirigidos por destacados artistas y exponentes locales como Cristina Coliboro en Dibujo, Humberto Vera en Escultura y Denisse Olgu\u00edn en Arte Urbano, quienes a trav\u00e9s de la modalidad online en distintos horarios abordar\u00e1n desde las t\u00e9cnicas b\u00e1sicas a ejercicios m\u00e1s avanzados en las distintas disciplinas, mientras que los materiales e insumos ser\u00e1n entregados de manera gratuita por la Corporaci\u00f3n Cultural Municipal de Coyhaique a cada uno de los y las inscritas.<\/p>\n<p style=\"text-align: justify;\">Por su parte, Ver\u00f3nica D\u00edaz, Seremi de las Culturas, las Artes y el Patrimonio valor\u00f3 esta instancia y dijo que \u201cqueremos invitar a la comunidad a participar de los talleres de invierno en el Centro Cultural Coyhaique. Estos ciclos formativos en Artes visuales que financiamos desde el Fondart Regional 2021 son, sin duda, un entretenido panorama para estas vacaciones de invierno, para acercarse a disciplinas como arte urbano, escultura y dibujo. Los invitamos a estimular la creatividad y a que estos tiempos dif\u00edciles no sean una barrera para seguir aprendiendo\u201d.<\/p>\n<p style=\"text-align: justify;\">Los tres m\u00f3dulos de estas vacaciones de invierno a los que se puede optar a trav\u00e9s del correo <a href=\"mailto:holacccoyhaique@gmail.com\">holacccoyhaique@gmail.com<\/a> y que se impartir\u00e1n virtualmente, forman parte de toda una bater\u00eda de talleres de artes visuales integrados a la programaci\u00f3n del segundo semestre del 2021 e inicio del 2022 donde se podr\u00e1 acceder a: Acuarela, Teor\u00eda del Dibujo, Ilustraci\u00f3n Bot\u00e1nica, Comic, Laboratorio Editorial, Papel, entre otros espacios pensados para ni\u00f1os y ni\u00f1as m\u00e1s peque\u00f1os o la modalidad familiar donde los padres acompa\u00f1an a sus hijos.<\/p>\n<\/div><\/section><\/div><\/p>\n<div  style='height:50px' class='hr hr-invisible   avia-builder-el-6  el_after_av_one_full  el_before_av_social_share '><span class='hr-inner ' ><span class='hr-inner-style'><\/span><\/span><\/div>\n<div  class='av-social-sharing-box  avia-builder-el-7  el_after_av_hr  el_before_av_hr  '><div class='av-share-box'><h5 class='av-share-link-description av-no-toc '>Compartir esta noticia<\/h5><ul class='av-share-box-list noLightbox'><li class='av-share-link av-social-link-facebook' ><a target=\"_blank\" aria-label=\"Compartir en Facebook\" href='https:\/\/www.facebook.com\/sharer.php?u=https:\/\/radiorevelacionfm.cl\/?p=5988&#038;t=Inscripciones%20abiertas%20para%20talleres%20gratuitos%20de%20invierno' aria-hidden='false' data-av_icon='\ue8f3' data-av_iconfont='entypo-fontello' title='' data-avia-related-tooltip='Compartir en Facebook' rel=\"noopener\"><span class='avia_hidden_link_text'>Compartir en Facebook<\/span><\/a><\/li><li class='av-share-link av-social-link-twitter' ><a target=\"_blank\" aria-label=\"Compartir en Twitter\" href='https:\/\/twitter.com\/share?text=Inscripciones%20abiertas%20para%20talleres%20gratuitos%20de%20invierno&#038;url=https:\/\/radiorevelacionfm.cl\/?p=5988' aria-hidden='false' data-av_icon='\ue8f1' data-av_iconfont='entypo-fontello' title='' data-avia-related-tooltip='Compartir en Twitter' rel=\"noopener\"><span class='avia_hidden_link_text'>Compartir en Twitter<\/span><\/a><\/li><li class='av-share-link av-social-link-whatsapp' ><a target=\"_blank\" aria-label=\"Compartir en Whatsapp\" href='https:\/\/api.whatsapp.com\/send?text=https:\/\/radiorevelacionfm.cl\/?p=5988' aria-hidden='false' data-av_icon='\uf232' data-av_iconfont='entypo-fontello' title='' data-avia-related-tooltip='Compartir en Whatsapp' rel=\"noopener\"><span class='avia_hidden_link_text'>Compartir en Whatsapp<\/span><\/a><\/li><li class='av-share-link av-social-link-linkedin' ><a target=\"_blank\" aria-label=\"Compartir en LinkedIn\" href='https:\/\/linkedin.com\/shareArticle?mini=true&#038;title=Inscripciones%20abiertas%20para%20talleres%20gratuitos%20de%20invierno&#038;url=https:\/\/radiorevelacionfm.cl\/?p=5988' aria-hidden='false' data-av_icon='\ue8fc' data-av_iconfont='entypo-fontello' title='' data-avia-related-tooltip='Compartir en LinkedIn' rel=\"noopener\"><span class='avia_hidden_link_text'>Compartir en LinkedIn<\/span><\/a><\/li><li class='av-share-link av-social-link-mail' ><a  aria-label=\"Compartir por correo\" href='mailto:?subject=Inscripciones%20abiertas%20para%20talleres%20gratuitos%20de%20invierno&#038;body=https:\/\/radiorevelacionfm.cl\/?p=5988' aria-hidden='false' data-av_icon='\ue805' data-av_iconfont='entypo-fontello' title='' data-avia-related-tooltip='Compartir por correo'><span class='avia_hidden_link_text'>Compartir por correo<\/span><\/a><\/li><\/ul><\/div><\/div>\n<div  style='height:50px' class='hr hr-invisible   avia-builder-el-8  el_after_av_social_share  el_before_av_comments_list '><span class='hr-inner ' ><span class='hr-inner-style'><\/span><\/span><\/div>\n<div  class='av-buildercomment  av-blog-meta-html-info-disabled av-blog-meta-tag-disabled  '><\/div>\n","protected":false},"excerpt":{"rendered":"","protected":false},"author":1,"featured_media":0,"comment_status":"open","ping_status":"open","sticky":false,"template":"","format":"standard","meta":{"footnotes":""},"categories":[52],"tags":[],"class_list":["post-5988","post","type-post","status-publish","format-standard","hentry","category-cultura"],"jetpack_featured_media_url":"","_links":{"self":[{"href":"https:\/\/radiorevelacionfm.cl\/index.php?rest_route=\/wp\/v2\/posts\/5988","targetHints":{"allow":["GET"]}}],"collection":[{"href":"https:\/\/radiorevelacionfm.cl\/index.php?rest_route=\/wp\/v2\/posts"}],"about":[{"href":"https:\/\/radiorevelacionfm.cl\/index.php?rest_route=\/wp\/v2\/types\/post"}],"author":[{"embeddable":true,"href":"https:\/\/radiorevelacionfm.cl\/index.php?rest_route=\/wp\/v2\/users\/1"}],"replies":[{"embeddable":true,"href":"https:\/\/radiorevelacionfm.cl\/index.php?rest_route=%2Fwp%2Fv2%2Fcomments&post=5988"}],"version-history":[{"count":2,"href":"https:\/\/radiorevelacionfm.cl\/index.php?rest_route=\/wp\/v2\/posts\/5988\/revisions"}],"predecessor-version":[{"id":5991,"href":"https:\/\/radiorevelacionfm.cl\/index.php?rest_route=\/wp\/v2\/posts\/5988\/revisions\/5991"}],"wp:attachment":[{"href":"https:\/\/radiorevelacionfm.cl\/index.php?rest_route=%2Fwp%2Fv2%2Fmedia&parent=5988"}],"wp:term":[{"taxonomy":"category","embeddable":true,"href":"https:\/\/radiorevelacionfm.cl\/index.php?rest_route=%2Fwp%2Fv2%2Fcategories&post=5988"},{"taxonomy":"post_tag","embeddable":true,"href":"https:\/\/radiorevelacionfm.cl\/index.php?rest_route=%2Fwp%2Fv2%2Ftags&post=5988"}],"curies":[{"name":"wp","href":"https:\/\/api.w.org\/{rel}","templated":true}]}}