{"id":59877,"date":"2025-10-03T17:05:19","date_gmt":"2025-10-03T20:05:19","guid":{"rendered":"https:\/\/radiorevelacionfm.cl\/?p=59877"},"modified":"2025-10-03T17:05:19","modified_gmt":"2025-10-03T20:05:19","slug":"realizan-operativo-de-evacuacion-de-alumnos-y-docentes-aislados-en-puerto-cristal","status":"publish","type":"post","link":"https:\/\/radiorevelacionfm.cl\/?p=59877","title":{"rendered":"Realizan operativo de evacuaci\u00f3n de alumnos y docentes aislados en Puerto Cristal"},"content":{"rendered":"<div class=\"flex_column av_one_full  flex_column_div av-zero-column-padding first  avia-builder-el-0  el_before_av_one_full  avia-builder-el-first  \" style='border-radius:0px; '><div  class='avia-image-container  av-styling-    avia-builder-el-1  avia-builder-el-no-sibling  avia-align-center '  itemprop=\"image\" itemscope=\"itemscope\" itemtype=\"https:\/\/schema.org\/ImageObject\"  ><div class='avia-image-container-inner'><div class='avia-image-overlay-wrap'><img decoding=\"async\" class='wp-image-59878 avia-img-lazy-loading-not-59878 avia_image' src=\"https:\/\/radiorevelacionfm.cl\/wp-content\/uploads\/2025\/10\/466260d2-65b3-48ba-b978-007d9613f6ce-1_optimized.jpeg\" alt='' title='466260d2-65b3-48ba-b978-007d9613f6ce-(1)_optimized' height=\"600\" width=\"800\"  itemprop=\"thumbnailUrl\" srcset=\"https:\/\/radiorevelacionfm.cl\/wp-content\/uploads\/2025\/10\/466260d2-65b3-48ba-b978-007d9613f6ce-1_optimized.jpeg 800w, https:\/\/radiorevelacionfm.cl\/wp-content\/uploads\/2025\/10\/466260d2-65b3-48ba-b978-007d9613f6ce-1_optimized-300x225.jpeg 300w, https:\/\/radiorevelacionfm.cl\/wp-content\/uploads\/2025\/10\/466260d2-65b3-48ba-b978-007d9613f6ce-1_optimized-768x576.jpeg 768w, https:\/\/radiorevelacionfm.cl\/wp-content\/uploads\/2025\/10\/466260d2-65b3-48ba-b978-007d9613f6ce-1_optimized-705x529.jpeg 705w, https:\/\/radiorevelacionfm.cl\/wp-content\/uploads\/2025\/10\/466260d2-65b3-48ba-b978-007d9613f6ce-1_optimized-450x338.jpeg 450w, https:\/\/radiorevelacionfm.cl\/wp-content\/uploads\/2025\/10\/466260d2-65b3-48ba-b978-007d9613f6ce-1_optimized-600x450.jpeg 600w\" sizes=\"(max-width: 800px) 100vw, 800px\" \/><\/div><\/div><\/div><\/div><div class=\"flex_column av_one_full  flex_column_div av-zero-column-padding first  avia-builder-el-2  el_after_av_one_full  el_before_av_one_full  column-top-margin\" style='border-radius:0px; '><section class=\"av_textblock_section \"  itemscope=\"itemscope\" itemtype=\"https:\/\/schema.org\/BlogPosting\" itemprop=\"blogPost\" ><div class='avia_textblock  '   itemprop=\"text\" ><p style=\"text-align: center;\"><strong><span style=\"font-size: 18pt;\">Realizan operativo de evacuaci\u00f3n de alumnos y docentes aislados en Puerto Cristal<\/span><\/strong><\/p>\n<div id=\"gtx-trans\" style=\"position: absolute; left: -50px; top: 4.31534px;\">\n<div class=\"gtx-trans-icon\"><\/div>\n<\/div>\n<\/div><\/section><\/div><div class=\"flex_column av_one_full  flex_column_div av-zero-column-padding first  avia-builder-el-4  el_after_av_one_full  el_before_av_hr  column-top-margin\" style='border-radius:0px; '><section class=\"av_textblock_section \"  itemscope=\"itemscope\" itemtype=\"https:\/\/schema.org\/BlogPosting\" itemprop=\"blogPost\" ><div class='avia_textblock  '   itemprop=\"text\" ><p style=\"text-align: justify;\">\u00abEn una r\u00e1pida y oportuna acci\u00f3n, la lancha de la Armada de Chile, Unidad Mar\u00edtima LPM-4408, dependiente de la Capitan\u00eda de Puerto del Lago General Carrera, se traslad\u00f3 hacia el sector de Puerto Cristal con el objetivo de evacuar a 22 alumnos y 2 docentes que quedaron aislados producto del reciente frente de mal tiempo que azot\u00f3 la provincias de Lago General Carrera y Capit\u00e1n Prat.<\/p>\n<p style=\"text-align: justify;\">El operativo, solicitado por la Delegaci\u00f3n Presidencial Provincial de General Carrera y ejecutado por la\u00a0Capitan\u00eda de Puerto del Lago General Carrera, permiti\u00f3 el rescate y traslado seguro del grupo de estudiantes afectados hasta la localidad de\u00a0Puerto Ib\u00e1\u00f1ez, utilizando para ello la lancha patrullera mar\u00edtima, en condiciones que garantizaron la integridad de todos los involucrados.<\/p>\n<p style=\"text-align: justify;\">Esta acci\u00f3n refuerza el compromiso permanente de la Armada de Chile con la salvaguarda de la vida humana en el mar, especialmente en zonas aisladas de dif\u00edcil acceso, donde las condiciones clim\u00e1ticas adversas pueden poner en riesgo a la poblaci\u00f3n.<\/p>\n<p style=\"text-align: justify;\">Desde la Autoridad Mar\u00edtima local se reiter\u00f3 el llamado a la comunidad a mantenerse informada a trav\u00e9s de los canales oficiales y a seguir las recomendaciones ante fen\u00f3menos meteorol\u00f3gicos que puedan comprometer la seguridad\u00bb.<\/p>\n<\/div><\/section><\/div><div  style='height:50px' class='hr hr-invisible   avia-builder-el-6  el_after_av_one_full  el_before_av_social_share '><span class='hr-inner ' ><span class='hr-inner-style'><\/span><\/span><\/div><\/p>\n<div  class='av-social-sharing-box  avia-builder-el-7  el_after_av_hr  el_before_av_hr  '><div class='av-share-box'><h5 class='av-share-link-description av-no-toc '>Compartir esta noticia<\/h5><ul class='av-share-box-list noLightbox'><li class='av-share-link av-social-link-facebook' ><a target=\"_blank\" aria-label=\"Compartir en Facebook\" href='https:\/\/www.facebook.com\/sharer.php?u=https:\/\/radiorevelacionfm.cl\/?p=59877&#038;t=Realizan%20operativo%20de%20evacuaci%C3%B3n%20de%20alumnos%20y%20docentes%20aislados%20en%20Puerto%20Cristal' aria-hidden='false' data-av_icon='\ue8f3' data-av_iconfont='entypo-fontello' title='' data-avia-related-tooltip='Compartir en Facebook' rel=\"noopener\"><span class='avia_hidden_link_text'>Compartir en Facebook<\/span><\/a><\/li><li class='av-share-link av-social-link-twitter' ><a target=\"_blank\" aria-label=\"Compartir en Twitter\" href='https:\/\/twitter.com\/share?text=Realizan%20operativo%20de%20evacuaci%C3%B3n%20de%20alumnos%20y%20docentes%20aislados%20en%20Puerto%20Cristal&#038;url=https:\/\/radiorevelacionfm.cl\/?p=59877' aria-hidden='false' data-av_icon='\ue8f1' data-av_iconfont='entypo-fontello' title='' data-avia-related-tooltip='Compartir en Twitter' rel=\"noopener\"><span class='avia_hidden_link_text'>Compartir en Twitter<\/span><\/a><\/li><li class='av-share-link av-social-link-whatsapp' ><a target=\"_blank\" aria-label=\"Compartir en Whatsapp\" href='https:\/\/api.whatsapp.com\/send?text=https:\/\/radiorevelacionfm.cl\/?p=59877' aria-hidden='false' data-av_icon='\uf232' data-av_iconfont='entypo-fontello' title='' data-avia-related-tooltip='Compartir en Whatsapp' rel=\"noopener\"><span class='avia_hidden_link_text'>Compartir en Whatsapp<\/span><\/a><\/li><li class='av-share-link av-social-link-linkedin' ><a target=\"_blank\" aria-label=\"Compartir en LinkedIn\" href='https:\/\/linkedin.com\/shareArticle?mini=true&#038;title=Realizan%20operativo%20de%20evacuaci%C3%B3n%20de%20alumnos%20y%20docentes%20aislados%20en%20Puerto%20Cristal&#038;url=https:\/\/radiorevelacionfm.cl\/?p=59877' aria-hidden='false' data-av_icon='\ue8fc' data-av_iconfont='entypo-fontello' title='' data-avia-related-tooltip='Compartir en LinkedIn' rel=\"noopener\"><span class='avia_hidden_link_text'>Compartir en LinkedIn<\/span><\/a><\/li><li class='av-share-link av-social-link-mail' ><a  aria-label=\"Compartir por correo\" href='mailto:?subject=Realizan%20operativo%20de%20evacuaci%C3%B3n%20de%20alumnos%20y%20docentes%20aislados%20en%20Puerto%20Cristal&#038;body=https:\/\/radiorevelacionfm.cl\/?p=59877' aria-hidden='false' data-av_icon='\ue805' data-av_iconfont='entypo-fontello' title='' data-avia-related-tooltip='Compartir por correo'><span class='avia_hidden_link_text'>Compartir por correo<\/span><\/a><\/li><\/ul><\/div><\/div>\n<div  style='height:50px' class='hr hr-invisible   avia-builder-el-8  el_after_av_social_share  el_before_av_comments_list '><span class='hr-inner ' ><span class='hr-inner-style'><\/span><\/span><\/div>\n<div  class='av-buildercomment  av-blog-meta-html-info-disabled av-blog-meta-tag-disabled  '><\/div>\n","protected":false},"excerpt":{"rendered":"","protected":false},"author":1,"featured_media":59878,"comment_status":"closed","ping_status":"closed","sticky":false,"template":"","format":"standard","meta":{"footnotes":""},"categories":[38],"tags":[],"class_list":["post-59877","post","type-post","status-publish","format-standard","has-post-thumbnail","hentry","category-regional"],"jetpack_featured_media_url":"https:\/\/radiorevelacionfm.cl\/wp-content\/uploads\/2025\/10\/466260d2-65b3-48ba-b978-007d9613f6ce-1_optimized.jpeg","_links":{"self":[{"href":"https:\/\/radiorevelacionfm.cl\/index.php?rest_route=\/wp\/v2\/posts\/59877","targetHints":{"allow":["GET"]}}],"collection":[{"href":"https:\/\/radiorevelacionfm.cl\/index.php?rest_route=\/wp\/v2\/posts"}],"about":[{"href":"https:\/\/radiorevelacionfm.cl\/index.php?rest_route=\/wp\/v2\/types\/post"}],"author":[{"embeddable":true,"href":"https:\/\/radiorevelacionfm.cl\/index.php?rest_route=\/wp\/v2\/users\/1"}],"replies":[{"embeddable":true,"href":"https:\/\/radiorevelacionfm.cl\/index.php?rest_route=%2Fwp%2Fv2%2Fcomments&post=59877"}],"version-history":[{"count":2,"href":"https:\/\/radiorevelacionfm.cl\/index.php?rest_route=\/wp\/v2\/posts\/59877\/revisions"}],"predecessor-version":[{"id":59880,"href":"https:\/\/radiorevelacionfm.cl\/index.php?rest_route=\/wp\/v2\/posts\/59877\/revisions\/59880"}],"wp:featuredmedia":[{"embeddable":true,"href":"https:\/\/radiorevelacionfm.cl\/index.php?rest_route=\/wp\/v2\/media\/59878"}],"wp:attachment":[{"href":"https:\/\/radiorevelacionfm.cl\/index.php?rest_route=%2Fwp%2Fv2%2Fmedia&parent=59877"}],"wp:term":[{"taxonomy":"category","embeddable":true,"href":"https:\/\/radiorevelacionfm.cl\/index.php?rest_route=%2Fwp%2Fv2%2Fcategories&post=59877"},{"taxonomy":"post_tag","embeddable":true,"href":"https:\/\/radiorevelacionfm.cl\/index.php?rest_route=%2Fwp%2Fv2%2Ftags&post=59877"}],"curies":[{"name":"wp","href":"https:\/\/api.w.org\/{rel}","templated":true}]}}